{"id":9998,"date":"2025-01-11T11:51:59","date_gmt":"2025-01-11T15:51:59","guid":{"rendered":"https:\/\/noticiasveraces.com\/?p=9998"},"modified":"2025-01-11T11:51:59","modified_gmt":"2025-01-11T15:51:59","slug":"captura-de-ucrania-a-dos-soldados-norcoreanos-en-kursk-dw-01-11-2025","status":"publish","type":"post","link":"https:\/\/noticiasveraces.com\/?p=9998","title":{"rendered":"Captura de Ucrania a dos soldados norcoreanos en Kursk \u2013 DW \u2013 01\/11\/2025"},"content":{"rendered":"<p> \n<\/p>\n<div>\n<p>El presidente ucraniano, Volodimir Zelenski, anunci\u00f3 este s\u00e1bado (11.01.2025) que las fuerzas ucranianas arrestaron a dos soldados norcoreanos en la regi\u00f3n rusa de Kursk, donde Kiev trata de mantener los territorios capturados en una ofensiva sorpresa en 2024.<\/p>\n<p>\u00abDos soldados, aunque estaban heridos, sobrevivieron y fueron transportados a Kiev, donde se est\u00e1n comunicando ahora con el Servicio de Seguridad de Ucrania\u00bb, afirm\u00f3 el mandatario ucraniano en la red social X, en la que publicaron fotos que muestran supuestamente a los dos cautivos.<\/p>\n<p>\u00abNo fue una tarea f\u00e1cil: normalmente las fuerzas rusas y los otros militares norcoreanos ejecutan a sus heridos para borrar cualquier prueba de la implicaci\u00f3n de Corea del Norte en la guerra contra Ucrania\u00bb, a\u00f1adi\u00f3 Zelenski.<\/p>\n<blockquote class=\"tweet embed\" data-id=\"1878046090018042169\"\/>\n<p>El presidente se\u00f1al\u00f3 que, al igual que con el resto de prisioneros de guerra, Kiev les proporcionar\u00e1 la asistencia sanitaria necesaria y afirm\u00f3 que ha dado instrucciones a las fuerzas de seguridad para que la prensa tenga acceso a los prisioneros de guerra. \u00abEl mundo tiene que saber la verdad sobre lo que est\u00e1 pasando\u00bb, remach\u00f3.<\/p>\n<p>Esta semana Zelenski cifr\u00f3 en 4.000 las bajas norcoreanas en la regi\u00f3n rusa de Kursk, donde seg\u00fan los servicios de seguridad de Kiev se han desplegado 11.000 efectivos norcoreanos para apoyar a las fuerzas de Mosc\u00fa.<\/p>\n<p>(efe, afp, Reuters\/mn)<\/p>\n<\/p>\n<\/div>\n\n","protected":false},"excerpt":{"rendered":"<p>El presidente ucraniano, Volodimir Zelenski, anunci\u00f3 este s\u00e1bado (11.01.2025) que las fuerzas ucranianas arrestaron a dos soldados norcoreanos en la regi\u00f3n rusa de Kursk, donde Kiev trata de mantener los territorios capturados en una ofensiva sorpresa en 2024. \u00abDos soldados, aunque estaban heridos, sobrevivieron y fueron transportados a Kiev, donde se est\u00e1n comunicando ahora con &hellip;<\/p>\n","protected":false},"author":1,"featured_media":9999,"comment_status":"open","ping_status":"open","sticky":false,"template":"","format":"standard","meta":{"fifu_image_url":"https:\/\/static.dw.com\/image\/71059027_6.jpg","fifu_image_alt":"","footnotes":""},"categories":[13],"tags":[],"class_list":["post-9998","post","type-post","status-publish","format-standard","has-post-thumbnail","","category-mundo"],"_links":{"self":[{"href":"https:\/\/noticiasveraces.com\/index.php?rest_route=\/wp\/v2\/posts\/9998","targetHints":{"allow":["GET"]}}],"collection":[{"href":"https:\/\/noticiasveraces.com\/index.php?rest_route=\/wp\/v2\/posts"}],"about":[{"href":"https:\/\/noticiasveraces.com\/index.php?rest_route=\/wp\/v2\/types\/post"}],"author":[{"embeddable":true,"href":"https:\/\/noticiasveraces.com\/index.php?rest_route=\/wp\/v2\/users\/1"}],"replies":[{"embeddable":true,"href":"https:\/\/noticiasveraces.com\/index.php?rest_route=%2Fwp%2Fv2%2Fcomments&post=9998"}],"version-history":[{"count":0,"href":"https:\/\/noticiasveraces.com\/index.php?rest_route=\/wp\/v2\/posts\/9998\/revisions"}],"wp:featuredmedia":[{"embeddable":true,"href":"https:\/\/noticiasveraces.com\/index.php?rest_route=\/wp\/v2\/media\/9999"}],"wp:attachment":[{"href":"https:\/\/noticiasveraces.com\/index.php?rest_route=%2Fwp%2Fv2%2Fmedia&parent=9998"}],"wp:term":[{"taxonomy":"category","embeddable":true,"href":"https:\/\/noticiasveraces.com\/index.php?rest_route=%2Fwp%2Fv2%2Fcategories&post=9998"},{"taxonomy":"post_tag","embeddable":true,"href":"https:\/\/noticiasveraces.com\/index.php?rest_route=%2Fwp%2Fv2%2Ftags&post=9998"}],"curies":[{"name":"wp","href":"https:\/\/api.w.org\/{rel}","templated":true}]}}