{"id":9989,"date":"2025-01-11T09:49:45","date_gmt":"2025-01-11T13:49:45","guid":{"rendered":"https:\/\/noticiasveraces.com\/?p=9989"},"modified":"2025-01-11T09:49:45","modified_gmt":"2025-01-11T13:49:45","slug":"malala-yousafzai-regresa-a-pakistan-por-tercera-vez-dw-01-11-2025","status":"publish","type":"post","link":"https:\/\/noticiasveraces.com\/?p=9989","title":{"rendered":"Malala Yousafzai regresa a Pakist\u00e1n por tercera vez \u2013 DW \u2013 01\/11\/2025"},"content":{"rendered":"<p> \n<\/p>\n<div>\n<p>La ganadora del Premio Nobel de la Paz Malala Yousafzai lleg\u00f3 a Pakist\u00e1n este s\u00e1bado (11.01.2025) para participar en una cumbre mundial centrada en la educaci\u00f3n de las ni\u00f1as en las comunidades musulmanas. Esta es su tercera visita a su pa\u00eds natal desde que fue baleada por los talibanes paquistan\u00edes en 2012.<\/p>\n<p>El regreso de Yousafzai coincide con el inicio de la Conferencia Internacional de dos d\u00edas sobre \u00abLa educaci\u00f3n de las ni\u00f1as en las comunidades musulmanas: desaf\u00edos y oportunidades\u00bb, en el que la activista de 27 a\u00f1os participa como invitada de honor.<\/p>\n<p>Malala fue atacada en 2012 cuando se dirigi\u00f3 a la escuela por su activismo en favor de la educaci\u00f3n de las ni\u00f1as en el valle del Swat, en el norte de Pakist\u00e1n. En esa regi\u00f3n, la rama paquistan\u00ed de los talibanes hab\u00eda impuesto un estricto r\u00e9gimen que prohib\u00eda la asistencia de las ni\u00f1as a las escuelas.<\/p>\n<p>Tras el ataque, fue evacuada al Reino Unido para recibir tratamiento m\u00e9dico y ha residido all\u00ed desde entonces. Su defensa de la educaci\u00f3n de las ni\u00f1as la impuls\u00f3 a la prominencia internacional, que culmin\u00f3 como la ganadora del Premio Nobel de la Paz m\u00e1s joven de la historia, a los 17 a\u00f1os.<\/p>\n<p>Pese a contar con una gran popularidad internacional, en su pa\u00eds no existe una opini\u00f3n \u00fanica o monol\u00edtica sobre ella. Sectores liberales y progresistas ven a Malala como un \u00edcono de valent\u00eda y resistencia contra la opresi\u00f3n talibana y la defensa de la educaci\u00f3n de las ni\u00f1as. Sin embargo, algunos grupos conservadores y religiosos en Pakist\u00e1n ven a la activista con recelo e incluso hostilidad. La acusan de ser un \u00abagente occidental\u00bb o de promover valores contrarios a la cultura y el Islam. Cuestionan su activismo y la consideran una figura controvertida.<\/p>\n<p>La cumbre, que comenz\u00f3 el s\u00e1bado por la ma\u00f1ana, ha atra\u00eddo a m\u00e1s de 150 dignatarios internacionales, incluidos ministros, embajadores, acad\u00e9micos y eruditos de 44 naciones musulmanas y aliadas, as\u00ed como representantes de organizaciones internacionales.<\/p>\n<p>(efe, afp\/min)<\/p>\n<\/p>\n<\/div>\n\n","protected":false},"excerpt":{"rendered":"<p>La ganadora del Premio Nobel de la Paz Malala Yousafzai lleg\u00f3 a Pakist\u00e1n este s\u00e1bado (11.01.2025) para participar en una cumbre mundial centrada en la educaci\u00f3n de las ni\u00f1as en las comunidades musulmanas. Esta es su tercera visita a su pa\u00eds natal desde que fue baleada por los talibanes paquistan\u00edes en 2012. El regreso de &hellip;<\/p>\n","protected":false},"author":1,"featured_media":9990,"comment_status":"open","ping_status":"open","sticky":false,"template":"","format":"standard","meta":{"fifu_image_url":"https:\/\/static.dw.com\/image\/71273072_6.jpg","fifu_image_alt":"","footnotes":""},"categories":[13],"tags":[],"class_list":["post-9989","post","type-post","status-publish","format-standard","has-post-thumbnail","","category-mundo"],"_links":{"self":[{"href":"https:\/\/noticiasveraces.com\/index.php?rest_route=\/wp\/v2\/posts\/9989","targetHints":{"allow":["GET"]}}],"collection":[{"href":"https:\/\/noticiasveraces.com\/index.php?rest_route=\/wp\/v2\/posts"}],"about":[{"href":"https:\/\/noticiasveraces.com\/index.php?rest_route=\/wp\/v2\/types\/post"}],"author":[{"embeddable":true,"href":"https:\/\/noticiasveraces.com\/index.php?rest_route=\/wp\/v2\/users\/1"}],"replies":[{"embeddable":true,"href":"https:\/\/noticiasveraces.com\/index.php?rest_route=%2Fwp%2Fv2%2Fcomments&post=9989"}],"version-history":[{"count":0,"href":"https:\/\/noticiasveraces.com\/index.php?rest_route=\/wp\/v2\/posts\/9989\/revisions"}],"wp:featuredmedia":[{"embeddable":true,"href":"https:\/\/noticiasveraces.com\/index.php?rest_route=\/wp\/v2\/media\/9990"}],"wp:attachment":[{"href":"https:\/\/noticiasveraces.com\/index.php?rest_route=%2Fwp%2Fv2%2Fmedia&parent=9989"}],"wp:term":[{"taxonomy":"category","embeddable":true,"href":"https:\/\/noticiasveraces.com\/index.php?rest_route=%2Fwp%2Fv2%2Fcategories&post=9989"},{"taxonomy":"post_tag","embeddable":true,"href":"https:\/\/noticiasveraces.com\/index.php?rest_route=%2Fwp%2Fv2%2Ftags&post=9989"}],"curies":[{"name":"wp","href":"https:\/\/api.w.org\/{rel}","templated":true}]}}