{"id":9983,"date":"2025-01-11T08:49:06","date_gmt":"2025-01-11T12:49:06","guid":{"rendered":"https:\/\/noticiasveraces.com\/?p=9983"},"modified":"2025-01-11T08:49:06","modified_gmt":"2025-01-11T12:49:06","slug":"el-gobierno-de-biden-es-criticado-por-esperar-para-declarar-genocidio-en-sudan","status":"publish","type":"post","link":"https:\/\/noticiasveraces.com\/?p=9983","title":{"rendered":"El gobierno de Biden es criticado por \u00abesperar\u00bb para declarar genocidio en Sud\u00e1n"},"content":{"rendered":"<p> \n<\/p>\n<div>\n<div class=\"article-gating gated-overlay\">\n<div class=\"article-gating-wrapper\">\n<p>\u00danase a Fox News para acceder a este contenido<\/p>\n<p>Adem\u00e1s, acceso especial a art\u00edculos seleccionados y otro contenido premium con su cuenta, sin cargo.<\/p>\n<div class=\"article-gating-legal tablet-desktop\">Al ingresar su correo electr\u00f3nico y presionar Continuar, acepta los T\u00e9rminos de uso y la Pol\u00edtica de privacidad de Fox News, que incluye nuestro Aviso de incentivo financiero.\n    <\/div>\n<p><span>Por favor, introduce una direcci\u00f3n de correo electr\u00f3nico v\u00e1lida.<\/span><\/p>\n<footer class=\"article-gating-footer\">\u00bfTienes problemas? Haga clic aqu\u00ed.<\/footer>\n<\/div>\n<\/div>\n<p class=\"speakable\">JOHANNESBURGO, Sud\u00e1frica &#8211; La administraci\u00f3n Biden ha sido criticada por el presidente entrante del Comit\u00e9 de Relaciones Exteriores del Senado, el senador Jim Risch, republicano por Idaho, por \u00abesperar\u00bb hasta que al presidente saliente solo le quedaran 13 d\u00edas en el cargo antes de declararse rebelde. acciones en Sud\u00e1n, un pa\u00eds desgarrado por 21 meses de amarga guerra, fueron \u00abgenocidio\u00bb.<\/p>\n<p class=\"speakable\">A principios de esta semana, el secretario de Estado, Antony Blinken, declar\u00f3 que miembros del grupo rebelde sudan\u00e9s, las Fuerzas de Apoyo R\u00e1pido o RSF, \u00abhan cometido genocidio en Sud\u00e1n\u00bb. <\/p>\n<p>En una declaraci\u00f3n, Blinken dijo: \u00abEstados Unidos est\u00e1 comprometido a responsabilizar a los responsables de estas atrocidades. Estamos sancionando al l\u00edder de RSF, Mohammad Hamdan Daglo Mousa, conocido como Hemedti, por su papel en atrocidades sistem\u00e1ticas cometidas contra el pueblo sudan\u00e9s\u00bb.<\/p>\n<p><strong>ADMINISTRADOR DE BIDEN-HARRIS ACUSADO DE &#8216;MUY POCO, DEMASIADO TARDE&#8217; PARA SALVAR AL PUEBLO DE SUD\u00c1N DESGASTADO POR LA GUERRA Y EL HAMBRE<\/strong><\/p>\n<div class=\"image-ct inline\">\n<div class=\"m\"><picture><source media=\"(max-width: 767px)\" srcset=\"https:\/\/a57.foxnews.com\/static.foxnews.com\/foxnews.com\/content\/uploads\/2024\/07\/343\/192\/GettyImages-2147727241-scaled-e1720545151878.jpg?ve=1&amp;tl=1, https:\/\/a57.foxnews.com\/static.foxnews.com\/foxnews.com\/content\/uploads\/2024\/07\/686\/384\/GettyImages-2147727241-scaled-e1720545151878.jpg?ve=1&amp;tl=1 2x\" height=\"192\" width=\"343\"><source media=\"(min-width: 768px) and (max-width: 1023px)\" srcset=\"https:\/\/a57.foxnews.com\/static.foxnews.com\/foxnews.com\/content\/uploads\/2024\/07\/672\/378\/GettyImages-2147727241-scaled-e1720545151878.jpg?ve=1&amp;tl=1, https:\/\/a57.foxnews.com\/static.foxnews.com\/foxnews.com\/content\/uploads\/2024\/07\/1344\/756\/GettyImages-2147727241-scaled-e1720545151878.jpg?ve=1&amp;tl=1 2x\" height=\"378\" width=\"672\"><source media=\"(min-width: 1024px) and (max-width: 1279px)\" srcset=\"https:\/\/a57.foxnews.com\/static.foxnews.com\/foxnews.com\/content\/uploads\/2024\/07\/931\/523\/GettyImages-2147727241-scaled-e1720545151878.jpg?ve=1&amp;tl=1, https:\/\/a57.foxnews.com\/static.foxnews.com\/foxnews.com\/content\/uploads\/2024\/07\/1862\/1046\/GettyImages-2147727241-scaled-e1720545151878.jpg?ve=1&amp;tl=1 2x\" height=\"523\" width=\"931\"><source media=\"(min-width: 1280px)\" srcset=\"https:\/\/a57.foxnews.com\/static.foxnews.com\/foxnews.com\/content\/uploads\/2024\/07\/720\/405\/GettyImages-2147727241-scaled-e1720545151878.jpg?ve=1&amp;tl=1, https:\/\/a57.foxnews.com\/static.foxnews.com\/foxnews.com\/content\/uploads\/2024\/07\/1440\/810\/GettyImages-2147727241-scaled-e1720545151878.jpg?ve=1&amp;tl=1 2x\" height=\"405\" width=\"720\"><img loading=\"lazy\" decoding=\"async\" src=\"https:\/\/a57.foxnews.com\/static.foxnews.com\/foxnews.com\/content\/uploads\/2024\/07\/1200\/675\/GettyImages-2147727241-scaled-e1720545151878.jpg?ve=1&amp;tl=1\" alt=\"Biden parpadea\" width=\"1200\" height=\"675\"\/><\/source><\/source><\/source><\/source><\/picture><\/div>\n<div class=\"info\">\n<div class=\"caption\">\n<p><span>El presidente estadounidense Joe Biden habla con el secretario de Estado Antony Blinken (R) durante una reuni\u00f3n trilateral con el primer ministro japon\u00e9s Fumio Kishida y el presidente filipino Ferdinand Marcos en el Sal\u00f3n Este de la Casa Blanca el 11 de abril de 2024, en Washington, DC L\u00edderes del Tres naciones se est\u00e1n reuniendo en una cumbre trilateral por primera vez en una muestra de solidaridad, ya que la asertividad de China en el Mar de China Meridional ha aumentado las tensiones en la regi\u00f3n. <\/span> <span>(Foto de Andrew Harnik\/Getty Images).<\/span><\/p>\n<\/div>\n<\/div>\n<\/div>\n<p>Blinken tom\u00f3 sus decisiones, afirm\u00f3, porque \u00ablas RSF y las milicias alineadas con las RSF han seguido dirigiendo ataques contra civiles, han asesinado sistem\u00e1ticamente a hombres y ni\u00f1os, incluso beb\u00e9s, por motivos \u00e9tnicos, y (han) atacado deliberadamente a mujeres y ni\u00f1as de ciertos grupos \u00e9tnicos por violaci\u00f3n y otras formas de violencia sexual brutal\u00bb.<\/p>\n<p>El Secretario continu\u00f3: \u00abEsas mismas milicias han atacado a civiles que huyen, han asesinado a personas inocentes que escapaban del conflicto y han impedido que los civiles restantes accedan a suministros que salvan vidas\u00bb.<\/p>\n<p>Blinken a\u00f1adi\u00f3 que la naci\u00f3n africana est\u00e1 sufriendo \u00abun conflicto de brutalidad absoluta que ha resultado en la mayor cat\u00e1strofe humanitaria del mundo, dejando a 638.000 sudaneses experimentando la peor hambruna en la historia reciente de Sud\u00e1n, a m\u00e1s de 30 millones de personas necesitadas de asistencia humanitaria y a decenas de miles de muertos.\u00bb<\/p>\n<p>Risch ha sostenido que la situaci\u00f3n en Sud\u00e1n ha sido catastr\u00f3fica durante m\u00e1s de un a\u00f1o y cuestion\u00f3 el momento de la declaraci\u00f3n de Blinken. En una declaraci\u00f3n a principios de esta semana, escribi\u00f3: \u00abHa pasado casi un a\u00f1o desde que present\u00e9 una resoluci\u00f3n llamando a las atrocidades en Sud\u00e1n lo que son: un genocidio. Adem\u00e1s, primero ped\u00ed que se impusieran sanciones Global Magnitsky contra RSF y Hemedti hace 263 d\u00edas y, sin embargo, estas sanciones a\u00fan no se han aplicado\u00bb.<\/p>\n<p><strong><u>BIDEN VIAJA A \u00c1FRICA DONDE LAS POL\u00cdTICAS FUERON &#8216;SOBREPROMETIDAS Y POCO CUMPLIDAS&#8217;, EN MEDIO DE LA EXPANSI\u00d3N MASIVA DE CHINA<\/u><\/strong><\/p>\n<div class=\"image-ct inline\">\n<div class=\"m\"><picture><source media=\"(max-width: 767px)\" srcset=\"https:\/\/a57.foxnews.com\/static.foxnews.com\/foxnews.com\/content\/uploads\/2024\/06\/343\/192\/GettyImages-2113280516.jpg?ve=1&amp;tl=1, https:\/\/a57.foxnews.com\/static.foxnews.com\/foxnews.com\/content\/uploads\/2024\/06\/686\/384\/GettyImages-2113280516.jpg?ve=1&amp;tl=1 2x\" height=\"192\" width=\"343\"><source media=\"(min-width: 768px) and (max-width: 1023px)\" srcset=\"https:\/\/a57.foxnews.com\/static.foxnews.com\/foxnews.com\/content\/uploads\/2024\/06\/672\/378\/GettyImages-2113280516.jpg?ve=1&amp;tl=1, https:\/\/a57.foxnews.com\/static.foxnews.com\/foxnews.com\/content\/uploads\/2024\/06\/1344\/756\/GettyImages-2113280516.jpg?ve=1&amp;tl=1 2x\" height=\"378\" width=\"672\"><source media=\"(min-width: 1024px) and (max-width: 1279px)\" srcset=\"https:\/\/a57.foxnews.com\/static.foxnews.com\/foxnews.com\/content\/uploads\/2024\/06\/931\/523\/GettyImages-2113280516.jpg?ve=1&amp;tl=1, https:\/\/a57.foxnews.com\/static.foxnews.com\/foxnews.com\/content\/uploads\/2024\/06\/1862\/1046\/GettyImages-2113280516.jpg?ve=1&amp;tl=1 2x\" height=\"523\" width=\"931\"><source media=\"(min-width: 1280px)\" srcset=\"https:\/\/a57.foxnews.com\/static.foxnews.com\/foxnews.com\/content\/uploads\/2024\/06\/720\/405\/GettyImages-2113280516.jpg?ve=1&amp;tl=1, https:\/\/a57.foxnews.com\/static.foxnews.com\/foxnews.com\/content\/uploads\/2024\/06\/1440\/810\/GettyImages-2113280516.jpg?ve=1&amp;tl=1 2x\" height=\"405\" width=\"720\"><img loading=\"lazy\" decoding=\"async\" src=\"https:\/\/a57.foxnews.com\/static.foxnews.com\/foxnews.com\/content\/uploads\/2024\/06\/1200\/675\/GettyImages-2113280516.jpg?ve=1&amp;tl=1\" alt=\"Sud\u00e1n luchando\" width=\"1200\" height=\"675\"\/><\/source><\/source><\/source><\/source><\/picture><\/div>\n<div class=\"info\">\n<div class=\"caption\">\n<p><span>Combatientes del Movimiento de Liberaci\u00f3n de Sud\u00e1n, un grupo rebelde sudan\u00e9s activo en el estado de Darfur en Sud\u00e1n que apoya al jefe del ej\u00e9rcito Abdel Fattah al-Burhan, asisten a una ceremonia de graduaci\u00f3n en el estado de Gedaref, en el sureste de Sud\u00e1n, el 28 de marzo de 2024. <\/span> <span>(Foto de AFP a trav\u00e9s de Getty Images).<\/span><\/p>\n<\/div>\n<\/div>\n<\/div>\n<p>Risch habl\u00f3 con Fox News Digital y declar\u00f3: \u00abLa administraci\u00f3n Biden esper\u00f3 hasta tener menos de dos semanas en el cargo para sancionar a las empresas afiliadas a RSF.<strong> <\/strong>y Hemedti por sus cr\u00edmenes y calificar de genocidio las atrocidades cometidas en Sud\u00e1n\u00bb.<\/p>\n<p>Risch dijo: \u00abEsta negligencia a la hora de abordar la crisis en Sud\u00e1n debilit\u00f3 la influencia de Estados Unidos en la regi\u00f3n y en el mundo hace a\u00f1os. Si la Administraci\u00f3n Biden respaldara su ret\u00f3rica con acciones, Sud\u00e1n estar\u00eda hoy en una mejor posici\u00f3n, se salvar\u00edan m\u00e1s vidas y los representantes extranjeros que exacerban este conflicto ser\u00edan mantenidos a raya\u00bb.<\/p>\n<p>Risch a\u00f1adi\u00f3: \u00abEsta guerra debe terminar. Una mayor inestabilidad en Sud\u00e1n s\u00f3lo generar\u00e1 terrorismo y agitaci\u00f3n regional, amenazando la seguridad global. Estados Unidos y nuestros aliados deben tratar de poner fin a las matanzas y atrocidades, poner fin a las acciones malignas de sus representantes, gestionar las presiones migratorias de desplazamiento masivo y proteger intereses estrat\u00e9gicos como el corredor del Mar Rojo\u00bb.<\/p>\n<p><strong>EAU Y OTROS PA\u00cdSES ELIMINADOS DE LA LISTA DE VIGILANCIA INTERNACIONAL DE LAVADO DE DINERO<\/strong><\/p>\n<div class=\"image-ct inline\">\n<div class=\"m\"><picture><source media=\"(max-width: 767px)\" srcset=\"https:\/\/a57.foxnews.com\/static.foxnews.com\/foxnews.com\/content\/uploads\/2024\/02\/343\/192\/Sudan-Bus.jpg?ve=1&amp;tl=1, https:\/\/a57.foxnews.com\/static.foxnews.com\/foxnews.com\/content\/uploads\/2024\/02\/686\/384\/Sudan-Bus.jpg?ve=1&amp;tl=1 2x\" height=\"192\" width=\"343\"><source media=\"(min-width: 768px) and (max-width: 1023px)\" srcset=\"https:\/\/a57.foxnews.com\/static.foxnews.com\/foxnews.com\/content\/uploads\/2024\/02\/672\/378\/Sudan-Bus.jpg?ve=1&amp;tl=1, https:\/\/a57.foxnews.com\/static.foxnews.com\/foxnews.com\/content\/uploads\/2024\/02\/1344\/756\/Sudan-Bus.jpg?ve=1&amp;tl=1 2x\" height=\"378\" width=\"672\"><source media=\"(min-width: 1024px) and (max-width: 1279px)\" srcset=\"https:\/\/a57.foxnews.com\/static.foxnews.com\/foxnews.com\/content\/uploads\/2024\/02\/931\/523\/Sudan-Bus.jpg?ve=1&amp;tl=1, https:\/\/a57.foxnews.com\/static.foxnews.com\/foxnews.com\/content\/uploads\/2024\/02\/1862\/1046\/Sudan-Bus.jpg?ve=1&amp;tl=1 2x\" height=\"523\" width=\"931\"><source media=\"(min-width: 1280px)\" srcset=\"https:\/\/a57.foxnews.com\/static.foxnews.com\/foxnews.com\/content\/uploads\/2024\/02\/720\/405\/Sudan-Bus.jpg?ve=1&amp;tl=1, https:\/\/a57.foxnews.com\/static.foxnews.com\/foxnews.com\/content\/uploads\/2024\/02\/1440\/810\/Sudan-Bus.jpg?ve=1&amp;tl=1 2x\" height=\"405\" width=\"720\"><img loading=\"lazy\" decoding=\"async\" src=\"https:\/\/a57.foxnews.com\/static.foxnews.com\/foxnews.com\/content\/uploads\/2024\/02\/1200\/675\/Sudan-Bus.jpg?ve=1&amp;tl=1\" alt=\"Autob\u00fas de Sud\u00e1n\" width=\"1200\" height=\"675\"\/><\/source><\/source><\/source><\/source><\/picture><\/div>\n<div class=\"info\">\n<div class=\"caption\">\n<p><span>La gente sube a un cami\u00f3n cuando salen de Jartum, Sud\u00e1n, el 19 de junio de 2023. La oficina de derechos humanos de la ONU dijo en un nuevo informe del viernes 23 de febrero de 2024 que decenas de personas, incluidos ni\u00f1os, han sido sometidas a violaciones y otras formas de violencia sexual en el actual conflicto en Sud\u00e1n, agresiones que pueden constituir cr\u00edmenes de guerra.<\/span> <span>(Foto AP, archivo)<\/span><\/p>\n<\/div>\n<\/div>\n<\/div>\n<p>En una declaraci\u00f3n a Fox News Digital, el enviado especial de Estados Unidos para Sud\u00e1n, Thomas Perriello, dijo: \u00abTomar una determinaci\u00f3n de atrocidad es una inmensa responsabilidad que el Secretario toma en serio. Dichas determinaciones se basan en una revisi\u00f3n cuidadosa de los hechos y la ley. requiere informaci\u00f3n no s\u00f3lo de ciertos actos sino tambi\u00e9n de que esos actos fueron realizados con la intenci\u00f3n espec\u00edfica de destruir, en su totalidad o en parte sustancial, a un grupo racial, \u00e9tnico, nacional o religioso. La informaci\u00f3n que demuestra la intenci\u00f3n a menudo es dif\u00edcil de encontrar y evaluar. \u00ab<\/p>\n<p>\u00abDesde el inicio del conflicto, Estados Unidos ha tomado medidas repetidas para promover la rendici\u00f3n de cuentas de las RSF por su conducta de atrocidades. Estados Unidos ya hab\u00eda sancionado a cinco l\u00edderes de las RSF, incluidos dos de los hermanos de Hemedti. Tambi\u00e9n determinamos en diciembre de 2023 que los miembros de las RSF RSF cometi\u00f3 limpieza \u00e9tnica, cr\u00edmenes contra la humanidad y cr\u00edmenes de guerra. Por lo tanto, la designaci\u00f3n de Hemedti y la determinaci\u00f3n de genocidio reflejan un esfuerzo constante por documentar y denunciar las atrocidades, reconocer el sufrimiento de las v\u00edctimas y sobrevivientes y buscar justicia y rendici\u00f3n de cuentas\u00bb.<\/p>\n<p>En su declaraci\u00f3n, Blinken anunci\u00f3 nuevas sanciones afirmando: \u00abTambi\u00e9n estamos sancionando a siete empresas propiedad de las RSF ubicadas en los Emiratos \u00c1rabes Unidos (EAU) y a un individuo por su papel en la adquisici\u00f3n de armas para las RSF\u00bb.<\/p>\n<p>El Departamento del Tesoro tambi\u00e9n envi\u00f3 un comunicado, pr\u00e1cticamente simult\u00e1neamente al del Estado, diciendo que \u00abla capacidad de las RSF para adquirir equipo militar y generar finanzas contin\u00faa alimentando el conflicto en Sud\u00e1n\u00bb. El Tesoro afirm\u00f3 que una empresa concreta de los Emiratos \u00c1rabes Unidos, propiedad de un ciudadano sudan\u00e9s, \u00abha proporcionado dinero y armas a las RSF\u00bb.  <\/p>\n<p>Otras empresas de los EAU sancionadas la semana pasada han sido acusadas por el Departamento del Tesoro de gestionar transacciones financieras, de ser \u00abuna parte esencial de los esfuerzos de RSF para financiar sus operaciones\u00bb y de importar equipos inform\u00e1ticos y de seguridad.<\/p>\n<p>Una empresa aur\u00edfera de los Emiratos \u00c1rabes Unidos ha sido sancionada porque supuestamente \u00abcompr\u00f3 oro de Sud\u00e1n, presumiblemente para beneficio de las RSF, y posteriormente lo transport\u00f3 a Dubai\u00bb. Adem\u00e1s, el Tesoro afirm\u00f3 que \u00abel director de adquisiciones de RSF y hermano del l\u00edder de RSF, Hemedti, mantuvo acceso a la cuenta bancaria (de la compa\u00f1\u00eda de oro) en los Emiratos \u00c1rabes Unidos, que conten\u00eda millones de d\u00f3lares\u00bb.<\/p>\n<div class=\"image-ct inline\">\n<div class=\"m\"><picture><source media=\"(max-width: 767px)\" srcset=\"https:\/\/a57.foxnews.com\/static.foxnews.com\/foxnews.com\/content\/uploads\/2023\/11\/343\/192\/2023-11-22T112909Z_1492647660_RC2C84AQJCFQ_RTRMADP_3_SUDAN-POLITICS-DARFUR-ATTACKS.jpg?ve=1&amp;tl=1, https:\/\/a57.foxnews.com\/static.foxnews.com\/foxnews.com\/content\/uploads\/2023\/11\/686\/384\/2023-11-22T112909Z_1492647660_RC2C84AQJCFQ_RTRMADP_3_SUDAN-POLITICS-DARFUR-ATTACKS.jpg?ve=1&amp;tl=1 2x\" height=\"192\" width=\"343\"><source media=\"(min-width: 768px) and (max-width: 1023px)\" srcset=\"https:\/\/a57.foxnews.com\/static.foxnews.com\/foxnews.com\/content\/uploads\/2023\/11\/672\/378\/2023-11-22T112909Z_1492647660_RC2C84AQJCFQ_RTRMADP_3_SUDAN-POLITICS-DARFUR-ATTACKS.jpg?ve=1&amp;tl=1, https:\/\/a57.foxnews.com\/static.foxnews.com\/foxnews.com\/content\/uploads\/2023\/11\/1344\/756\/2023-11-22T112909Z_1492647660_RC2C84AQJCFQ_RTRMADP_3_SUDAN-POLITICS-DARFUR-ATTACKS.jpg?ve=1&amp;tl=1 2x\" height=\"378\" width=\"672\"><source media=\"(min-width: 1024px) and (max-width: 1279px)\" srcset=\"https:\/\/a57.foxnews.com\/static.foxnews.com\/foxnews.com\/content\/uploads\/2023\/11\/931\/523\/2023-11-22T112909Z_1492647660_RC2C84AQJCFQ_RTRMADP_3_SUDAN-POLITICS-DARFUR-ATTACKS.jpg?ve=1&amp;tl=1, https:\/\/a57.foxnews.com\/static.foxnews.com\/foxnews.com\/content\/uploads\/2023\/11\/1862\/1046\/2023-11-22T112909Z_1492647660_RC2C84AQJCFQ_RTRMADP_3_SUDAN-POLITICS-DARFUR-ATTACKS.jpg?ve=1&amp;tl=1 2x\" height=\"523\" width=\"931\"><source media=\"(min-width: 1280px)\" srcset=\"https:\/\/a57.foxnews.com\/static.foxnews.com\/foxnews.com\/content\/uploads\/2023\/11\/720\/405\/2023-11-22T112909Z_1492647660_RC2C84AQJCFQ_RTRMADP_3_SUDAN-POLITICS-DARFUR-ATTACKS.jpg?ve=1&amp;tl=1, https:\/\/a57.foxnews.com\/static.foxnews.com\/foxnews.com\/content\/uploads\/2023\/11\/1440\/810\/2023-11-22T112909Z_1492647660_RC2C84AQJCFQ_RTRMADP_3_SUDAN-POLITICS-DARFUR-ATTACKS.jpg?ve=1&amp;tl=1 2x\" height=\"405\" width=\"720\"><img loading=\"lazy\" decoding=\"async\" src=\"https:\/\/a57.foxnews.com\/static.foxnews.com\/foxnews.com\/content\/uploads\/2023\/11\/1200\/675\/2023-11-22T112909Z_1492647660_RC2C84AQJCFQ_RTRMADP_3_SUDAN-POLITICS-DARFUR-ATTACKS.jpg?ve=1&amp;tl=1\" alt=\"Masacre en Sud\u00e1n\" width=\"1200\" height=\"675\"\/><\/source><\/source><\/source><\/source><\/picture><\/div>\n<div class=\"info\">\n<div class=\"caption\">\n<p><span>Mujeres de El Geneina, Darfur Occidental, lloran despu\u00e9s de recibir noticias de sus familiares desaparecidos en Ardamata, mientras los esperaban en Adre, Chad, el 7 de noviembre de 2023. Ardamata fue el \u00faltimo lugar de una purga \u00e9tnica liderada por las RSF y sus aliados \u00e1rabes. milicias contra la tribu \u00e9tnica africana Masalit. <\/span> <span>(Reuters\/El Tayeb Siddig. )<\/span><\/p>\n<\/div>\n<\/div>\n<\/div>\n<p>\u00abEstados Unidos sigue pidiendo el fin de este conflicto que pone en peligro vidas de civiles inocentes\u00bb, afirm\u00f3 el subsecretario del Tesoro, Wally Adeyemo. \u00abEl Departamento del Tesoro sigue comprometido a utilizar todas las herramientas disponibles para responsabilizar a los responsables de violar los derechos humanos del pueblo sudan\u00e9s\u00bb.<\/p>\n<p>En respuesta a las preguntas de Fox News Digital sobre empresas registradas en los EAU, un funcionario de su Ministerio de Asuntos Exteriores respondi\u00f3 afirmando. \u00abEl objetivo principal de los Emiratos \u00c1rabes Unidos en Sud\u00e1n sigue siendo abordar la catastr\u00f3fica crisis humanitaria. Seguimos pidiendo un alto el fuego inmediato y una resoluci\u00f3n pac\u00edfica de este conflicto provocado por el hombre. En este sentido, los Emiratos \u00c1rabes Unidos ya han dejado absolutamente claro que es no proporcionar ning\u00fan apoyo o suministros a ninguna de las dos partes beligerantes en Sud\u00e1n.\u00bb<\/p>\n<p><strong>HAGA CLIC AQU\u00cd PARA OBTENER LA APLICACI\u00d3N FOX NEWS<\/strong><\/p>\n<p>El funcionario continu\u00f3: \u00abLos Emiratos \u00c1rabes Unidos se toman muy en serio su papel de proteger la integridad del sistema financiero internacional. Seguimos comprometidos a combatir los delitos financieros a nivel mundial, mejorar la cooperaci\u00f3n internacional y desarrollar estrategias para abordar los riesgos emergentes\u00bb.<\/p>\n<\/div>\n\n","protected":false},"excerpt":{"rendered":"<p>\u00danase a Fox News para acceder a este contenido Adem\u00e1s, acceso especial a art\u00edculos seleccionados y otro contenido premium con su cuenta, sin cargo. Al ingresar su correo electr\u00f3nico y presionar Continuar, acepta los T\u00e9rminos de uso y la Pol\u00edtica de privacidad de Fox News, que incluye nuestro Aviso de incentivo financiero. Por favor, introduce &hellip;<\/p>\n","protected":false},"author":1,"featured_media":9985,"comment_status":"open","ping_status":"open","sticky":false,"template":"","format":"standard","meta":{"fifu_image_url":"https:\/\/static.foxnews.com\/foxnews.com\/content\/uploads\/2024\/07\/GettyImages-2147727241-scaled-e1720545151878.jpg","fifu_image_alt":"","footnotes":""},"categories":[13],"tags":[],"class_list":["post-9983","post","type-post","status-publish","format-standard","has-post-thumbnail","","category-mundo"],"_links":{"self":[{"href":"https:\/\/noticiasveraces.com\/index.php?rest_route=\/wp\/v2\/posts\/9983","targetHints":{"allow":["GET"]}}],"collection":[{"href":"https:\/\/noticiasveraces.com\/index.php?rest_route=\/wp\/v2\/posts"}],"about":[{"href":"https:\/\/noticiasveraces.com\/index.php?rest_route=\/wp\/v2\/types\/post"}],"author":[{"embeddable":true,"href":"https:\/\/noticiasveraces.com\/index.php?rest_route=\/wp\/v2\/users\/1"}],"replies":[{"embeddable":true,"href":"https:\/\/noticiasveraces.com\/index.php?rest_route=%2Fwp%2Fv2%2Fcomments&post=9983"}],"version-history":[{"count":0,"href":"https:\/\/noticiasveraces.com\/index.php?rest_route=\/wp\/v2\/posts\/9983\/revisions"}],"wp:featuredmedia":[{"embeddable":true,"href":"https:\/\/noticiasveraces.com\/index.php?rest_route=\/wp\/v2\/media\/9985"}],"wp:attachment":[{"href":"https:\/\/noticiasveraces.com\/index.php?rest_route=%2Fwp%2Fv2%2Fmedia&parent=9983"}],"wp:term":[{"taxonomy":"category","embeddable":true,"href":"https:\/\/noticiasveraces.com\/index.php?rest_route=%2Fwp%2Fv2%2Fcategories&post=9983"},{"taxonomy":"post_tag","embeddable":true,"href":"https:\/\/noticiasveraces.com\/index.php?rest_route=%2Fwp%2Fv2%2Ftags&post=9983"}],"curies":[{"name":"wp","href":"https:\/\/api.w.org\/{rel}","templated":true}]}}