{"id":9981,"date":"2025-01-11T08:35:12","date_gmt":"2025-01-11T12:35:12","guid":{"rendered":"https:\/\/noticiasveraces.com\/?p=9981"},"modified":"2025-01-11T08:35:12","modified_gmt":"2025-01-11T12:35:12","slug":"la-diocesis-de-tui-vigo-consciente-de-homenajear-a-un-cura-acusado-de-pederastia-sociedad","status":"publish","type":"post","link":"https:\/\/noticiasveraces.com\/?p=9981","title":{"rendered":"La di\u00f3cesis de Tui-Vigo consciente de homenajear a un cura acusado de pederastia | Sociedad"},"content":{"rendered":"<p> \n<\/p>\n<div data-dtm-region=\"articulo_cuerpo\">\n<p class=\"\"><i>EL PA\u00cdS puso en marcha en 2018 una investigaci\u00f3n de la pederastia en la Iglesia espa\u00f1ola y tiene una <\/i><i>base de datos<\/i><i>  actualizada con todos los casos conocidos. Si conoce alg\u00fan caso que no haya visto la luz, nos puede escribir a: <\/i><i>abusos@elpais.es<\/i><i>  Si es un caso en Am\u00e9rica Latina, la direcci\u00f3n es: <\/i><i>abusosamerica@elpais.es<\/i><\/p>\n<p class=\"\">\u2500\u2500\u2500\u2500\u2500\u2500\u2500\u2500\u2500<\/p>\n<p class=\"\">La parroquia de Santa Marta, en Pontevedra, celebr\u00f3 el pasado 19 de diciembre una eucarist\u00eda de acci\u00f3n de gracias por el 65\u00ba aniversario de ordenaci\u00f3n sacerdotal de Manuel Rodr\u00edguez Hermelo, quien fue el primer sacerdote tras la fundaci\u00f3n del templo en 1994 y estuvo al frente de ella hasta agosto de 2021. La di\u00f3cesis de Tui-Vigo permiti\u00f3 el homenaje y lo report\u00f3 en su p\u00e1gina web y en sus redes sociales, aunque el viernes borr\u00f3 las horas despu\u00e9s de ser contactada por este diario. Conoc\u00eda desde el mes de mayo, a trav\u00e9s de EL PA\u00cdS, que este cura est\u00e1 acusado de abuso de menores por un exalumno del Seminario Menor de Tui.<b> <\/b>entre 1969 y 1971, un caso que estar\u00eda prescrito para la justicia.<b> <\/b>El testimonio estaba incluido en el quinto informe que este diario entreg\u00f3 el pasado 30 de mayo al Defensor del Pueblo, a la Conferencia Episcopal Espa\u00f1ola (CEE) y al Vaticano con 79 nuevas acusaciones de pederastia contra 87 cl\u00e9rigos, una informaci\u00f3n que obliga a los obispos. a abrir una investigaci\u00f3n, seg\u00fan la normativa dictada por el Papa.<\/p>\n<p class=\"\">Uno de los acusados \u200b\u200bes Rodr\u00edguez Hermelo. La persona que lo denuncia, cuya identidad estaba protegida en el informe, al igual que la del resto de testimonios, es Gonzalo Tom\u00e9 Fern\u00e1ndez, de 68 a\u00f1os. Ahora desea salir a la luz para reafirmar su acusaci\u00f3n, que tambi\u00e9n ha comunicado a la oficina de atenci\u00f3n a las v\u00edctimas de pederastia en la Iglesia del Defensor del Pueblo. \u00c9l no se muestra sorprendido con el homenaje. \u201cPor desgracia, las cosas funcionan as\u00ed\u201d, opina.<\/p>\n<p class=\"\">El sacerdote, contactado por este diario el martes pasado, se mostr\u00f3 desconcertado y muy sorprendido. En una llamada telef\u00f3nica, neg\u00f3 haber cometido abusos sexuales a menores: \u201cYo estuve en el Seminario Menor y hubo unos peque\u00f1os juegos, pero no llegaron a eso\u201d. En ese momento la llamada fue interrumpida. Tampoco fue posible recuperar la conversaci\u00f3n al realizar un segundo intento: \u201cHe cortado yo, no vuelva a llamar, por favor\u201d, respondi\u00f3 una mujer que atiende las llamadas de la residencia de Vigo donde el cura vive actualmente.<\/p>\n<p class=\"\">Rodr\u00edguez Hermelo, octogenario y natural de Ald\u00e1n (Pontevedra), fue ordenado en 1959. A lo largo de su vida fue rector del Seminario Menor de Tui y del Seminario Mayor de Vigo, delegado diocesano de Pastoral familiar, profesor de religi\u00f3n en distintos institutos gallegos , p\u00e1rroco de Santa Marta y presb\u00edtero del arciprestazgo Vigo-As Travesas.<\/p>\n<p class=\"\">El vicario de Pastoral de la di\u00f3cesis de Tui-Vigo, Jos\u00e9 Vidal Novoa, reconoce tener constancia de las acusaciones del quinto expediente de EL PA\u00cdS con \u201clos supuestos casos de abuso sexual\u201d, aunque alega que en este se conocen los nombres de los acusados , pero no los de las v\u00edctimas. Motivo por el cual, explica, el obispado no impidi\u00f3 el homenaje a Rodr\u00edguez Hermelo, lo que supone desobedecer las normas del Papa. Precisa no haber recibido ninguna acusaci\u00f3n contra el cura por los canales que su entidad tiene habilitados para investigar estas denuncias. Cuenta que su di\u00f3cesis se comunic\u00f3 con este diario para solicitar el contacto de los denunciantes y facilitarles los canales que su entidad tiene habilitados para recoger las acusaciones.<\/p>\n<figure class=\"a_m a_m-h \"><span class=\"_db a_m_w _pr lb_btn\"><img alt=\"Captura de pantalla de la publicaci\u00f3n del homenaje a Manuel Rodr\u00edguez Hermelo en la p\u00e1gina web de la di\u00f3cesis de Tui-Vigo antes de ser borrada por esta entidad.\" decoding=\"auto\" class=\"_re lazyload a_m-h\" height=\"311\" srcset=\"https:\/\/imagenes.elpais.com\/resizer\/v2\/2V3M3JBNINAZ3P3DEQOEXLBHB4.jpg?auth=d9d4d8ebf490e34b5ede61b000b687c025b6df4bd5ccb13b6cd08353126615ed&amp;width=414 414w,https:\/\/imagenes.elpais.com\/resizer\/v2\/2V3M3JBNINAZ3P3DEQOEXLBHB4.jpg?auth=d9d4d8ebf490e34b5ede61b000b687c025b6df4bd5ccb13b6cd08353126615ed&amp;width=828 640w,https:\/\/imagenes.elpais.com\/resizer\/v2\/2V3M3JBNINAZ3P3DEQOEXLBHB4.jpg?auth=d9d4d8ebf490e34b5ede61b000b687c025b6df4bd5ccb13b6cd08353126615ed&amp;width=980 1000w,https:\/\/imagenes.elpais.com\/resizer\/v2\/2V3M3JBNINAZ3P3DEQOEXLBHB4.jpg?auth=d9d4d8ebf490e34b5ede61b000b687c025b6df4bd5ccb13b6cd08353126615ed&amp;width=1960 1960w\" width=\"414\" sizes=\"auto, (min-width:1199px) 1155px,(min-width:1001px) calc(100vw - 44px),(min-width:768px) 767px, 100vw\" src=\"https:\/\/imagenes.elpais.com\/resizer\/v2\/2V3M3JBNINAZ3P3DEQOEXLBHB4.jpg?auth=d9d4d8ebf490e34b5ede61b000b687c025b6df4bd5ccb13b6cd08353126615ed&amp;width=414\" loading=\"lazy\"\/><svg class=\"icon_multimedia_ampliar | _pa a_m_i a_m_i-a _dn\" viewbox=\"0 0 40 40\"><use xlink:href=\"#svg-ampliar\"\/><\/svg><\/span><figcaption class=\"a_m_p\"><span>Captura de pantalla de la publicaci\u00f3n del homenaje a Manuel Rodr\u00edguez Hermelo en la p\u00e1gina web de la di\u00f3cesis de Tui-Vigo antes de ser borrada por esta entidad.<\/span><\/figcaption><\/figure>\n<p class=\"\">EL PA\u00cdS siempre informa a las personas que relatan abusos de los canales para ponerse en contacto con la Iglesia y aportar personalmente su testimonio, pero muchos prefieren no hacerlo, y la mayor\u00eda de las que lo hacen quedan decepcionadas por la atenci\u00f3n. Hace dos meses este diario public\u00f3 un an\u00e1lisis de 113 casos y casi todos, 108 denunciantes de abusos, acusaban a obispos y \u00f3rdenes religiosas de no contestar a sus correos, alargar los procesos y obligarles a firmar cl\u00e1usulas de confidencialidad, prohibidas por el Papa. Tom\u00e9 comenta que prefiere no ponerse en contacto con la di\u00f3cesis: \u201cMe parece una burla como act\u00faa la Iglesia ante estos casos, es como preguntarle a la persona que me dio un pu\u00f1etazo cu\u00e1ntos m\u00e1s me va a dar\u201d.<\/p>\n<p class=\"\">Las normas aprobadas por el papa Francisco en 2019 para acabar con el encubrimiento obligan a cualquier obispo o superior religioso a abrir una investigaci\u00f3n interna ante cualquier informaci\u00f3n de un posible caso. Las reglas del Vaticano son muy claras, resumidas en el vadem\u00e9cum publicado en julio de 2020. La <i>notificaci\u00f3n de delito<\/i>es \u201ctoda informaci\u00f3n sobre un posible delito que llegue de cualquier modo al Ordinario o al Jerarca\u201d.<\/p>\n<p class=\"\">No es necesario que se trate de una denuncia formal (art\u00edculo 9). Puede llegar de cualquier modo, tambi\u00e9n por los medios de comunicaci\u00f3n (art\u00edculo 10). Incluso, sin datos precisos debe ser estudiado y si es veros\u00edmil debe abrirse una investigaci\u00f3n previa (art\u00edculos 13 y 16), que luego hay que enviar a Roma, a la Congregaci\u00f3n para la Doctrina de la Fe (art\u00edculo 69).<\/p>\n<p class=\"\">\u201cSabemos esta normativa y hemos hecho la investigaci\u00f3n hasta donde hemos podido. Ya no voy a contestar m\u00e1s preguntas\u201d, responde Vidal por mensaje al consultarle si conoce estas reglas. Adem\u00e1s de este caso, la di\u00f3cesis de Tui-Vigo cuenta con nueve acusaciones m\u00e1s de abuso contra otros religiosos, seg\u00fan la base de datos elaborada por este peri\u00f3dico. Vidal cuenta que \u201clamentablemente\u201d a lo largo del tiempo s\u00ed recibi\u00f3 incriminaciones contra otras personas, respecto a las que, asegura, ya han tomado medidas.<\/p>\n<p class=\"\">Gonzalo Tom\u00e9 Fern\u00e1ndez acusa a Rodr\u00edguez Hermelo de abusar de \u00e9l entre 1969 y 1971 en el internado del Seminario Menor de Tui, ubicado en Pontevedra. \u201cAparec\u00eda en mi habitaci\u00f3n por la noche, me acariciaba y me masturbaba por encima de las s\u00e1banas, nunca meti\u00f3 la mano dentro. Me iba haciendo caricias, me besaba en el cuello y en la oreja. Incluso, alguna vez en la boca. Con la mano me masajeaba hasta que yo eyaculaba. Entonces, yo me hac\u00eda el dormido y \u00e9l se iba\u201d, relata.<\/p>\n<p class=\"\">Tom\u00e9, de origen gallego, pero residente fuera de esta autonom\u00eda, cuenta que Rodr\u00edguez Hermelo era el \u00fanico sacerdote del Seminario Menor de Tui que no vest\u00eda el h\u00e1bito por aquel entonces. \u201cEra campechano, un poquito m\u00e1s liberal que el resto de los curas, iba de paisano con un traje y un alzacuellos peque\u00f1ito. Por ello, nos ca\u00eda muy bien a todos\u201d, recuerda. Sospecha que no fue el \u00fanico que vivi\u00f3 una situaci\u00f3n como la que relata, aunque dice que nunca lo coment\u00f3 con los dem\u00e1s compa\u00f1eros: \u201cHab\u00eda un respeto porque mandaba en el colegio\u201d.<\/p>\n<p class=\"\">Antes de cumplir los 12 a\u00f1os, relata este exalumno, los menores dorm\u00edan todos juntos en una sala grande con camas bajas. Tom\u00e9 dice que todav\u00eda se acuerda de los ba\u00f1os, ubicados cerca de la puerta. Comenta que a partir de los 13, intentaban desplazarlos a habitaciones individuales divididas en dos plantas con unos pasillos muy largos, seg\u00fan rememora: \u201cEra entonces cuando se produc\u00edan los abusos, siempre de noche y en silencio. Me met\u00eda en cama con un poco de miedo, deseaba dormirme y que no apareciese\u201d. Explica que los sacerdotes tambi\u00e9n ten\u00edan sus habitaciones dentro del internado.<\/p>\n<p class=\"\">El exseminarista asegura que Rodr\u00edguez Hermelo le dejaba marcharse del centro los fines de semana para poder trabajar, pagar el internado y ahorrar un poco. Considere que era un favor muy grande porque su familia necesitaba dinero. Sin embargo, nunca le cont\u00f3 a sus padres nada sobre las agresiones sexuales. \u201cPara ellos \u00e9l era una persona muy respetada. Una vez al curso este sacerdote me llevaba en coche a mi casa, localizada en una peque\u00f1a aldea, y mis padres le preparaban una merienda grande, a pesar de que no \u00edbamos sobrados\u201d, recuerda.<\/p>\n<p class=\"\">Su testimonio fue incorporado en el quinto dosier de EL PA\u00cdS. Como ocurri\u00f3 con los informes anteriores elaborados por este peri\u00f3dico, la CEE reenvi\u00f3 los casos a los obispados y \u00f3rdenes religiosas correspondientes para que, como obliga el derecho can\u00f3nico, abrieron una investigaci\u00f3n y, posteriormente, decidieron sobre una posible reparaci\u00f3n a las v\u00edctimas. Desde 2021, este diario ha remitido a la Iglesia cat\u00f3lica un total de 783 testimonios con acusaci\u00f3n de abusos, m\u00e1s de 1.600 p\u00e1ginas de relatos que a\u00fan esperan una respuesta. EL PA\u00cdS tambi\u00e9n lleva la \u00fanica base de datos sobre el esc\u00e1ndalo, que en este momento registra 1.534 acusados \u200b\u200bcon al menos 2.817 v\u00edctimas.<\/p>\n<p class=\"\">Cuando se produjo el homenaje a Rodr\u00edguez Hermelo, un excura contact\u00f3 con EL PA\u00cdS indignado, pues asegura que mientras estuvo en el Seminario Menor de Tui entre 1982 y 1985, y en el Seminario Mayor de Vigo entre 1987 y 1993, las acusaciones contra Hermelo eran <i>vox populi<\/i>aunque \u00e9l nunca padeci\u00f3 ninguna situaci\u00f3n similar a la relatada por Tom\u00e9 y no coincidi\u00f3 con \u00e9l durante su etapa formativa. La eucarist\u00eda en su honor le parece \u201cuna verg\u00fcenza\u201d.<\/p>\n<p class=\"\">El obispo de Tui-Vigo cuando ocurrieron los hechos era Jos\u00e9 Delicado. Le sucedieron Jos\u00e9 Cervi\u00f1o en 1974, Jos\u00e9 Di\u00e9guez y Luis Quinteiro, quien ostent\u00f3 el cargo hasta el 20 de julio de 2024. Este \u00faltimo fue el que recibi\u00f3 la acusaci\u00f3n contra Rodr\u00edguez Hermelo. En el pasado, Quinteiro ya fue cuestionado por su gesti\u00f3n del esc\u00e1ndalo de los Miguelianos, que termin\u00f3 en 2018 con una condena de nueve a\u00f1os por abuso sexual al l\u00edder de esta asociaci\u00f3n con rasgos de secta. En el juicio, el obispo admiti\u00f3 que no denunci\u00f3 el caso a la justicia y se limit\u00f3 a apartar al acusado e incoar un expediente can\u00f3nico. Tras su renuncia por edad, el prelado Antonio Val\u00edn le sucedi\u00f3 en el puesto.<\/p>\n<p class=\"\">Un amigo de Tom\u00e9 de aquel entonces le cont\u00f3 que otro alumno, que ahora es cura en Pontevedra, se encar\u00f3 con Rodr\u00edguez Hermelo y le acus\u00f3 de forma p\u00fablica en el Seminario Mayor de Vigo. \u201cSucedieron cinco a\u00f1os despu\u00e9s de que abusara de m\u00ed. Delante de m\u00e1s compa\u00f1eros le dijo que se dedicaba a hacer estas cosas\u201d, explica. Este sacerdote asegura, en una llamada con este diario, no recordar nada sobre abusos sexuales. Dice que han pasado muchos a\u00f1os y que no desea saber m\u00e1s sobre estos asuntos.<\/p>\n<\/div>\n\n","protected":false},"excerpt":{"rendered":"<p>EL PA\u00cdS puso en marcha en 2018 una investigaci\u00f3n de la pederastia en la Iglesia espa\u00f1ola y tiene una base de datos actualizada con todos los casos conocidos. Si conoce alg\u00fan caso que no haya visto la luz, nos puede escribir a: abusos@elpais.es Si es un caso en Am\u00e9rica Latina, la direcci\u00f3n es: abusosamerica@elpais.es \u2500\u2500\u2500\u2500\u2500\u2500\u2500\u2500\u2500 &hellip;<\/p>\n","protected":false},"author":1,"featured_media":9982,"comment_status":"open","ping_status":"open","sticky":false,"template":"","format":"standard","meta":{"fifu_image_url":"https:\/\/imagenes.elpais.com\/resizer\/v2\/XUZFQYQG6RFQFCKAJVKBLTDQKE.jpg?auth=0fd6b8629b03244d885f79167110ebeb76e8c782a9726804f125b0815fd61ef8&width=1200","fifu_image_alt":"","footnotes":""},"categories":[11],"tags":[],"class_list":["post-9981","post","type-post","status-publish","format-standard","has-post-thumbnail","","category-viaje"],"_links":{"self":[{"href":"https:\/\/noticiasveraces.com\/index.php?rest_route=\/wp\/v2\/posts\/9981","targetHints":{"allow":["GET"]}}],"collection":[{"href":"https:\/\/noticiasveraces.com\/index.php?rest_route=\/wp\/v2\/posts"}],"about":[{"href":"https:\/\/noticiasveraces.com\/index.php?rest_route=\/wp\/v2\/types\/post"}],"author":[{"embeddable":true,"href":"https:\/\/noticiasveraces.com\/index.php?rest_route=\/wp\/v2\/users\/1"}],"replies":[{"embeddable":true,"href":"https:\/\/noticiasveraces.com\/index.php?rest_route=%2Fwp%2Fv2%2Fcomments&post=9981"}],"version-history":[{"count":0,"href":"https:\/\/noticiasveraces.com\/index.php?rest_route=\/wp\/v2\/posts\/9981\/revisions"}],"wp:featuredmedia":[{"embeddable":true,"href":"https:\/\/noticiasveraces.com\/index.php?rest_route=\/wp\/v2\/media\/9982"}],"wp:attachment":[{"href":"https:\/\/noticiasveraces.com\/index.php?rest_route=%2Fwp%2Fv2%2Fmedia&parent=9981"}],"wp:term":[{"taxonomy":"category","embeddable":true,"href":"https:\/\/noticiasveraces.com\/index.php?rest_route=%2Fwp%2Fv2%2Fcategories&post=9981"},{"taxonomy":"post_tag","embeddable":true,"href":"https:\/\/noticiasveraces.com\/index.php?rest_route=%2Fwp%2Fv2%2Ftags&post=9981"}],"curies":[{"name":"wp","href":"https:\/\/api.w.org\/{rel}","templated":true}]}}