{"id":9956,"date":"2025-01-11T04:04:29","date_gmt":"2025-01-11T08:04:29","guid":{"rendered":"https:\/\/noticiasveraces.com\/?p=9956"},"modified":"2025-01-11T04:04:29","modified_gmt":"2025-01-11T08:04:29","slug":"hace-unos-anos-el-athletic-se-iba-a-segunda-me-llevare-a-la-tumba-lo-que-paso","status":"publish","type":"post","link":"https:\/\/noticiasveraces.com\/?p=9956","title":{"rendered":"\u00abHace unos a\u00f1os el Athletic se iba a segunda; me llevar\u00e9 a la tumba lo que pas\u00f3\u00bb"},"content":{"rendered":"<p> \n<\/p>\n<div id=\"intext\">\n<p><b>Joan Gaspart<\/b>expresidente del Barcelona (200-2003), ha provocado un terremoto con sus \u00faltimas declaraciones sobre el Athletic y lo ocurrido en las \u00faltimas jornadas de la temporada 200-6-07 cuando el equipo bilba\u00edno estuvo a punto de descender a segunda divisi\u00f3n.<\/p>\n<p>\u00abHace unos a\u00f1os el Bilbao se iba a segunda divisi\u00f3n y no se fue. Yo <b>era el vicepresidente de la Real Federaci\u00f3n Espa\u00f1ola de F\u00fatbol y me llevar\u00e1 a la tumba lo que pas\u00f3<\/b>\u00ab, indic\u00f3 Joan Gaspart en unas declaraciones al <b>p\u00f3dcast &#8216;S\u00f3lo para cul\u00e9s&#8217;<\/b>que conduce <b>Jota Jordi<\/b>tertuliano de <b>&#8216;El Chiringuito&#8217;<\/b>.<\/p>\n<p>Al soltar esa bomba, Jota Jordi le rog\u00f3 que contar\u00e1 m\u00e1s, pero Gaspart no quiso ir m\u00e1s all\u00e1.<\/p>\n<p>\u00abNo pas\u00f3 nada, nada&#8230; Que s<b>e salv\u00f3 de milagro y gan\u00f3 todos los partidos en las \u00faltimas jornadas<\/b>\u00ab, respondi\u00f3 un Joan Gaspart que deja la sombra de la duda sobre la forma en la que el Athletic logr\u00f3 mantener la categor\u00eda.<\/p>\n<p>Hay que recordar que el Athletic, el Barcelona y el Real Madrid son los \u00fanicos tres equipos que jam\u00e1s han bajado a segunda divisi\u00f3n. Las pol\u00e9micas declaraciones de Joan Gaspart llegan despu\u00e9s de que <b>Jon Uriarte<\/b>El presidente del Athletic cuestionar\u00e1 <b>la decisi\u00f3n del CSD<\/b> de ortorgar la cautelar urgente al Barcelona para que Dani Olmo y Pau V\u00edctor fueran reinscritos.<\/p>\n<p>Respecto a esas palabras del m\u00e1ximo dirigente del club bilba\u00edno, Joan Gaspart asegur\u00f3 que tuvo suerte de que el presidente del Bar\u00e7a <b>mar laporta<\/b> y no \u00e9l.<\/p>\n<p>\u00abQue suerte tuvo el presidente del Bilbao en que el presidente del Barcelona fuese Laporta&#8230; Si llega a estar Gaspart en el palco&#8230; <b>Si soy yo el presidente salimos en la portada del New York Times<\/b>\u00ab, se\u00f1al\u00f3 Joan Gaspart.<\/p>\n<p><i>S\u00edguenos en nuestro canal de WhatsApp y no te pierdas la \u00faltima hora y toda la actualidad de antena3noticias.com<\/i><\/p>\n<div class=\"recirculation-video\" data-mod=\"a3mod_recirculation_video\">\n<div class=\"recirculation-video-wrapper\">\n<div>\n<div class=\"video-wrapper\">\n  <picture class=\"video-main-picture\"><source media=\"(min-width: 481px)\" srcset=\"https:\/\/fotografias.antena3.com\/clipping\/cmsimages01\/2025\/01\/08\/8BEB3C3D-F14C-4212-8290-D5015045CA62\/corte-mangas-laporta_94.jpg?crop=1920,1080,x0,y0&amp;width=800&amp;height=450&amp;optimize=medium&amp;format=webply\" width=\"800\" height=\"450\"><source media=\"(min-width: 391px) and (max-width: 480px)\" srcset=\"https:\/\/fotografias.antena3.com\/clipping\/cmsimages01\/2025\/01\/08\/8BEB3C3D-F14C-4212-8290-D5015045CA62\/corte-mangas-laporta_70.jpg?crop=1920,1080,x0,y0&amp;width=480&amp;height=270&amp;optimize=high&amp;format=webply\" width=\"480\" height=\"270\"><source media=\"(min-width: 321px) and (max-width: 390px)\" srcset=\"https:\/\/fotografias.antena3.com\/clipping\/cmsimages01\/2025\/01\/08\/8BEB3C3D-F14C-4212-8290-D5015045CA62\/corte-mangas-laporta_92.jpg?crop=1920,1078,x0,y1&amp;width=390&amp;height=219&amp;optimize=high&amp;format=webply\" width=\"390\" height=\"219\"><source media=\"(max-width: 320px)\" srcset=\"https:\/\/fotografias.antena3.com\/clipping\/cmsimages01\/2025\/01\/08\/8BEB3C3D-F14C-4212-8290-D5015045CA62\/corte-mangas-laporta_52.jpg?crop=1920,1080,x0,y0&amp;width=320&amp;height=180&amp;optimize=high&amp;format=webply\" width=\"320\" height=\"180\"><img decoding=\"async\" title=\"Corte de mangas de Laporta\" alt=\"Corte de mangas de Laporta\" width=\"480\" height=\"270\" src=\"https:\/\/fotografias.antena3.com\/clipping\/cmsimages01\/2025\/01\/08\/8BEB3C3D-F14C-4212-8290-D5015045CA62\/corte-mangas-laporta_70.jpg?crop=1920,1080,x0,y0&amp;width=480&amp;height=270&amp;optimize=high&amp;format=webply\" loading=\"lazy\" class=\"lazy\"\/><br \/>\n  <\/source><\/source><\/source><\/source><\/picture>\n <\/div>\n<\/div><\/div>\n<\/p><\/div>\n<\/div>\n\n","protected":false},"excerpt":{"rendered":"<p>Joan Gaspartexpresidente del Barcelona (200-2003), ha provocado un terremoto con sus \u00faltimas declaraciones sobre el Athletic y lo ocurrido en las \u00faltimas jornadas de la temporada 200-6-07 cuando el equipo bilba\u00edno estuvo a punto de descender a segunda divisi\u00f3n. \u00abHace unos a\u00f1os el Bilbao se iba a segunda divisi\u00f3n y no se fue. Yo era &hellip;<\/p>\n","protected":false},"author":1,"featured_media":9958,"comment_status":"open","ping_status":"open","sticky":false,"template":"","format":"standard","meta":{"fifu_image_url":"https:\/\/fotografias.antena3.com\/clipping\/cmsimages01\/2025\/01\/10\/94066AA3-8F34-4984-A9E5-0AEFCC5E0198\/joan-gaspart-imagen-archivo_69.jpg?crop=3648,2052,x0,y0&width=1280&height=720&optimize=low&format=jpg","fifu_image_alt":"","footnotes":""},"categories":[6],"tags":[],"class_list":["post-9956","post","type-post","status-publish","format-standard","has-post-thumbnail","","category-deportes"],"_links":{"self":[{"href":"https:\/\/noticiasveraces.com\/index.php?rest_route=\/wp\/v2\/posts\/9956","targetHints":{"allow":["GET"]}}],"collection":[{"href":"https:\/\/noticiasveraces.com\/index.php?rest_route=\/wp\/v2\/posts"}],"about":[{"href":"https:\/\/noticiasveraces.com\/index.php?rest_route=\/wp\/v2\/types\/post"}],"author":[{"embeddable":true,"href":"https:\/\/noticiasveraces.com\/index.php?rest_route=\/wp\/v2\/users\/1"}],"replies":[{"embeddable":true,"href":"https:\/\/noticiasveraces.com\/index.php?rest_route=%2Fwp%2Fv2%2Fcomments&post=9956"}],"version-history":[{"count":0,"href":"https:\/\/noticiasveraces.com\/index.php?rest_route=\/wp\/v2\/posts\/9956\/revisions"}],"wp:featuredmedia":[{"embeddable":true,"href":"https:\/\/noticiasveraces.com\/index.php?rest_route=\/wp\/v2\/media\/9958"}],"wp:attachment":[{"href":"https:\/\/noticiasveraces.com\/index.php?rest_route=%2Fwp%2Fv2%2Fmedia&parent=9956"}],"wp:term":[{"taxonomy":"category","embeddable":true,"href":"https:\/\/noticiasveraces.com\/index.php?rest_route=%2Fwp%2Fv2%2Fcategories&post=9956"},{"taxonomy":"post_tag","embeddable":true,"href":"https:\/\/noticiasveraces.com\/index.php?rest_route=%2Fwp%2Fv2%2Ftags&post=9956"}],"curies":[{"name":"wp","href":"https:\/\/api.w.org\/{rel}","templated":true}]}}