{"id":9950,"date":"2025-01-11T03:27:31","date_gmt":"2025-01-11T07:27:31","guid":{"rendered":"https:\/\/noticiasveraces.com\/?p=9950"},"modified":"2025-01-11T03:27:31","modified_gmt":"2025-01-11T07:27:31","slug":"biden-extiende-el-tiempo-en-ee-uu-para-venezolanos-y-salvadorenos-mientras-trump-prepara-medidas-energicas-contra-la-inmigracion","status":"publish","type":"post","link":"https:\/\/noticiasveraces.com\/?p=9950","title":{"rendered":"Biden extiende el tiempo en EE.UU. para venezolanos y salvadore\u00f1os mientras Trump prepara medidas en\u00e9rgicas contra la inmigraci\u00f3n"},"content":{"rendered":"<p> \n<br \/><img decoding=\"async\" src=\"https:\/\/media-cldnry.s-nbcnews.com\/image\/upload\/t_fit_1500w\/rockcms\/2025-01\/250110-venezuelan-family-migrants-2024-ac-1000p-829c0c.jpg\" \/><\/p>\n<div>\n<p class=\"\">MIAMI \u2014 Alrededor de 600.000 venezolanos y m\u00e1s de 230.000 salvadore\u00f1os que ya viven en Estados Unidos pueden permanecer legalmente otros 18 meses, dijo el viernes el Departamento de Seguridad Nacional, apenas una semana antes de que el presidente electo Donald Trump asuma el cargo con promesas de pol\u00edticas migratorias de l\u00ednea dura.<\/p>\n<p class=\"\">La administraci\u00f3n de Biden ha apoyado firmemente el Estatus de Protecci\u00f3n Temporal, que ha ampliado ampliamente para cubrir a alrededor de 1 mill\u00f3n de personas. El TPS enfrenta un futuro incierto bajo Trump, quien intent\u00f3 reducir dr\u00e1sticamente su uso durante su primer mandato como presidente. Las regulaciones federales permitir\u00edan terminar anticipadamente las extensiones, aunque eso nunca se ha hecho antes.<\/p>\n<p class=\"\">Seguridad Nacional tambi\u00e9n extendi\u00f3 el TPS a m\u00e1s de 103.000 ucranianos y 1.900 sudaneses que ya viven en EE.UU.<\/p>\n<p class=\"\">Para Jos\u00e9 Palma, un salvadore\u00f1o de 48 a\u00f1os que vive en Estados Unidos desde 1998, la extensi\u00f3n significa que al menos por ahora todav\u00eda puede trabajar legalmente en Houston. Es la \u00fanica persona de su familia con estatus temporal; sus cuatro hijos nacieron ciudadanos estadounidenses y su esposa es residente permanente. Si no se extendiera el TPS, podr\u00eda ser deportado y separado del resto de la familia.<\/p>\n<p class=\"\">\u201cMe trae tranquilidad, un soplo de aire fresco\u201d, dijo Palma. \u201cMe ofrece estabilidad\u201d.<\/p>\n<p class=\"\">Palma, que trabaja como organizador en una organizaci\u00f3n de jornaleros, env\u00eda unos 400 d\u00f3lares mensuales a su madre de 73 a\u00f1os, quien est\u00e1 jubilada y no tiene ingresos.<\/p>\n<p class=\"\">La designaci\u00f3n de TPS otorga a las personas autoridad legal para estar en el pa\u00eds, pero no les brinda un camino a largo plazo hacia la ciudadan\u00eda. Dependen de que el gobierno renueve su estatus cuando expire. Los cr\u00edticos conservadores han dicho que con el tiempo, la renovaci\u00f3n del estatus de protecci\u00f3n se vuelve autom\u00e1tica, independientemente de lo que est\u00e9 sucediendo en el pa\u00eds de origen de la persona.<\/p>\n<p class=\"\">El anuncio del viernes, que se produjo cuando el presidente venezolano, Nicol\u00e1s Maduro, asumi\u00f3 el cargo para un tercer mandato de seis a\u00f1os en Caracas en medio de una condena internacional generalizada, se \u201cbasa en la grave emergencia humanitaria que el pa\u00eds contin\u00faa enfrentando debido a las crisis pol\u00edticas y econ\u00f3micas bajo el r\u00e9gimen de Maduro. \u201d, dijo el departamento.<\/p>\n<p class=\"\">Seguridad Nacional cit\u00f3 \u201ccondiciones ambientales en El Salvador que impiden que las personas regresen\u201d, espec\u00edficamente las fuertes lluvias y tormentas de los \u00faltimos dos a\u00f1os.<\/p>\n<p class=\"\">El Congreso cre\u00f3 el TPS en 1990 para evitar deportaciones a pa\u00edses que sufr\u00edan desastres naturales o conflictos civiles, otorgando a las personas autorizaci\u00f3n para trabajar en incrementos de hasta 18 meses a la vez.<\/p>\n<p class=\"\">Alrededor de 1 mill\u00f3n de inmigrantes de 17 pa\u00edses est\u00e1n protegidos por el TPS, incluidas personas de Venezuela, Hait\u00ed, Honduras, Nicaragua, Afganist\u00e1n, Sud\u00e1n, Ucrania y L\u00edbano. Los venezolanos son uno de los mayores beneficiarios y su extensi\u00f3n se extiende desde abril de 2025 hasta el 2 de octubre de 2026.<\/p>\n<p class=\"\">Los salvadore\u00f1os ganaron el TPS en 2001 despu\u00e9s de que los terremotos sacudieran el pa\u00eds centroamericano. El TPS para salvadore\u00f1os expirar\u00eda en marzo y se extendi\u00f3 hasta el 9 de septiembre de 2026.<\/p>\n<p class=\"\">Trump y su compa\u00f1ero de f\u00f3rmula, JD Vance, sugirieron que reducir\u00edan el uso del TPS y las pol\u00edticas que otorgan estatus temporal mientras persiguen deportaciones masivas. Durante su primera administraci\u00f3n, Trump puso fin al TPS para El Salvador, pero fue demorado en los tribunales.<\/p>\n<p class=\"\">En los \u00faltimos meses, los defensores han aumentado la presi\u00f3n sobre la administraci\u00f3n Biden para que solicite extensiones del TPS para quienes ya lo tienen y para proteger a personas de otros pa\u00edses como Guatemala y Ecuador.<\/p>\n<p class=\"\">\u201cEsta extensi\u00f3n es s\u00f3lo una peque\u00f1a victoria\u201d, dijo Felipe Arnoldo D\u00edaz, activista de la Alianza Nacional TPS. \u201cNuestra mayor preocupaci\u00f3n es que despu\u00e9s de El Salvador, hay pa\u00edses a los que se les vence pronto el TPS y se est\u00e1n quedando fuera\u201d como Nepal, Nicaragua y Honduras.<\/p>\n<p class=\"\">V\u00edctor Macedo, un venezolano de 40 a\u00f1os, lleg\u00f3 a Estados Unidos en 2021 despu\u00e9s de recibir amenazas de muerte en su pa\u00eds por ser un activista de la oposici\u00f3n pol\u00edtica. No pod\u00eda creer la noticia sobre la extensi\u00f3n, ya que su TPS expirar\u00eda en abril.<\/p>\n<p class=\"endmark\">\u201cEs un alivio muy grande. Ten\u00eda miedo\u201d, dijo Macedo, quien trabaja remodelando casas en Davie, Florida. \u201cEl TPS me ayuda a tener estatus legal, trabajar y poder conducir\u201d.<\/p>\n<\/div>\n\n","protected":false},"excerpt":{"rendered":"<p>MIAMI \u2014 Alrededor de 600.000 venezolanos y m\u00e1s de 230.000 salvadore\u00f1os que ya viven en Estados Unidos pueden permanecer legalmente otros 18 meses, dijo el viernes el Departamento de Seguridad Nacional, apenas una semana antes de que el presidente electo Donald Trump asuma el cargo con promesas de pol\u00edticas migratorias de l\u00ednea dura. La administraci\u00f3n &hellip;<\/p>\n","protected":false},"author":1,"featured_media":9952,"comment_status":"open","ping_status":"open","sticky":false,"template":"","format":"standard","meta":{"fifu_image_url":"https:\/\/media-cldnry.s-nbcnews.com\/image\/upload\/t_nbcnews-fp-1200-630,f_auto,q_auto:best\/rockcms\/2025-01\/250110-venezuelan-family-migrants-2024-ac-1000p-829c0c.jpg","fifu_image_alt":"","footnotes":""},"categories":[4],"tags":[],"class_list":["post-9950","post","type-post","status-publish","format-standard","has-post-thumbnail","","category-historias-destacadas"],"_links":{"self":[{"href":"https:\/\/noticiasveraces.com\/index.php?rest_route=\/wp\/v2\/posts\/9950","targetHints":{"allow":["GET"]}}],"collection":[{"href":"https:\/\/noticiasveraces.com\/index.php?rest_route=\/wp\/v2\/posts"}],"about":[{"href":"https:\/\/noticiasveraces.com\/index.php?rest_route=\/wp\/v2\/types\/post"}],"author":[{"embeddable":true,"href":"https:\/\/noticiasveraces.com\/index.php?rest_route=\/wp\/v2\/users\/1"}],"replies":[{"embeddable":true,"href":"https:\/\/noticiasveraces.com\/index.php?rest_route=%2Fwp%2Fv2%2Fcomments&post=9950"}],"version-history":[{"count":0,"href":"https:\/\/noticiasveraces.com\/index.php?rest_route=\/wp\/v2\/posts\/9950\/revisions"}],"wp:featuredmedia":[{"embeddable":true,"href":"https:\/\/noticiasveraces.com\/index.php?rest_route=\/wp\/v2\/media\/9952"}],"wp:attachment":[{"href":"https:\/\/noticiasveraces.com\/index.php?rest_route=%2Fwp%2Fv2%2Fmedia&parent=9950"}],"wp:term":[{"taxonomy":"category","embeddable":true,"href":"https:\/\/noticiasveraces.com\/index.php?rest_route=%2Fwp%2Fv2%2Fcategories&post=9950"},{"taxonomy":"post_tag","embeddable":true,"href":"https:\/\/noticiasveraces.com\/index.php?rest_route=%2Fwp%2Fv2%2Ftags&post=9950"}],"curies":[{"name":"wp","href":"https:\/\/api.w.org\/{rel}","templated":true}]}}