{"id":9906,"date":"2025-01-10T20:33:18","date_gmt":"2025-01-11T00:33:18","guid":{"rendered":"https:\/\/noticiasveraces.com\/?p=9906"},"modified":"2025-01-10T20:33:18","modified_gmt":"2025-01-11T00:33:18","slug":"claves-el-caso-juana-rivas-encalla-en-un-mar-de-juzgados-competencias-y-definiciones-legales-sociedad","status":"publish","type":"post","link":"https:\/\/noticiasveraces.com\/?p=9906","title":{"rendered":"Claves | El &#8216;caso Juana Rivas&#8217; encalla en un mar de juzgados, competencias y definiciones legales | Sociedad"},"content":{"rendered":"<p> \n<br \/><img decoding=\"async\" src=\"https:\/\/imagenes.elpais.com\/resizer\/v2\/DUXPRFB4BRC3RIMH6U6D2KCNKM.jpg?auth=c0ce4e6403cedeb1b68b7bfcbb876c6bf7e739e428c16541a4677d3d63791445\" \/><\/p>\n<div data-dtm-region=\"articulo_cuerpo\">\n<p class=\"\">El caso Juana Rivas se asemeja a esa soga de la que se tira con fuerza desde los extremos. A veces va a un lado, a veces va a otro y el juego puede durar mientras los jugadores aguanten. Excepto que sobre esta cuerda \u2015hecha de autos, recursos, declaraciones, jurisdicciones\u2015, en un equilibrio muy inestable, est\u00e1 Daniel Arcuri Rivas, un ni\u00f1o que este s\u00e1bado cumple 11 a\u00f1os, y que vive desde los tres inmerso en una vor\u00e1gine judicial que no alcanza una decisi\u00f3n definitiva que cierra el caso. Daniel, que hasta ahora ha vivido en Italia con su padre, Francesco Arcuri, est\u00e1 ya matriculado en un colegio del que ahora es su pueblo, Maracena (Granada), donde est\u00e1 con su madre y su hermano mayor.<\/p>\n<p class=\"\">Mientras trata de integrarse en su nuevo entorno, los tribunales bullen, en un efecto que arrastra a medios de comunicaci\u00f3n, pol\u00edticos y, tambi\u00e9n, jueces. Pendientes de que un juzgado italiano ratifique o no su decisi\u00f3n de que Daniel vuelva con su padre, el caso se ha empantanado bruscamente este viernes tras la decisi\u00f3n del tribunal de Violencia contra la Mujer n\u00famero 2 de Granada de no considerar que existiera violencia de g\u00e9nero en la actitud de Arcuri durante la Navidad, cuando, seg\u00fan denuncia Juana Rivas, este le envi\u00f3 decenas de mensajes intimidatorios y tratado de coaccionar al hijo peque\u00f1o de ambos para que declarara su favor en el juicio que se sigue contra \u00e9l en Italia por maltratar a Daniel. Esa decisi\u00f3n ha disparado la temperatura del caso tanto como la incertidumbre sobre su resultado. Estas son algunas respuestas a esas dudas.<\/p>\n<h3 class=\"\">\u00bfQu\u00e9 ha decidido el tribunal de violencia contra la mujer?<\/h3>\n<p class=\"\">Daniel lleg\u00f3 a Espa\u00f1a el 22 de diciembre. Al poco, su madre denunci\u00f3 al padre por presunta coacci\u00f3n al menor, relacionada con una declaraci\u00f3n judicial en Italia, y por acoso y violencia de g\u00e9nero, a partir de numerosas llamadas de Francesco Arcuri a Rivas. La denuncia se interpuso en M\u00e1laga, pero se traslad\u00f3 al juzgado de Violencia contra la Mujer 2 de Granada, cuyo titular es Aurora Angulo, quien archiv\u00f3 el asunto. Rivas recurri\u00f3, explica Mar\u00eda Martos, una de sus abogadas, incorporando la existencia de decenas de mensajes llegados que consideraron amenazantes. Eso es lo que, explica Martos a EL PA\u00cdS, se ha zanjado este viernes. No hay en ello violencia de g\u00e9nero, pero ordena que se estudie como posible violencia dom\u00e9stica, lo que endosa a otro juzgado, el que hace unos d\u00edas permiti\u00f3 que el ni\u00f1o se quedara con la madre. El equipo legal de Rivas se queja de que la jueza obvia la violencia de g\u00e9nero vicaria, la que se ejerce sobre los menores para hacer da\u00f1o a la madre, Juana Rivas. Las decisiones tomadas en d\u00edas anteriores siguen vigentes, por lo que el ni\u00f1o seguir\u00e1 en su casa con su madre y hermano.<\/p>\n<h3 class=\"\">\u00bfPor qu\u00e9 hay pol\u00e9mica con la decisi\u00f3n de la jueza?<\/h3>\n<p class=\"\">Antes de las ocho de la ma\u00f1ana del viernes, Carlos Ar\u00e1nguez, abogado de Rivas, inform\u00f3 a los medios sobre la decisi\u00f3n de la jueza Angulo con una valoraci\u00f3n sobre la magistrada: \u201cQu\u00e9dense con este nombre: Aurora Angulo\u2026 que archiv\u00f3 en un caj\u00f3n la denuncia que curs\u00f3 Rivas, huyendo de su maltratador, el 12 de julio de 2016\u2026 Es un hecho grav\u00edsimo que una magistrada especializada en violencia de g\u00e9nero no comprende lo que es la violencia vicaria\u201d. Horas despu\u00e9s, Paqui Granados, asesora de Rivas desde el principio, ha publicado un audio en el que dice que ese juzgado \u201cvuelve a estar en el centro de la desprotecci\u00f3n de Rivas y sus hijos [\u2026]vuelve a cometer un grav\u00edsimo error [\u2026]un problema de aplicaci\u00f3n que me atrever\u00eda a decir tiene su causa fundamental en un problema de capacitaci\u00f3n de profesionales, como es el caso de su Se\u00f1or\u00eda\u201d.<\/p>\n<p class=\"\">Pasada la una de la tarde, el Tribunal Superior de Justicia de Andaluc\u00eda ha emitido un escrito suscrito por 107 jueces y juezas de Violencia contra la Mujer de Espa\u00f1a de apoyo a \u201cnuestra compa\u00f1era Aurora Angulo\u201d. \u201cCuando se desprestigia a una compa\u00f1era por su actuaci\u00f3n profesional en un caso concreto que es objeto de una enorme atenci\u00f3n medi\u00e1tica, se desprestigia en definitiva a todo el sistema judicial\u201d, dice el manifiesto, que concluye con su \u201cen\u00e9rgica repulsa hacia la actuaci\u00f3n del despacho de abogados que tiene encomendada la defensa\u201d de Rivas.<\/p>\n<h3 class=\"\">Qu\u00e9 ha ocurrido en Navidad con la familia Rivas<\/h3>\n<p class=\"\">La llegada de Daniel a Espa\u00f1a provoc\u00f3 las denuncias mencionadas en M\u00e1laga por la inesperada llegada al pa\u00eds tambi\u00e9n de Arcuri. Las versiones sobre su estancia var\u00edan seg\u00fan las fuentes. Estuvo en los alrededores de Granada del 22 al 24 de diciembre, o eso dijo, seg\u00fan los abogados de Rivas. Seg\u00fan Enrique Zambrano, abogado de Arcuri, su paso por Espa\u00f1a fue de unas horas, las que tard\u00f3 en llegar a Madrid acompa\u00f1ando al ni\u00f1o y coger el siguiente avi\u00f3n de vuelta.<\/p>\n<p class=\"\">La denuncia provoc\u00f3 que el Ministerio del Interior activara el sistema de alerta m\u00e1xima en casos de violencia de g\u00e9nero. Ese informe lleg\u00f3 al Juzgado de Aurora Angulo que no apreci\u00f3 ese riesgo. No obstante, las fuerzas de seguridad encargadas de vigilancia con un veh\u00edculo sobre la residencia de Rivas durante un tiempo. El resto es conocido: el 2 de enero el ni\u00f1o deb\u00eda volver con su padre. La madre pidi\u00f3 en Italia que considerara un riesgo lo ocurrido y la investigaci\u00f3n que se lleva all\u00ed contra Arcuri all\u00ed por malos tratos a sus hijos. Italia dijo no y los letrasdos recurrieron all\u00ed. En Espa\u00f1a, a la vez, solicitaron las medidas cautelares que siguieron.<\/p>\n<h3 class=\"\">\u00bfCu\u00e1l es el siguiente paso? \u00bfSe queda el ni\u00f1o en Espa\u00f1a?<\/h3>\n<p class=\"\">En pocos d\u00edas se espera una decisi\u00f3n definitiva desde Italia que, salvo sorpresa, ratificar\u00e1 que Daniel volver\u00e1 con su padre. Ahora, la permanencia en Espa\u00f1a est\u00e1 legalmente vigente, pero hay diversas opiniones en caso de que la decisi\u00f3n italiana sea definitiva.<\/p>\n<p class=\"\">Los abogados de Rivas insisten en que no afectar\u00e1 al menor, ya que est\u00e1 en Espa\u00f1a. Han aconsejado a Rivas que el ni\u00f1o permanezca con ella arropado por la justicia espa\u00f1ola. Ar\u00e1nguez ha explicado a EL PA\u00cdS su seguridad de que la estancia del menor en Espa\u00f1a en ning\u00fan caso ser\u00e1 perseguible por la justicia espa\u00f1ola. \u201cEs un ni\u00f1o espa\u00f1ol en peligro que est\u00e1 en Espa\u00f1a. Le tiene que proteger la jurisdicci\u00f3n espa\u00f1ola\u201d, concluye.<\/p>\n<p class=\"\">En el otro lado, fuentes cercanas a la fiscal\u00eda explican extraoficialmente a este diario que esa diferencia de criterio entre juzgados de pa\u00edses diferentes no suponen conflicto jurisdiccional, ya que, finalmente, la resoluci\u00f3n a cumplir ha de ser la italiana. Esas mismas fuentes opinan que la decisi\u00f3n que mantiene en Espa\u00f1a al menor se tom\u00f3 ante una posible situaci\u00f3n de riesgo que hac\u00eda conveniente o\u00edr a Daniel y que, una vez escuchado, era recomendable suspender provisionalmente el retorno del menor, todo ello amparado por el Convenio de La Haya, de protecci\u00f3n de menores.<\/p>\n<p class=\"\">El mismo convenio que, seg\u00fan estas fuentes, obligar\u00eda ahora a aceptar la decisi\u00f3n definitiva del Estado italiano una vez emita una resoluci\u00f3n definitiva, por ser el de residencia. El Ministerio de Igualdad, por otro lado, ha escrito en un comunicado que un reglamento [2019\/1111] del Consejo de la Uni\u00f3n Europea, \u201csobre la sustracci\u00f3n internacional de menores, deja la puerta abierta a denegar el reconocimiento de una resoluci\u00f3n de otro Estado en materia de responsabilidad parental si la misma fuera manifiestamente contrario al orden p\u00fablico oa que la competencia judicial corresponde al d\u00f3nde pa\u00eds est\u00e1 el menor de facto siempre y cuando existe un problema de orden p\u00fablico, considerando a este como un orden constitucional, en el que se respetan los derechos constitucionales de todas las personas por igual\u201d.<\/p>\n<p class=\"\">En Espa\u00f1a, tambi\u00e9n se vislumbra un problema de jurisdicci\u00f3n y competencia entre juzgados. Una vez que el Juzgado de Violencia contra la Mujer ha trasladado el caso a uno de Instrucci\u00f3n, este previsiblemente se consider\u00f3 incompetente. Eso pondr\u00e1 en marcha un conflicto de competencias que puede durar meses solo para saber qu\u00e9 juzgado se queda con el caso.<\/p>\n<\/div>\n\n","protected":false},"excerpt":{"rendered":"<p>El caso Juana Rivas se asemeja a esa soga de la que se tira con fuerza desde los extremos. A veces va a un lado, a veces va a otro y el juego puede durar mientras los jugadores aguanten. Excepto que sobre esta cuerda \u2015hecha de autos, recursos, declaraciones, jurisdicciones\u2015, en un equilibrio muy inestable, &hellip;<\/p>\n","protected":false},"author":1,"featured_media":9908,"comment_status":"open","ping_status":"open","sticky":false,"template":"","format":"standard","meta":{"fifu_image_url":"https:\/\/imagenes.elpais.com\/resizer\/v2\/DUXPRFB4BRC3RIMH6U6D2KCNKM.jpg?auth=c0ce4e6403cedeb1b68b7bfcbb876c6bf7e739e428c16541a4677d3d63791445&width=1200","fifu_image_alt":"","footnotes":""},"categories":[11],"tags":[],"class_list":["post-9906","post","type-post","status-publish","format-standard","has-post-thumbnail","","category-viaje"],"_links":{"self":[{"href":"https:\/\/noticiasveraces.com\/index.php?rest_route=\/wp\/v2\/posts\/9906","targetHints":{"allow":["GET"]}}],"collection":[{"href":"https:\/\/noticiasveraces.com\/index.php?rest_route=\/wp\/v2\/posts"}],"about":[{"href":"https:\/\/noticiasveraces.com\/index.php?rest_route=\/wp\/v2\/types\/post"}],"author":[{"embeddable":true,"href":"https:\/\/noticiasveraces.com\/index.php?rest_route=\/wp\/v2\/users\/1"}],"replies":[{"embeddable":true,"href":"https:\/\/noticiasveraces.com\/index.php?rest_route=%2Fwp%2Fv2%2Fcomments&post=9906"}],"version-history":[{"count":0,"href":"https:\/\/noticiasveraces.com\/index.php?rest_route=\/wp\/v2\/posts\/9906\/revisions"}],"wp:featuredmedia":[{"embeddable":true,"href":"https:\/\/noticiasveraces.com\/index.php?rest_route=\/wp\/v2\/media\/9908"}],"wp:attachment":[{"href":"https:\/\/noticiasveraces.com\/index.php?rest_route=%2Fwp%2Fv2%2Fmedia&parent=9906"}],"wp:term":[{"taxonomy":"category","embeddable":true,"href":"https:\/\/noticiasveraces.com\/index.php?rest_route=%2Fwp%2Fv2%2Fcategories&post=9906"},{"taxonomy":"post_tag","embeddable":true,"href":"https:\/\/noticiasveraces.com\/index.php?rest_route=%2Fwp%2Fv2%2Ftags&post=9906"}],"curies":[{"name":"wp","href":"https:\/\/api.w.org\/{rel}","templated":true}]}}