{"id":9893,"date":"2025-01-10T15:40:12","date_gmt":"2025-01-10T19:40:12","guid":{"rendered":"https:\/\/noticiasveraces.com\/?p=9893"},"modified":"2025-01-10T15:40:12","modified_gmt":"2025-01-10T19:40:12","slug":"libertad-de-expresion-no-es-emision-mentiras-dw-01-10-2025","status":"publish","type":"post","link":"https:\/\/noticiasveraces.com\/?p=9893","title":{"rendered":"libertad de expresi\u00f3n no es emisi\u00f3n \u00abmentiras\u00bb \u2013 DW \u2013 01\/10\/2025"},"content":{"rendered":"<p> \n<\/p>\n<div>\n<p>El presidente brasile\u00f1o Luiz In\u00e1cio Lula da Silva y su hom\u00f3logo franc\u00e9s Emmanuel Macron conversaron este viernes (01.10.2025) sobre las nuevas pol\u00edticas de la empresa Meta y compartieron su preocupaci\u00f3n por el fin de los sistemas de verificaci\u00f3n en las plataformas de la multinacional.<\/p>\n<p>\u00abCoincidieron en que libertad de expresi\u00f3n no significa libertad para difundir mentiras, prejuicios y ofensas\u00bb y \u00abconsideraron positivo que Brasil y Europa sigan trabajando juntos para impedir que la difusi\u00f3n de <em>noticias falsas<\/em> ponga en riesgo la soberan\u00eda de los pa\u00edses\u00bb, indic\u00f3 la presidencia brasile\u00f1a.<\/p>\n<p>La conversaci\u00f3n con Macron ocurri\u00f3 el mismo d\u00eda en que Lula reuni\u00f3 a varios de sus ministros para analizar la decisi\u00f3n de Meta, que el mandatario brasile\u00f1o calific\u00f3 de \u00abextremadamente grave\u00bb.<\/p>\n<p>En esa reuni\u00f3n, se decidi\u00f3 que la empresa ser\u00e1 \u00abnotificada\u00bb por la Abogac\u00eda General del Estado, a fin de que esclarezca sus nuevas pol\u00edticas y sobre todo si ser\u00e1n aplicadas en Brasil, ya que hasta ahora Meta ha dicho que estar\u00e1n limitadas a Estados Unidos. .<\/p>\n<p>Meta el anuncio martes que cesar\u00e1 su programa de fact-checking (verificaci\u00f3n digital) en Estados Unidos, un giro radical en sus pol\u00edticas de moderaci\u00f3n de contenido que sacudi\u00f3 el mundo de las comunicaciones.<\/p>\n<p>Seg\u00fan el fundador de la compa\u00f1\u00eda Mark Zuckerberg, Meta busca \u00abrestaurar la libertad de expresi\u00f3n en sus plataformas\u00bb y reemplazar\u00e1 la tarea de los verificadores por un sistema de notas comunitarias similares a las que utiliza la red social X.<\/p>\n<p>rr (efe\/afp)<\/p>\n<\/div>\n\n","protected":false},"excerpt":{"rendered":"<p>El presidente brasile\u00f1o Luiz In\u00e1cio Lula da Silva y su hom\u00f3logo franc\u00e9s Emmanuel Macron conversaron este viernes (01.10.2025) sobre las nuevas pol\u00edticas de la empresa Meta y compartieron su preocupaci\u00f3n por el fin de los sistemas de verificaci\u00f3n en las plataformas de la multinacional. \u00abCoincidieron en que libertad de expresi\u00f3n no significa libertad para difundir &hellip;<\/p>\n","protected":false},"author":1,"featured_media":9894,"comment_status":"open","ping_status":"open","sticky":false,"template":"","format":"standard","meta":{"fifu_image_url":"https:\/\/static.dw.com\/image\/68696221_6.jpg","fifu_image_alt":"","footnotes":""},"categories":[13],"tags":[],"class_list":["post-9893","post","type-post","status-publish","format-standard","has-post-thumbnail","","category-mundo"],"_links":{"self":[{"href":"https:\/\/noticiasveraces.com\/index.php?rest_route=\/wp\/v2\/posts\/9893","targetHints":{"allow":["GET"]}}],"collection":[{"href":"https:\/\/noticiasveraces.com\/index.php?rest_route=\/wp\/v2\/posts"}],"about":[{"href":"https:\/\/noticiasveraces.com\/index.php?rest_route=\/wp\/v2\/types\/post"}],"author":[{"embeddable":true,"href":"https:\/\/noticiasveraces.com\/index.php?rest_route=\/wp\/v2\/users\/1"}],"replies":[{"embeddable":true,"href":"https:\/\/noticiasveraces.com\/index.php?rest_route=%2Fwp%2Fv2%2Fcomments&post=9893"}],"version-history":[{"count":0,"href":"https:\/\/noticiasveraces.com\/index.php?rest_route=\/wp\/v2\/posts\/9893\/revisions"}],"wp:featuredmedia":[{"embeddable":true,"href":"https:\/\/noticiasveraces.com\/index.php?rest_route=\/wp\/v2\/media\/9894"}],"wp:attachment":[{"href":"https:\/\/noticiasveraces.com\/index.php?rest_route=%2Fwp%2Fv2%2Fmedia&parent=9893"}],"wp:term":[{"taxonomy":"category","embeddable":true,"href":"https:\/\/noticiasveraces.com\/index.php?rest_route=%2Fwp%2Fv2%2Fcategories&post=9893"},{"taxonomy":"post_tag","embeddable":true,"href":"https:\/\/noticiasveraces.com\/index.php?rest_route=%2Fwp%2Fv2%2Ftags&post=9893"}],"curies":[{"name":"wp","href":"https:\/\/api.w.org\/{rel}","templated":true}]}}