{"id":9863,"date":"2025-01-10T12:34:46","date_gmt":"2025-01-10T16:34:46","guid":{"rendered":"https:\/\/noticiasveraces.com\/?p=9863"},"modified":"2025-01-10T12:34:46","modified_gmt":"2025-01-10T16:34:46","slug":"trump-programa-reunion-con-putin-y-en-comunicacion-con-xi","status":"publish","type":"post","link":"https:\/\/noticiasveraces.com\/?p=9863","title":{"rendered":"Trump programa reuni\u00f3n con Putin y en comunicaci\u00f3n con Xi"},"content":{"rendered":"<p> \n<\/p>\n<div>\n<div class=\"article-gating gated-overlay\">\n<div class=\"article-gating-wrapper\">\n<p>\u00danase a Fox News para acceder a este contenido<\/p>\n<p>Adem\u00e1s, acceso especial a art\u00edculos seleccionados y otro contenido premium con su cuenta, sin cargo.<\/p>\n<div class=\"article-gating-legal tablet-desktop\">Al ingresar su correo electr\u00f3nico y presionar Continuar, acepta los T\u00e9rminos de uso y la Pol\u00edtica de privacidad de Fox News, que incluye nuestro Aviso de incentivo financiero.\n    <\/div>\n<p><span>Por favor, introduce una direcci\u00f3n de correo electr\u00f3nico v\u00e1lida.<\/span><\/p>\n<footer class=\"article-gating-footer\">\u00bfTienes problemas? Haga clic aqu\u00ed.<\/footer>\n<\/div>\n<\/div>\n<p class=\"speakable\">El presidente electo Donald Trump dijo el jueves que su equipo est\u00e1 preparando reuniones con el presidente ruso Vladimir Putin y el presidente chino Xi Jinping. <\/p>\n<p class=\"speakable\">\u00abQuiere reunirse. Y lo estamos organizando\u00bb, dijo a los periodistas durante una conferencia de prensa desde su club de Mar-a-Lago sobre Putin. \u00abPresidente Xi, hemos tenido mucha comunicaci\u00f3n. Hemos organizado muchas reuniones con mucha gente. <\/p>\n<p>\u00abPrefiero esperar hasta despu\u00e9s del d\u00eda 20\u00bb, a\u00f1adi\u00f3 en referencia a la fecha de su toma de posesi\u00f3n a finales de este mes.<\/p>\n<p>\u00abEl presidente Putin quiere reunirse\u00bb, a\u00f1adi\u00f3 Trump. \u00abTenemos que terminar esa guerra\u00bb.<\/p>\n<div class=\"image-ct inline\">\n<div class=\"m\"><picture><source media=\"(max-width: 767px)\" srcset=\"https:\/\/a57.foxnews.com\/static.foxnews.com\/foxnews.com\/content\/uploads\/2019\/06\/343\/192\/AP19179193345626.jpg?ve=1&amp;tl=1, https:\/\/a57.foxnews.com\/static.foxnews.com\/foxnews.com\/content\/uploads\/2019\/06\/686\/384\/AP19179193345626.jpg?ve=1&amp;tl=1 2x\" height=\"192\" width=\"343\"><source media=\"(min-width: 768px) and (max-width: 1023px)\" srcset=\"https:\/\/a57.foxnews.com\/static.foxnews.com\/foxnews.com\/content\/uploads\/2019\/06\/672\/378\/AP19179193345626.jpg?ve=1&amp;tl=1, https:\/\/a57.foxnews.com\/static.foxnews.com\/foxnews.com\/content\/uploads\/2019\/06\/1344\/756\/AP19179193345626.jpg?ve=1&amp;tl=1 2x\" height=\"378\" width=\"672\"><source media=\"(min-width: 1024px) and (max-width: 1279px)\" srcset=\"https:\/\/a57.foxnews.com\/static.foxnews.com\/foxnews.com\/content\/uploads\/2019\/06\/931\/523\/AP19179193345626.jpg?ve=1&amp;tl=1, https:\/\/a57.foxnews.com\/static.foxnews.com\/foxnews.com\/content\/uploads\/2019\/06\/1862\/1046\/AP19179193345626.jpg?ve=1&amp;tl=1 2x\" height=\"523\" width=\"931\"><source media=\"(min-width: 1280px)\" srcset=\"https:\/\/a57.foxnews.com\/static.foxnews.com\/foxnews.com\/content\/uploads\/2019\/06\/720\/405\/AP19179193345626.jpg?ve=1&amp;tl=1, https:\/\/a57.foxnews.com\/static.foxnews.com\/foxnews.com\/content\/uploads\/2019\/06\/1440\/810\/AP19179193345626.jpg?ve=1&amp;tl=1 2x\" height=\"405\" width=\"720\"><img loading=\"lazy\" decoding=\"async\" src=\"https:\/\/a57.foxnews.com\/static.foxnews.com\/foxnews.com\/content\/uploads\/2019\/06\/1200\/675\/AP19179193345626.jpg?ve=1&amp;tl=1\" alt=\"El presidente Donald Trump, a la derecha, le da la mano al presidente ruso Vladimir Putin durante una reuni\u00f3n bilateral al margen de la cumbre del G-20 en Osaka, Jap\u00f3n, el viernes 28 de junio de 2019.\" width=\"1200\" height=\"675\"\/><\/source><\/source><\/source><\/source><\/picture><\/div>\n<div class=\"info\">\n<div class=\"caption\">\n<p><span>El entonces presidente Donald Trump (derecha) le da la mano al presidente ruso Vladimir Putin durante una reuni\u00f3n bilateral al margen de la cumbre del G-20 en Osaka, Jap\u00f3n, el viernes 28 de junio de 2019.<\/span> <span>(Foto AP\/Susan Walsh)<\/span><\/p>\n<\/div>\n<\/div>\n<\/div>\n<p><strong>RUSIA SEGUIMIENTO DE LOS &#8216;DRAM\u00c1TICOS&#8217; COMENTARIOS DE TRUMP SOBRE LA ADQUISICI\u00d3N DE GROENLANDIA<\/strong><\/p>\n<p>Trump se\u00f1al\u00f3 las \u00abasombrosas\u00bb tasas de bajas sufridas tanto por Rusia como por Ucrania y sugiri\u00f3 que el n\u00famero de v\u00edctimas civiles probablemente tambi\u00e9n sea considerablemente mayor de lo que se ha informado. <\/p>\n<p>El Kremlin confirm\u00f3 los comentarios de Trump el viernes y dijo que estaba listo \u00abpara resolver los problemas a trav\u00e9s del di\u00e1logo\u00bb, inform\u00f3 la agencia de noticias rusa Tass.<\/p>\n<p>El enviado especial designado por Trump para Ucrania y Rusia, el general Keith Kellogg, dijo a Fox News Digital que se ha fijado el objetivo de poner fin a la guerra en Ucrania dentro de los 100 d\u00edas posteriores a asumir el cargo. <\/p>\n<p>Kellogg describi\u00f3 la guerra como una \u00abcarnicer\u00eda\u00bb, pero dijo que confiaba en que Trump pueda poner fin a la guerra en el \u00abcorto plazo\u00bb.<\/p>\n<p>El general retirado de tres estrellas dijo el jueves al programa \u00abAmerica Reports\u00bb de Fox News que \u00e9l y Trump se asegurar\u00e1n de que el acuerdo de alto el fuego sea \u00abjusto\u00bb y \u00abequitativo\u00bb, aunque no detall\u00f3 lo que esto significa en cuanto a retirar las fuerzas rusas de las fronteras internacionalmente reconocidas de Ucrania. <\/p>\n<div class=\"image-ct inline\">\n<div class=\"m\"><picture><source media=\"(max-width: 767px)\" srcset=\"https:\/\/a57.foxnews.com\/static.foxnews.com\/foxnews.com\/content\/uploads\/2024\/09\/343\/192\/AP24271512697470-scaled-e1727447398628.jpg?ve=1&amp;tl=1, https:\/\/a57.foxnews.com\/static.foxnews.com\/foxnews.com\/content\/uploads\/2024\/09\/686\/384\/AP24271512697470-scaled-e1727447398628.jpg?ve=1&amp;tl=1 2x\" height=\"192\" width=\"343\"><source media=\"(min-width: 768px) and (max-width: 1023px)\" srcset=\"https:\/\/a57.foxnews.com\/static.foxnews.com\/foxnews.com\/content\/uploads\/2024\/09\/672\/378\/AP24271512697470-scaled-e1727447398628.jpg?ve=1&amp;tl=1, https:\/\/a57.foxnews.com\/static.foxnews.com\/foxnews.com\/content\/uploads\/2024\/09\/1344\/756\/AP24271512697470-scaled-e1727447398628.jpg?ve=1&amp;tl=1 2x\" height=\"378\" width=\"672\"><source media=\"(min-width: 1024px) and (max-width: 1279px)\" srcset=\"https:\/\/a57.foxnews.com\/static.foxnews.com\/foxnews.com\/content\/uploads\/2024\/09\/931\/523\/AP24271512697470-scaled-e1727447398628.jpg?ve=1&amp;tl=1, https:\/\/a57.foxnews.com\/static.foxnews.com\/foxnews.com\/content\/uploads\/2024\/09\/1862\/1046\/AP24271512697470-scaled-e1727447398628.jpg?ve=1&amp;tl=1 2x\" height=\"523\" width=\"931\"><source media=\"(min-width: 1280px)\" srcset=\"https:\/\/a57.foxnews.com\/static.foxnews.com\/foxnews.com\/content\/uploads\/2024\/09\/720\/405\/AP24271512697470-scaled-e1727447398628.jpg?ve=1&amp;tl=1, https:\/\/a57.foxnews.com\/static.foxnews.com\/foxnews.com\/content\/uploads\/2024\/09\/1440\/810\/AP24271512697470-scaled-e1727447398628.jpg?ve=1&amp;tl=1 2x\" height=\"405\" width=\"720\"><img loading=\"lazy\" decoding=\"async\" src=\"https:\/\/a57.foxnews.com\/static.foxnews.com\/foxnews.com\/content\/uploads\/2024\/09\/1200\/675\/AP24271512697470-scaled-e1727447398628.jpg?ve=1&amp;tl=1\" alt=\"Trump Zelenskyy Nueva York\" width=\"1200\" height=\"675\"\/><\/source><\/source><\/source><\/source><\/picture><\/div>\n<div class=\"info\">\n<div class=\"caption\">\n<p><span>El expresidente Donald Trump, a la derecha, se re\u00fane con el presidente de Ucrania, Volodymyr Zelenskyy, en la Torre Trump el viernes 27 de septiembre de 2024 en Nueva York.<\/span> <span>(Foto AP\/Julia Demaree Nikhinson)<\/span><\/p>\n<\/div>\n<\/div>\n<\/div>\n<p>Trump no ha detallado c\u00f3mo piensa poner fin a la guerra de tres a\u00f1os, aunque sugiri\u00f3 que podr\u00eda apoyar la demanda de Putin de que se proh\u00edba a Ucrania ingresar a la alianza de la OTAN, y dijo a los periodistas el jueves que \u00abpod\u00eda entender\u00bb [Putin\u2019s] sentimiento de\u00bb no querer a la OTAN \u00aba sus puertas\u00bb.<\/p>\n<p>Antes de su invasi\u00f3n de Ucrania, Mosc\u00fa ya ten\u00eda en sus fronteras cuatro naciones que eran miembros de la alianza de seguridad internacional, incluidas Estonia, Letonia, Lituania y Polonia. Luego, Finlandia se uni\u00f3 a la OTAN en 2023, solicitando su membres\u00eda solo 3 meses despu\u00e9s de la invasi\u00f3n del 22 de febrero de 2022. <\/p>\n<p>Mosc\u00fa y Kiev han dejado claro que las estipulaciones relativas a la membres\u00eda de Ucrania en la OTAN no son negociables. <\/p>\n<p><strong>LOS L\u00cdDERES DE LA OTAN PREDICEN UNA ERA DEL 2% DE GASTO EN DEFENSA &#8216;PROBABLEMENTE HISTORIA&#8217; MIENTRAS TRUMP FLOTA UN OBJETIVO M\u00c1S ALTO<\/strong><\/p>\n<div class=\"image-ct inline\">\n<div class=\"m\"><picture><source media=\"(max-width: 767px)\" srcset=\"https:\/\/a57.foxnews.com\/static.foxnews.com\/foxnews.com\/content\/uploads\/2019\/08\/343\/192\/President-Xi-.jpg?ve=1&amp;tl=1, https:\/\/a57.foxnews.com\/static.foxnews.com\/foxnews.com\/content\/uploads\/2019\/08\/686\/384\/President-Xi-.jpg?ve=1&amp;tl=1 2x\" height=\"192\" width=\"343\"><source media=\"(min-width: 768px) and (max-width: 1023px)\" srcset=\"https:\/\/a57.foxnews.com\/static.foxnews.com\/foxnews.com\/content\/uploads\/2019\/08\/672\/378\/President-Xi-.jpg?ve=1&amp;tl=1, https:\/\/a57.foxnews.com\/static.foxnews.com\/foxnews.com\/content\/uploads\/2019\/08\/1344\/756\/President-Xi-.jpg?ve=1&amp;tl=1 2x\" height=\"378\" width=\"672\"><source media=\"(min-width: 1024px) and (max-width: 1279px)\" srcset=\"https:\/\/a57.foxnews.com\/static.foxnews.com\/foxnews.com\/content\/uploads\/2019\/08\/931\/523\/President-Xi-.jpg?ve=1&amp;tl=1, https:\/\/a57.foxnews.com\/static.foxnews.com\/foxnews.com\/content\/uploads\/2019\/08\/1862\/1046\/President-Xi-.jpg?ve=1&amp;tl=1 2x\" height=\"523\" width=\"931\"><source media=\"(min-width: 1280px)\" srcset=\"https:\/\/a57.foxnews.com\/static.foxnews.com\/foxnews.com\/content\/uploads\/2019\/08\/720\/405\/President-Xi-.jpg?ve=1&amp;tl=1, https:\/\/a57.foxnews.com\/static.foxnews.com\/foxnews.com\/content\/uploads\/2019\/08\/1440\/810\/President-Xi-.jpg?ve=1&amp;tl=1 2x\" height=\"405\" width=\"720\"><img loading=\"lazy\" decoding=\"async\" src=\"https:\/\/a57.foxnews.com\/static.foxnews.com\/foxnews.com\/content\/uploads\/2019\/08\/1200\/675\/President-Xi-.jpg?ve=1&amp;tl=1\" alt=\"Trump Xi Jinping\" width=\"1200\" height=\"675\"\/><\/source><\/source><\/source><\/source><\/picture><\/div>\n<div class=\"info\">\n<div class=\"caption\">\n<p><span>El entonces presidente Trump, a la izquierda, se re\u00fane con el presidente chino Xi Jinping durante una reuni\u00f3n al margen de la cumbre del G-20 en Osaka, Jap\u00f3n, el 29 de junio de 2019.<\/span> <span>(Foto AP\/Susan Walsh, archivo)<\/span><\/p>\n<\/div>\n<\/div>\n<\/div>\n<p>Trump no detall\u00f3 cu\u00e1ndo podr\u00eda reunirse con el presidente chino y no est\u00e1 claro si Xi tiene planes de reunirse personalmente con \u00e9l.<\/p>\n<p>Seg\u00fan se informa, Trump invit\u00f3 a Xi a su ceremonia de toma de posesi\u00f3n, aunque Beijing dijo que en su lugar enviar\u00eda un enviado de alto nivel, lo cual est\u00e1 m\u00e1s en l\u00ednea con la tradici\u00f3n. <\/p>\n<p>En su \u00faltima reuni\u00f3n con el presidente Biden en noviembre, Xi hab\u00eda expresado su voluntad de trabajar con el ex y futuro presidente de Estados Unidos.<\/p>\n<p>Sin embargo, Trump, quien una vez dijo que \u00e9l y Xi \u00abse aman\u00bb, a finales de noviembre prometi\u00f3 imponer aranceles del 60% a China y luego esta semana dijo que considerar\u00eda utilizar una acci\u00f3n militar para apoderarse del Canal de Panam\u00e1, al que Estados Unidos devolvi\u00f3 Panam\u00e1 en 1979 antes de poner fin a su asociaci\u00f3n sobre el control de la v\u00eda estrat\u00e9gica en 1999.<\/p>\n<p>\u00abEl Canal de Panam\u00e1 es vital para nuestro pa\u00eds y est\u00e1 siendo operado por China, China. Le dimos el Canal de Panam\u00e1 a Panam\u00e1, no se lo dimos a China\u00bb, a\u00f1adi\u00f3. <\/p>\n<div class=\"image-ct inline\">\n<div class=\"m\"><picture><source media=\"(max-width: 767px)\" srcset=\"https:\/\/a57.foxnews.com\/static.foxnews.com\/foxnews.com\/content\/uploads\/2025\/01\/343\/192\/gettyimages-2191009566.jpg?ve=1&amp;tl=1, https:\/\/a57.foxnews.com\/static.foxnews.com\/foxnews.com\/content\/uploads\/2025\/01\/686\/384\/gettyimages-2191009566.jpg?ve=1&amp;tl=1 2x\" height=\"192\" width=\"343\"><source media=\"(min-width: 768px) and (max-width: 1023px)\" srcset=\"https:\/\/a57.foxnews.com\/static.foxnews.com\/foxnews.com\/content\/uploads\/2025\/01\/672\/378\/gettyimages-2191009566.jpg?ve=1&amp;tl=1, https:\/\/a57.foxnews.com\/static.foxnews.com\/foxnews.com\/content\/uploads\/2025\/01\/1344\/756\/gettyimages-2191009566.jpg?ve=1&amp;tl=1 2x\" height=\"378\" width=\"672\"><source media=\"(min-width: 1024px) and (max-width: 1279px)\" srcset=\"https:\/\/a57.foxnews.com\/static.foxnews.com\/foxnews.com\/content\/uploads\/2025\/01\/931\/523\/gettyimages-2191009566.jpg?ve=1&amp;tl=1, https:\/\/a57.foxnews.com\/static.foxnews.com\/foxnews.com\/content\/uploads\/2025\/01\/1862\/1046\/gettyimages-2191009566.jpg?ve=1&amp;tl=1 2x\" height=\"523\" width=\"931\"><source media=\"(min-width: 1280px)\" srcset=\"https:\/\/a57.foxnews.com\/static.foxnews.com\/foxnews.com\/content\/uploads\/2025\/01\/720\/405\/gettyimages-2191009566.jpg?ve=1&amp;tl=1, https:\/\/a57.foxnews.com\/static.foxnews.com\/foxnews.com\/content\/uploads\/2025\/01\/1440\/810\/gettyimages-2191009566.jpg?ve=1&amp;tl=1 2x\" height=\"405\" width=\"720\"><img loading=\"lazy\" decoding=\"async\" src=\"https:\/\/a57.foxnews.com\/static.foxnews.com\/foxnews.com\/content\/uploads\/2025\/01\/1200\/675\/gettyimages-2191009566.jpg?ve=1&amp;tl=1\" alt=\"Los barcos pasan por el canal de Panam\u00e1.\" width=\"1200\" height=\"675\"\/><\/source><\/source><\/source><\/source><\/picture><\/div>\n<div class=\"info\">\n<div class=\"caption\">\n<p><span>El carguero de las Islas Marshall Cape Hellas y el carguero portugu\u00e9s MSC Elma navegan en el lago Gat\u00fan cerca de las Esclusas de Agua Clara del Canal de Panam\u00e1 en la ciudad de Col\u00f3n, Panam\u00e1, el 28 de diciembre de 2024.<\/span> <span>(ARNULFO FRANCO\/AFP v\u00eda Getty Images)<\/span><\/p>\n<\/div>\n<\/div>\n<\/div>\n<p><strong>HAGA CLIC AQU\u00cd PARA OBTENER LA APLICACI\u00d3N FOX NEWS<\/strong><\/p>\n<p>Fox News Digital no pudo comunicarse de inmediato con la Embajada de Panam\u00e1 en Washington, DC para hacer comentarios.<\/p>\n<p>El equipo de transici\u00f3n de Trump no respondi\u00f3 a las preguntas de Fox News Digital sobre la preocupaci\u00f3n de provocar una confrontaci\u00f3n militar con China en Panam\u00e1. <\/p>\n<\/div>\n\n","protected":false},"excerpt":{"rendered":"<p>\u00danase a Fox News para acceder a este contenido Adem\u00e1s, acceso especial a art\u00edculos seleccionados y otro contenido premium con su cuenta, sin cargo. Al ingresar su correo electr\u00f3nico y presionar Continuar, acepta los T\u00e9rminos de uso y la Pol\u00edtica de privacidad de Fox News, que incluye nuestro Aviso de incentivo financiero. Por favor, introduce &hellip;<\/p>\n","protected":false},"author":1,"featured_media":9865,"comment_status":"open","ping_status":"open","sticky":false,"template":"","format":"standard","meta":{"fifu_image_url":"https:\/\/static.foxnews.com\/foxnews.com\/content\/uploads\/2025\/01\/putin_trump_xi.png","fifu_image_alt":"","footnotes":""},"categories":[13],"tags":[],"class_list":["post-9863","post","type-post","status-publish","format-standard","has-post-thumbnail","","category-mundo"],"_links":{"self":[{"href":"https:\/\/noticiasveraces.com\/index.php?rest_route=\/wp\/v2\/posts\/9863","targetHints":{"allow":["GET"]}}],"collection":[{"href":"https:\/\/noticiasveraces.com\/index.php?rest_route=\/wp\/v2\/posts"}],"about":[{"href":"https:\/\/noticiasveraces.com\/index.php?rest_route=\/wp\/v2\/types\/post"}],"author":[{"embeddable":true,"href":"https:\/\/noticiasveraces.com\/index.php?rest_route=\/wp\/v2\/users\/1"}],"replies":[{"embeddable":true,"href":"https:\/\/noticiasveraces.com\/index.php?rest_route=%2Fwp%2Fv2%2Fcomments&post=9863"}],"version-history":[{"count":0,"href":"https:\/\/noticiasveraces.com\/index.php?rest_route=\/wp\/v2\/posts\/9863\/revisions"}],"wp:featuredmedia":[{"embeddable":true,"href":"https:\/\/noticiasveraces.com\/index.php?rest_route=\/wp\/v2\/media\/9865"}],"wp:attachment":[{"href":"https:\/\/noticiasveraces.com\/index.php?rest_route=%2Fwp%2Fv2%2Fmedia&parent=9863"}],"wp:term":[{"taxonomy":"category","embeddable":true,"href":"https:\/\/noticiasveraces.com\/index.php?rest_route=%2Fwp%2Fv2%2Fcategories&post=9863"},{"taxonomy":"post_tag","embeddable":true,"href":"https:\/\/noticiasveraces.com\/index.php?rest_route=%2Fwp%2Fv2%2Ftags&post=9863"}],"curies":[{"name":"wp","href":"https:\/\/api.w.org\/{rel}","templated":true}]}}