{"id":9854,"date":"2025-01-10T09:40:10","date_gmt":"2025-01-10T13:40:10","guid":{"rendered":"https:\/\/noticiasveraces.com\/?p=9854"},"modified":"2025-01-10T09:40:10","modified_gmt":"2025-01-10T13:40:10","slug":"abre-las-puertas-a-saltarse-las-normas","status":"publish","type":"post","link":"https:\/\/noticiasveraces.com\/?p=9854","title":{"rendered":"\u00abAbre las puertas a saltarse las normas\u00bb"},"content":{"rendered":"<p> \n<\/p>\n<div id=\"intext\">\n<p>Atl\u00e9tico de Madrid, Athletic, Valencia, Espanyol, Las Palmas, LaLiga&#8230; Las reacciones dentro del f\u00fatbol espa\u00f1ol a la decisi\u00f3n del Consejo Superior de Deportes (CSD) de otorgar la cautelar urgente para que Dani Olmo y Pau V\u00edctor sean reinscritos pese a la postura en contra de la RFEF y LaLiga se sigue sucediendo. El malestar de muchos clubes est\u00e1 quedando patente en forma de comunicados o, como en el caso del Athletic, en boca de su presidente.<\/p>\n<p>El Atl\u00e9tico de Madrid emiti\u00f3 un comunicado anoche en el que subrayaba su \u00abprofunda preocupaci\u00f3n por la situaci\u00f3n generada en el f\u00fatbol espa\u00f1ol tras la resoluci\u00f3n adoptada\u00bb por el CSD. El club rojiblanco considera que esa decisi\u00f3n \u00abpone en peligro el actual sistema, cuestionando las reglas del juego\u00bb.<\/p>\n<p>Esta intervenci\u00f3n gubernamental crea un precedente muy peligroso, ya que abre las puertas a saltarse las normas e incurrir en los graves errores del pasado. El Atl\u00e9tico de Madrid mantiene su compromiso con el rigor y la gesti\u00f3n responsable. Sin unas normas claras e iguales para todos, no hay competici\u00f3n justa posible\u00bb, argument\u00f3 el Atl\u00e9tico en dicho comunicado.<\/p>\n<p>El RCD Espanyol ha lanzado un comunicado este mismo viernes en el que muestra su \u00abinquietud y preocupaci\u00f3n por la situaci\u00f3n que se ha generado en el f\u00fatbol espa\u00f1ol tras la resoluci\u00f3n adoptada y hecha p\u00fablica por el Consejo Superior de Deportes\u00bb. El club perico cree que se ha creado \u00abun precedente muy peligroso y supone una amenaza a la integridad de la competici\u00f3n, tal y como han denunciado en diferentes declaraciones y comunicados otros clubes, as\u00ed como la RFEF y LaLiga\u00bb.<\/p>\n<p>\u00abSin embargo, el CSD dej\u00f3 en evidencia y desautoriz\u00f3 a ambas instituciones con su decisi\u00f3n. Desde el RCD Espanyol se insta a revisar esta resoluci\u00f3n que genera incertidumbre y amenaza los principios de igualdad y justicia de la competici\u00f3n\u00bb, apunta el comunicado del Espanyol.<\/p>\n<p>El Valencia CF muestra tambi\u00e9n \u00absu desacuerdo con la decisi\u00f3n tomada por el Consejo Superior de Deportes, contraria a la posici\u00f3n mantenida tanto por LaLiga como por la RFEF\u00bb<\/p>\n<p>\u00abEl Valencia CF desea manifestar su desacuerdo con la decisi\u00f3n tomada por el Consejo Superior de Deportes, contraria a la posici\u00f3n mantenida tanto por LaLiga como por la RFEF. Entendemos que es perjudicial para la integridad de la competici\u00f3n y adem\u00e1s pone en riesgo los pilares fundamentales de la gesti\u00f3n econ\u00f3mica del f\u00fatbol profesional\u00bb, se\u00f1ala el Valencia en un comunicado emitido este viernes.<\/p>\n<p>\u00abPor otro lado, el Valencia CF muestra su preocupaci\u00f3n ante el impacto que esta medida puede tener en el Control Econ\u00f3mico de LaLiga, una normativa aprobada por todos los clubes que ha sido clave para garantizar la sostenibilidad financiera del f\u00fatbol espa\u00f1ol. Con esta decisi\u00f3n queda amenazado un sistema que ha sido reconocido tanto en la Ley del Deporte, como desde otros pa\u00edses y es, adem\u00e1s, peligroso para el futuro de la competici\u00f3n\u00bb, finaliza el comunicado del club valencianista.<\/p>\n<p>Jon Uriarte, presidente del Athletic, reaccion\u00f3 el mismo mi\u00e9rcoles e indic\u00f3 que \u00abllevamos ocho d\u00edas del a\u00f1o nuevo y estamos viviendo algo alucinante\u00bb.<\/p>\n<p>\u00abPor un lado a los clubes se nos pide hacer un esfuerzo por crecer y por hacer nuestras competiciones m\u00e1s grandes y por otro hacer esfuerzos como venir aqu\u00ed, a un pa\u00eds lejos de nuestros aficionados, a disputar estos partidos. Y luego vivimos situaciones esperp\u00e9nticas. No se puede vivir una situaci\u00f3n as\u00ed porque viene muy mal para el f\u00fatbol espa\u00f1ol\u00bb, lament\u00f3 el presidente del club bilba\u00edno en declaraciones a Movistar+.<\/p>\n<p>\u00abLo que he le\u00eddo antes de esta entrevista es que es una decisi\u00f3n provisional tomada por un \u00f3rgano pol\u00edtico y ahora son la Liga y la Federaci\u00f3n con sus alegaciones los que tendr\u00e1n que defender la decisi\u00f3n que tomaron\u00bb, a\u00f1adi\u00f3 Uriarte.<\/p>\n<p>La UD Las Palmas tambi\u00e9n se ha mostrado en contra de la decisi\u00f3n del CSD de otorgar la cautelar urgente a Dani Olmo y Pau V\u00edctor, se\u00f1alando su \u00ababsoluto desacuerdo\u00bb<\/p>\n<p>\u00abConsideramos que esta decisi\u00f3n supone un grave peligro para la integridad de la competici\u00f3n y sienta un precedente preocupante que puede desestabilizar las bases del f\u00fatbol profesional en nuestro pa\u00eds. Es especialmente llamativo que esta resoluci\u00f3n haya sido adoptada con una celeridad inusual, sin dar lugar a la vista ni a la participaci\u00f3n de LaLiga y la RFEF, actores clave en la gesti\u00f3n del f\u00fatbol espa\u00f1ol Este procedimiento ha ignorado decisiones previas tanto del propio CSD como de los tribunales de justicia, lo que genera una sensaci\u00f3n de arbitrariedad incompatible con los. principios de transparencia y equidad que deben regir cualquier proceso de este tipo\u00bb, indica el club canario.<\/p>\n<p>\u00abEl da\u00f1o causado por esta resoluci\u00f3n trasciende el caso puntual de los jugadores implicados. Su impacto pone en peligro el sistema de Control Econ\u00f3mico de LaLiga, una herramienta reconocida y elogiada en la Ley del Deporte, que ha sido esencial para garantizar la sostenibilidad econ\u00f3mica de los clubes, admirado internacionalmente, ha permitido salvar a numerosas entidades hist\u00f3ricas de la ruina sin dejar de asegurar una competencia equilibrada tanto dentro como fuera del campo. Ahora, esta medida del CSD contradice directamente los principios establecidos en dicha ley, generando incertidumbre. sobre el futuro del f\u00fatbol profesional espa\u00f1ol Desde la UD Las Palmas instamos a que se revisan con detenimiento los efectos de estas y confiamos en que medidas se restablezca el respeto por las normas que garantizan la integridad de nuestra competici\u00f3n\u00bb, solicita la UD Las Palmas.<\/p>\n<p>Javier Tebas tambi\u00e9n se mostr\u00f3 contrario a la decisi\u00f3n del CSD y carg\u00f3 contra la decisi\u00f3n adoptada a trav\u00e9s de un mensaje en su cuenta de X, apuntado a que \u00abcon esta medida cautelar, el CSD contradice lo expuesto en los motivos de la Ley del Deporte , donde se elogia el control econ\u00f3mico de LaLiga\u00bb.<\/p>\n<p>La propia Liga emiti\u00f3 un comunicado apuntando al hecho de no tener constancia y desconocer \u00ablos argumentos esgrimidos por los jugadores y el FC Barcelona en el recurso\u00bb. Adem\u00e1s, la patronal del f\u00fatbol espa\u00f1ol muestra \u00absu absoluta disconformidad\u00bb con la decisi\u00f3n del CSD.<\/p>\n<p>\u00abLa Resoluci\u00f3n se ha adoptado sin haber dado traslado del recurso ni haber dado tr\u00e1mite de alegaciones a LALIGA ni a la RFEF, por lo que en estos momentos se desconocen los argumentos esgrimidos por los jugadores y el FC Barcelona en el recurso. Se proceder\u00e1 a Estudiar detenidamente el contenido de la resoluci\u00f3n a efectos de plantear los recursos que proceden, sin perjuicio de manifestar su absoluta disconformidad con la misma\u00bb, se\u00f1ala LaLiga en un comunicado.<\/p>\n<p><i>S\u00edguenos en nuestro canal de WhatsApp y no te pierdas la \u00faltima hora y toda la actualidad de antena3noticias.com<\/i><\/p>\n<div class=\"recirculation-video\" data-mod=\"a3mod_recirculation_video\">\n<div class=\"recirculation-video-wrapper\">\n<div>\n<div class=\"video-wrapper\">\n  <picture class=\"video-main-picture\"><source media=\"(min-width: 481px)\" srcset=\"https:\/\/fotografias.antena3.com\/clipping\/cmsimages02\/2025\/01\/09\/C40CA7F7-22BB-46A6-917C-A60BCA794083\/jose-paz-deportista-paralimpico-momento-entrenamiento_94.jpg?crop=2048,1152,x0,y109&amp;width=800&amp;height=450&amp;optimize=medium&amp;format=webply\" width=\"800\" height=\"450\"><source media=\"(min-width: 391px) and (max-width: 480px)\" srcset=\"https:\/\/fotografias.antena3.com\/clipping\/cmsimages02\/2025\/01\/09\/C40CA7F7-22BB-46A6-917C-A60BCA794083\/jose-paz-deportista-paralimpico-momento-entrenamiento_70.jpg?crop=2048,1152,x0,y109&amp;width=480&amp;height=270&amp;optimize=high&amp;format=webply\" width=\"480\" height=\"270\"><source media=\"(min-width: 321px) and (max-width: 390px)\" srcset=\"https:\/\/fotografias.antena3.com\/clipping\/cmsimages02\/2025\/01\/09\/C40CA7F7-22BB-46A6-917C-A60BCA794083\/jose-paz-deportista-paralimpico-momento-entrenamiento_92.jpg?crop=2048,1150,x0,y110&amp;width=390&amp;height=219&amp;optimize=high&amp;format=webply\" width=\"390\" height=\"219\"><source media=\"(max-width: 320px)\" srcset=\"https:\/\/fotografias.antena3.com\/clipping\/cmsimages02\/2025\/01\/09\/C40CA7F7-22BB-46A6-917C-A60BCA794083\/jose-paz-deportista-paralimpico-momento-entrenamiento_52.jpg?crop=2048,1152,x0,y109&amp;width=320&amp;height=180&amp;optimize=high&amp;format=webply\" width=\"320\" height=\"180\"><img decoding=\"async\" title=\"Jos\u00e9 Paz, deportista paral\u00edmpico, en un momento de su entrenamiento\" alt=\"Jos\u00e9 Paz, deportista paral\u00edmpico, en un momento de su entrenamiento\" width=\"480\" height=\"270\" src=\"https:\/\/fotografias.antena3.com\/clipping\/cmsimages02\/2025\/01\/09\/C40CA7F7-22BB-46A6-917C-A60BCA794083\/jose-paz-deportista-paralimpico-momento-entrenamiento_70.jpg?crop=2048,1152,x0,y109&amp;width=480&amp;height=270&amp;optimize=high&amp;format=webply\" loading=\"lazy\" class=\"lazy\"\/><br \/>\n  <\/source><\/source><\/source><\/source><\/picture>\n <\/div>\n<\/div><\/div>\n<\/p><\/div>\n<\/div>\n\n","protected":false},"excerpt":{"rendered":"<p>Atl\u00e9tico de Madrid, Athletic, Valencia, Espanyol, Las Palmas, LaLiga&#8230; Las reacciones dentro del f\u00fatbol espa\u00f1ol a la decisi\u00f3n del Consejo Superior de Deportes (CSD) de otorgar la cautelar urgente para que Dani Olmo y Pau V\u00edctor sean reinscritos pese a la postura en contra de la RFEF y LaLiga se sigue sucediendo. El malestar de &hellip;<\/p>\n","protected":false},"author":1,"featured_media":9856,"comment_status":"open","ping_status":"open","sticky":false,"template":"","format":"standard","meta":{"fifu_image_url":"https:\/\/fotografias.antena3.com\/clipping\/cmsimages01\/2025\/01\/10\/1F5115DD-1BEF-4005-B7D5-185E8987BE34\/pau-victor-dani-olmo-imagen-archivo_69.jpg?crop=5250,2953,x0,y0&width=1280&height=720&optimize=low&format=jpg","fifu_image_alt":"","footnotes":""},"categories":[6],"tags":[],"class_list":["post-9854","post","type-post","status-publish","format-standard","has-post-thumbnail","","category-deportes"],"_links":{"self":[{"href":"https:\/\/noticiasveraces.com\/index.php?rest_route=\/wp\/v2\/posts\/9854","targetHints":{"allow":["GET"]}}],"collection":[{"href":"https:\/\/noticiasveraces.com\/index.php?rest_route=\/wp\/v2\/posts"}],"about":[{"href":"https:\/\/noticiasveraces.com\/index.php?rest_route=\/wp\/v2\/types\/post"}],"author":[{"embeddable":true,"href":"https:\/\/noticiasveraces.com\/index.php?rest_route=\/wp\/v2\/users\/1"}],"replies":[{"embeddable":true,"href":"https:\/\/noticiasveraces.com\/index.php?rest_route=%2Fwp%2Fv2%2Fcomments&post=9854"}],"version-history":[{"count":0,"href":"https:\/\/noticiasveraces.com\/index.php?rest_route=\/wp\/v2\/posts\/9854\/revisions"}],"wp:featuredmedia":[{"embeddable":true,"href":"https:\/\/noticiasveraces.com\/index.php?rest_route=\/wp\/v2\/media\/9856"}],"wp:attachment":[{"href":"https:\/\/noticiasveraces.com\/index.php?rest_route=%2Fwp%2Fv2%2Fmedia&parent=9854"}],"wp:term":[{"taxonomy":"category","embeddable":true,"href":"https:\/\/noticiasveraces.com\/index.php?rest_route=%2Fwp%2Fv2%2Fcategories&post=9854"},{"taxonomy":"post_tag","embeddable":true,"href":"https:\/\/noticiasveraces.com\/index.php?rest_route=%2Fwp%2Fv2%2Ftags&post=9854"}],"curies":[{"name":"wp","href":"https:\/\/api.w.org\/{rel}","templated":true}]}}