{"id":9849,"date":"2025-01-10T09:28:10","date_gmt":"2025-01-10T13:28:10","guid":{"rendered":"https:\/\/noticiasveraces.com\/?p=9849"},"modified":"2025-01-10T09:28:10","modified_gmt":"2025-01-10T13:28:10","slug":"el-gobierno-provoca-la-ira-de-cientos-de-academicos-al-cancelar-una-ayuda-millonaria-para-ia-con-el-pretexto-de-la-dana-ciencia","status":"publish","type":"post","link":"https:\/\/noticiasveraces.com\/?p=9849","title":{"rendered":"El Gobierno provoca la ira de cientos de acad\u00e9micos al cancelar una ayuda millonaria para IA con el pretexto de la dana | Ciencia"},"content":{"rendered":"<p> \n<\/p>\n<div data-dtm-region=\"articulo_cuerpo\">\n<p class=\"\">La cancelaci\u00f3n sin explicaciones en plenas fiestas navide\u00f1as de una convocatoria millonaria de ayudas para investigar sobre inteligencia artificial (IA) ha causado rabia y revuelo entre cientos de acad\u00e9micos espa\u00f1oles. \u201cPersonalmente, he perdido la confianza en que el Estado quiera y pueda ayudar a la investigaci\u00f3n de IA en este pa\u00eds\u201d, dice Jos\u00e9 Hern\u00e1ndez-Orallo, catedr\u00e1tico de la Universitat Polit\u00e8cnica de Val\u00e8ncia e investigador del Centro Leverhulme para el Futuro de la Inteligencia de la Universidad de Cambridge. \u201cNo se sostiene por ninguna parte, nadie ha visto algo as\u00ed\u201d, dice Ulises Cort\u00e9s, catedr\u00e1tico de la Universitat Polit\u00e8cnica de Catalunya.<\/p>\n<p class=\"\">La ayuda de 31 millones de euros fue convocada en verano de 2023 por el entonces Ministerio de Universidades de Joan Subirats. Cientos de acad\u00e9micos corrieron para coordinarse en plenas vacaciones y presentar sus mejores proyectos. En unos meses conocer\u00edan los resultados de un llamamiento de una magnitud in\u00e9dita. \u201cAl principio a todo el mundo le extra\u00f1\u00f3 la convocatoria, era poco habitual con proyectos grandes, pero se crearon consorcios muy potentes\u201d, dice Cort\u00e9s.<\/p>\n<p class=\"\">Pero desde la primavera de 2024 hubo solo silencio. Por aquel entonces \u201cse supo que hab\u00eda una lista provisional de beneficiarios y que la evaluaci\u00f3n hab\u00eda concluido\u201d, dice Alfonso Ure\u00f1a, catedr\u00e1tico de la Universidad de Ja\u00e9n. El silencio fue duro hasta casi el \u00faltimo d\u00eda del a\u00f1o. El 30 de diciembre el Ministerio de Ciencia, ahora encargado de Universidades, mand\u00f3 una carta a los solicitantes: unas \u201ccircunstancias sobrevenidas\u201d hac\u00edan que no fuera posible \u201ct\u00e9cnicamente resolver esta convocatoria\u201d. El mensaje citaba adem\u00e1s la \u201cnecesidad de priorizar\u201d los recursos para la dana valenciana de octubre. Orallo, catedr\u00e1tico en Valencia, cree que es \u201cuna excusa miserable, quiz\u00e1s porque podr\u00eda ser ilegal cancelar una convocatoria as\u00ed sin una raz\u00f3n de fuerza mayor y han aprovechado una calamidad, es vergonzoso\u201d. \u201cNo solo la cancelan, sino que la transparencia, como administraci\u00f3n p\u00fablica, es cero\u201d, a\u00f1ade.<\/p>\n<p class=\"\">El pretexto de la danza genera muchas dudas entre los acad\u00e9micos, especialmente atendiendo a las fechas. El 22 de marzo de 2024 Alejandro Rodr\u00edguez Gonz\u00e1lez, catedr\u00e1tico de la Universidad Polit\u00e9cnica de Madrid, recibi\u00f3 un correo donde le dec\u00edan que los proyectos ya estaban evaluados. \u201cNo digo que los fondos no se vayan a destino a la dana, que habr\u00eda que demostrarlo, pero que esta convocatoria ya estaba herida de muerte antes de la dana, parece un hecho\u201d, dice Rodr\u00edguez Gonz\u00e1lez.<\/p>\n<p class=\"\">El momento en que el Ministerio de Ciencia dej\u00f3 de responder dan una pista sobre qu\u00e9 pudo ocurrir. Unas declaraciones del Gobierno apuntaban a cambios en la Secretar\u00eda General de Universidades como posible factor de los retrasos en esta convocatoria. Ese cambio fue en mayo de 2024, cuando abandon\u00f3 el secretario de Universidades, Jos\u00e9 Manuel Pingarr\u00f3n, que estaba en el cargo desde 2018 y que hab\u00eda sobrevivido a tres ministros. Pingarr\u00f3n nunca fue del c\u00edrculo de confianza de la ministra de Ciencia, Diana Morant, y hab\u00eda ido perdiendo competencias desde que situaron por encima de \u00e9l a un secretario de Estado de Ciencia y Universidades, Juan Cruz Cigudosa.<\/p>\n<figure class=\"a_m a_m-h \"><span class=\"_db a_m_w _pr lb_btn\"><img alt=\"Los entonces ministros Joan Subirats y Diana Morant, en 2023.\" decoding=\"auto\" class=\"_re lazyload a_m-h\" height=\"277\" srcset=\"https:\/\/imagenes.elpais.com\/resizer\/v2\/NDT6EKWDLFB3ZNVZAW5YVRVCEA.jpg?auth=2eaff4539b74b92c5cf04aa6ea92fd2f5278250b69d146037497399a32c6f8cd&amp;width=414 414w,https:\/\/imagenes.elpais.com\/resizer\/v2\/NDT6EKWDLFB3ZNVZAW5YVRVCEA.jpg?auth=2eaff4539b74b92c5cf04aa6ea92fd2f5278250b69d146037497399a32c6f8cd&amp;width=828 640w,https:\/\/imagenes.elpais.com\/resizer\/v2\/NDT6EKWDLFB3ZNVZAW5YVRVCEA.jpg?auth=2eaff4539b74b92c5cf04aa6ea92fd2f5278250b69d146037497399a32c6f8cd&amp;width=980 1000w,https:\/\/imagenes.elpais.com\/resizer\/v2\/NDT6EKWDLFB3ZNVZAW5YVRVCEA.jpg?auth=2eaff4539b74b92c5cf04aa6ea92fd2f5278250b69d146037497399a32c6f8cd&amp;width=1960 1960w\" width=\"414\" sizes=\"auto, (min-width:1199px) 1155px,(min-width:1001px) calc(100vw - 44px),(min-width:768px) 767px, 100vw\" src=\"https:\/\/imagenes.elpais.com\/resizer\/v2\/NDT6EKWDLFB3ZNVZAW5YVRVCEA.jpg?auth=2eaff4539b74b92c5cf04aa6ea92fd2f5278250b69d146037497399a32c6f8cd&amp;width=414\" loading=\"lazy\"\/><svg class=\"icon_multimedia_ampliar | _pa a_m_i a_m_i-a _dn\" viewbox=\"0 0 40 40\"><use xlink:href=\"#svg-ampliar\"\/><\/svg><\/span><figcaption class=\"a_m_p\"><span>Los entonces ministros Joan Subirats y Diana Morant, en 2023.<\/span><span class=\"a_m_m\">Gianluca Battista<\/span><\/figcaption><\/figure>\n<p class=\"\">\u201cEs una convocatoria que sal\u00eda de un Ministerio anterior y no se ajustaba con la pol\u00edtica que quer\u00edan propugnar ahora\u201d, dice Cort\u00e9s. \u201cNo creo que tenga que ver con la dana, se evalu\u00f3 mucho antes del verano\u201d, a\u00f1ade. A los acad\u00e9micos les preocupa que no se hayan publicado ni las evaluaciones ni los supuestos beneficiarios. Un grupo de afectados se ha reunido para recoger firmas de manera colectiva. Su primera exigencia es precisamente \u201cla publicaci\u00f3n de los resultados de las evaluaciones de nuestros proyectos y la resoluci\u00f3n provisional y final de los proyectos beneficiarios\u201d. Para Cort\u00e9s, esos detalles legales prueban la precisi\u00f3n y complejidad con la que se ha valorado la decisi\u00f3n: \u201cHa habido un equipo de abogados que han defendido los intereses del Estado y cuando tienen que entrar abogados para contar una decisi\u00f3n pol\u00edtica pues ya se sabe\u201d .<\/p>\n<h3 class=\"\">promesa de nueva convocatoria<\/h3>\n<p class=\"\">Los 31 millones de este plan proced\u00edan de fondos europeos y formaban parte de la Estrategia Nacional de IA, que se enmarca dentro del Plan espa\u00f1ol de Recuperaci\u00f3n, Transformaci\u00f3n y Resiliencia. Preguntado por este peri\u00f3dico, un portavoz del Ministerio dice que estos 31 millones se incluyen tambi\u00e9n \u201cen el marco de la Estrategia nacional del Gobierno de Espa\u00f1a, en el que se plantean distintos instrumentos de gesti\u00f3n\u201d y que por eso \u201cel dinero ser\u00e1 asignado e informaremos convenientemente cuando lo hagamos\u201d. Sobre la promesa de una nueva convocatoria en el futuro no se dan detalles: \u201cEl compromiso del Ministerio es que, en el menor tiempo posible, se elabora una nueva convocatoria en 2025, que en esta ocasi\u00f3n ser\u00e1 gestionada por la Agencia Estatal de Investigaci\u00f3n\u201d .<\/p>\n<p class=\"\">Tampoco se aclara si servir\u00e1n las mismas propuestas ni si la financiaci\u00f3n ser\u00e1 igual: solo a\u00f1adir\u00e1n que \u201cresponder\u00e1 a los objetivos cient\u00edficos que inspiraron la convocatoria inicial, con una dotaci\u00f3n econ\u00f3mica y un dise\u00f1o que facilitar\u00e1n y aseguraren su ejecuci\u00f3n\u201d. Sobre los motivos de la cancelaci\u00f3n de la convocatoria no dan m\u00e1s pistas: \u201cLamentamos profundamente que las propuestas presentadas no vayan a poder llevarse a cabo bajo esta convocatoria, y en este sentido queremos se\u00f1alar que en ning\u00fan caso su cancelaci\u00f3n tiene relaci\u00f3n con la valoraci\u00f3n cient\u00edfica de las propuestas\u201d, dice este portavoz del Ministerio.<\/p>\n<p class=\"\">Hay acad\u00e9micos que no est\u00e1n muy dispuestos a esperar nuevas convocatorias del Gobierno espa\u00f1ol, como Hern\u00e1ndez Orallo: \u201cNo s\u00e9 lo que har\u00e1n otros y no lo hemos hablado entre los participantes de mi red. En mi caso no creo que vuelva a pedir nada en Espa\u00f1a como investigador principal, y estoy pensando en irme a investigar fuera. Para m\u00ed es la gota que ha colmado el vaso\u201d, dice.<\/p>\n<p class=\"\">Cort\u00e9s acumula ya dos convocatorias problem\u00e1ticas, pero no pierde la esperanza de participar para fomentar la comunidad espa\u00f1ola. \u201cLa anterior convocatoria en las que hemos participado de IA la sac\u00f3 Carme Artigas [ex secretaria de Estado de Digitalizaci\u00f3n e IA] y fue la cosa burocr\u00e1tica m\u00e1s horrorosa en la que he estado en mi vida y ahora esta, pero lo que no puedo dejar de hacer es intentar participar en las convocatorias nacionales porque hacen comunidad, ser\u00e1 m\u00e1s dif\u00edcil que te enga\u00f1en y nos lo pensaremos, pero Habr\u00e1 que estar\u201d, explica Cort\u00e9s.<\/p>\n<p class=\"\">Esta sensaci\u00f3n de incertidumbre puede ser un problema en futuras convocatorias de ayuda del Gobierno. \u201cLa gente ya va a estar con el temor a trabajar nuevamente en algo as\u00ed dada la incertidumbre que ha generado esta cancelaci\u00f3n\u201d, dice Ure\u00f1a. \u201cEn mi carrera investigadora de 35 a\u00f1os nunca he acudido a una convocatoria que haya sido cancelada\u201d, a\u00f1ade.<\/p>\n<p class=\"\">Otros acad\u00e9micos prefieren a\u00fan mantener su anonimato por falta de estabilidad laboral en una universidad p\u00fablica o por temor a otras v\u00edas de castigo que podr\u00edan emplear la administraci\u00f3n. \u201cEs un desprop\u00f3sito\u201d, dice un catedr\u00e1tico que prefiere no dar su nombre. \u201cLo m\u00e1s importante no es el tiempo perdido, sino que se nos ha ido la ilusi\u00f3n de pensar que se quer\u00eda impulsar la IA desde el Ministerio, y no nos enga\u00f1emos, si la universidad espa\u00f1ola no da pasos significativos en I+D en IA, Espa\u00f1a no los dar\u00e1\u201d, a\u00f1ade.<\/p>\n<h3 class=\"\">Exceso de burocracia<\/h3>\n<p class=\"\">La convocatoria era espec\u00edficamente para promover el uso de la IA en disciplinas distintas y ped\u00eda que se unieran profesores de universidades y materias complementarias, lo que complicaba la petici\u00f3n. \u201cNuestro grupo quer\u00eda evaluar el impacto y la aplicabilidad de los nuevos sistemas tipo ChatGPT en los entornos biom\u00e9dicos\u201d, dice Rodr\u00edguez Gonz\u00e1lez. Pero la necesidad de ajustar acad\u00e9micos de distintas universidades convirti\u00f3 la convocatoria en un laberinto de burocracia, seg\u00fan los afectados. \u201cCon las convocatorias hiperburocratizadas espa\u00f1olas, se requiere un 20% para las ideas y un 80% para todo lo dem\u00e1s (rellenas formularios, presupuestos, cartas justificando tonter\u00edas, autorizaciones, requisitos). Hasta nos obligaron a tener un acuerdo entre universidades firmado para las alegaciones, lo que implica servicios legales de varias universidades\u201d, dice Hern\u00e1ndez-Orallo.<\/p>\n<p class=\"\">Uno de los investigadores consultados que prefiere conservar su anonimato a\u00f1ade que el precedente es p\u00e9simo: \u201c\u00bfCon qu\u00e9 seguridad vamos ahora a solicitar otros proyectos de investigaci\u00f3n si sabemos que pueden llegar hasta convocatorias anulares tras meses de retraso? Esto abre una brecha cr\u00edtica en el sistema de ciencia espa\u00f1ol. Me consta que hay cient\u00edficos de prestigio que, al ver lo que han hecho, han decidido no volver a solicitar proyectos nunca m\u00e1s. Es horrible para la ciencia espa\u00f1ola\u201d.<\/p>\n<p class=\"\">El da\u00f1o que esta cancelaci\u00f3n hace al trabajo puntero con inteligencia artificial que se hac\u00eda en algunos centros llevar\u00e1 a muchos a replantearse su trabajo futuro y la contrataci\u00f3n de talento exterior. \u201cComparado con otros pa\u00edses de nuestro entorno en Espa\u00f1a ha habido mucha comisi\u00f3n, mucho plan y mucho positiono, pero poca ayuda a la investigaci\u00f3n ya las empresas en el \u00e1rea de la inteligencia artificial\u201d, dice Hern\u00e1ndez Orallo. \u201cVamos a perder competitividad sobre todo para retener el talento, ser\u00e1 un freno importante a la investigaci\u00f3n\u201d, a\u00f1ade Ure\u00f1a.<\/p>\n<p class=\"\">Este talento tiene nombres y apellidos cuyo futuro laboral tambi\u00e9n se ver\u00e1 afectado por la falta de una financiaci\u00f3n que los centros ya preve\u00edan. \u201cTodos hemos tenido que adaptar el desarrollo de nuestra carrera acad\u00e9mica a los objetivos de este proyecto\u201d, dice un investigador que opta por no dar su nombre. \u201cNuestra investigaci\u00f3n estaba paralizada y no sabemos c\u00f3mo seguir, porque las convocatorias regulares de la Agencia Espa\u00f1ola de Investigaci\u00f3n no est\u00e1n tan bien financiadas. Estos proyectos, de hasta 2 millones cada uno, supon\u00edan un gran salto de calidad en la investigaci\u00f3n en IA y nos permitir\u00edan competir con los grupos m\u00e1s potentes a nivel mundial\u201d.<\/p>\n<p class=\"\">Uno de los objetivos de esta convocatoria era precisamente \u201datraer a l\u00edderes intelectuales relevantes hac\u00eda desaf\u00edos cient\u00edficos abiertos en IA con el fin de explorar barreras t\u00e9cnicas, sociales y cient\u00edficas\u201d. El resultado final es, aparentemente, el contrario.<\/p>\n<\/div>\n\n","protected":false},"excerpt":{"rendered":"<p>La cancelaci\u00f3n sin explicaciones en plenas fiestas navide\u00f1as de una convocatoria millonaria de ayudas para investigar sobre inteligencia artificial (IA) ha causado rabia y revuelo entre cientos de acad\u00e9micos espa\u00f1oles. \u201cPersonalmente, he perdido la confianza en que el Estado quiera y pueda ayudar a la investigaci\u00f3n de IA en este pa\u00eds\u201d, dice Jos\u00e9 Hern\u00e1ndez-Orallo, catedr\u00e1tico &hellip;<\/p>\n","protected":false},"author":1,"featured_media":9850,"comment_status":"open","ping_status":"open","sticky":false,"template":"","format":"standard","meta":{"fifu_image_url":"https:\/\/imagenes.elpais.com\/resizer\/v2\/ADZJVS4LXJSMJGGG6XUUAQBNXA.jpg?auth=882fe39a7423a140fc1e2495927dc471e37371b5a822c063752019d340540bdc&width=1200","fifu_image_alt":"","footnotes":""},"categories":[2],"tags":[],"class_list":["post-9849","post","type-post","status-publish","format-standard","has-post-thumbnail","","category-tecnologia"],"_links":{"self":[{"href":"https:\/\/noticiasveraces.com\/index.php?rest_route=\/wp\/v2\/posts\/9849","targetHints":{"allow":["GET"]}}],"collection":[{"href":"https:\/\/noticiasveraces.com\/index.php?rest_route=\/wp\/v2\/posts"}],"about":[{"href":"https:\/\/noticiasveraces.com\/index.php?rest_route=\/wp\/v2\/types\/post"}],"author":[{"embeddable":true,"href":"https:\/\/noticiasveraces.com\/index.php?rest_route=\/wp\/v2\/users\/1"}],"replies":[{"embeddable":true,"href":"https:\/\/noticiasveraces.com\/index.php?rest_route=%2Fwp%2Fv2%2Fcomments&post=9849"}],"version-history":[{"count":0,"href":"https:\/\/noticiasveraces.com\/index.php?rest_route=\/wp\/v2\/posts\/9849\/revisions"}],"wp:featuredmedia":[{"embeddable":true,"href":"https:\/\/noticiasveraces.com\/index.php?rest_route=\/wp\/v2\/media\/9850"}],"wp:attachment":[{"href":"https:\/\/noticiasveraces.com\/index.php?rest_route=%2Fwp%2Fv2%2Fmedia&parent=9849"}],"wp:term":[{"taxonomy":"category","embeddable":true,"href":"https:\/\/noticiasveraces.com\/index.php?rest_route=%2Fwp%2Fv2%2Fcategories&post=9849"},{"taxonomy":"post_tag","embeddable":true,"href":"https:\/\/noticiasveraces.com\/index.php?rest_route=%2Fwp%2Fv2%2Ftags&post=9849"}],"curies":[{"name":"wp","href":"https:\/\/api.w.org\/{rel}","templated":true}]}}