{"id":9843,"date":"2025-01-10T08:30:14","date_gmt":"2025-01-10T12:30:14","guid":{"rendered":"https:\/\/noticiasveraces.com\/?p=9843"},"modified":"2025-01-10T08:30:14","modified_gmt":"2025-01-10T12:30:14","slug":"en-2024-el-calentamiento-del-planeta-alcanzo-por-primera-vez-en-un-ano-el-limite-de-15-grados-clima-y-medio-ambiente","status":"publish","type":"post","link":"https:\/\/noticiasveraces.com\/?p=9843","title":{"rendered":"En 2024 el calentamiento del planeta alcanz\u00f3 por primera vez en un a\u00f1o el l\u00edmite de 1,5 grados | Clima y Medio Ambiente"},"content":{"rendered":"<p> \n<\/p>\n<div data-dtm-region=\"articulo_cuerpo\">\n<p class=\"\">Ya se hab\u00eda adelantado en diciembre, pero ahora se ha anunciado de forma oficial: 2024 fue el a\u00f1o m\u00e1s c\u00e1lido registrado en el planeta y el primero en el que se super\u00f3 en conjunto un aumento de 1,5 grados respecto a los niveles preindustriales. El preocupante balance clim\u00e1tico del a\u00f1o pasado en la Tierra se hace p\u00fablico este viernes, en una acci\u00f3n coordinada por las principales instituciones que monitorean el clima planetario: la Organizaci\u00f3n Meteorol\u00f3gica Mundial (OMM), la NASA, la Oficina Nacional de Administraci\u00f3n Oce\u00e1nica y Atmosf\u00e9rica ( NOAA) de Estados Unidos, la Oficina Meteorol\u00f3gica del Reino Unido, Berkeley Earth y el Centro Europeo de Previsiones Meteorol\u00f3gicas a Plazo Medio (ECMWF), coordinador del Servicio de Vigilancia de la Atm\u00f3sfera del Programa Copernicus.<\/p>\n<p class=\"\">\u201cEl futuro est\u00e1 en nuestras manos: una acci\u00f3n r\u00e1pida y decisiva a\u00fan puede cambiar la trayectoria de nuestro clima futuro\u201d, ha afirmado Carlo Buontempo, director del Servicio de Cambio Clim\u00e1tico de Copernicus (C3S). En una rueda de prensa celebrada el jueves previa a la difusi\u00f3n de los datos, el climat\u00f3logo italiano ha recalcado que estas conclusiones son hechos, no opiniones personales. \u201cHonestamente, me estoy quedando sin met\u00e1foras para explicar el calentamiento que estamos viendo\u201d, ha incidido Buontempo, que ha resumido as\u00ed las consecuencias: \u201cLa f\u00edsica subyacente es muy clara. Un peque\u00f1o calentamiento global del clima produce fen\u00f3menos extremos m\u00e1s frecuentes e intensos, como, por ejemplo, las olas de calor. Una atm\u00f3sfera m\u00e1s c\u00e1lida tambi\u00e9n retiene m\u00e1s humedad, lo que da lugar a precipitaciones m\u00e1s intensas, mientras que los yeguas m\u00e1s c\u00e1lidos amplifican el potencial de tormentas destructivas\u201d.<\/p>\n<p class=\"\">Seg\u00fan el balance del C3S, la temperatura media del planeta en 2024 fue de 15,10 \u00b0C, lo que supone 0,12 grados Celsius m\u00e1s que el a\u00f1o considerado hasta ahora el m\u00e1s c\u00e1lido, que no era otro que 2023. De hecho, todos los a\u00f1os de la \u00faltima d\u00e9cada (de 2015 a 2024) est\u00e1n entre los m\u00e1s 10 m\u00e1s c\u00e1lidos de la Tierra desde que hay registros.<\/p>\n<p class=\"\">Cuando se dice que esta es la temperatura media m\u00e1s caliente registrada en la Tierra, los meteor\u00f3logos se refieren a que no ha habido otra m\u00e1s alta para el conjunto del planeta al menos desde que existen observaciones con instrumentos de medici\u00f3n confiables para realizar este tipo de c\u00e1lculos. , un l\u00edmite temporal que el Servicio C3S sit\u00faa en 1850. Sin embargo, en realidad, el r\u00e9cord marcado en 2024 para la temperatura media del planeta es tambi\u00e9n el m\u00e1s c\u00e1lido en unos cuantos millas de a\u00f1os en la historia. Aunque no hay registros de term\u00f3metros tan atr\u00e1s en el tiempo, la paleoclimatolog\u00eda s\u00ed realiza reconstrucciones clim\u00e1ticas a partir de indicios en los anillos de los \u00e1rboles, el hielo o los sedimentos, entre otros indicadores. As\u00ed se sabe, tal y como ha corroborado el IPCC \u2014el principal panel cient\u00edfico de Naciones Unidas para el estudio del cambio clim\u00e1tico\u2014, que el calentamiento actual no tiene precedentes en los \u00faltimos 2.000 a\u00f1os, m\u00e1s all\u00e1 del inicio de la Edad Media. Y los paleoclimat\u00f3logos consideran que esta afirmaci\u00f3n vale, al menos, para los \u00faltimos 11.000 a\u00f1os, lo que no da mucha tranquilidad, pues corresponde al Holoceno, el per\u00edodo en el que se desarroll\u00f3 la agricultura y la civilizaci\u00f3n humana.<\/p>\n<p class=\"\">El r\u00e9cord de la temperatura media de la Tierra en 2024 se sit\u00faa tambi\u00e9n 1,6 grados por encima de los niveles preindustriales, en los a\u00f1os 1850-1900. Y esto supone otra de las marcas m\u00e1s relevantes: este fue el primer a\u00f1o natural en el que se alcanz\u00f3 un aumento de m\u00e1s de 1,5 grados Celsius con respecto a los niveles preindustriales (llegando a esta cifra todos los meses desde julio de 2023, a excepci\u00f3n de julio de 2024). Aunque un incremento de apenas grado y medio puede parecer poco, esto es mucho cuando se trata de la temperatura global del planeta, pues se refiere a la media del conjunto de la Tierra, mezclando los registros de los sitios m\u00e1s calientes y los m\u00e1s fr\u00edos, a lo largo de un a\u00f1o completo, con sus grandes variaciones en invierno, primavera, verano y oto\u00f1o.<\/p>\n<p class=\"\">Por otro lado, 1,5 grados de aumento de la temperatura media es el primer margen de seguridad que el Acuerdo de Par\u00eds contra el cambio clim\u00e1tico establece como l\u00edmite para no sobrepasar. En concreto, el art\u00edculo 2 del pacto alcanzado en la capital francesa en 2015 marca como objetivo: \u201cmantener el aumento de la temperatura media mundial muy por debajo de 2\u00b0C con respecto a los niveles preindustriales, y proseguir los esfuerzos para limitar ese aumento de la temperatura a 1,5 \u00b0C con respecto a los niveles preindustriales, reconociendo que ello reducir\u00eda considerablemente los riesgos y los efectos del cambio clim\u00e1tico\u201d.<\/p>\n<p class=\"\">Que 2024 sea el primer a\u00f1o que se alcanza un aumento de m\u00e1s de 1,5 grados no quiere decir que se est\u00e9 incumpliendo ya esta meta. Como ha explicado Samantha Burgess, responsable de la estrategia clim\u00e1tica del Centro Europeo de Previsiones Meteorol\u00f3gicas a Plazo Medio (ECMWF), para que eso sea as\u00ed debe tratarse de una media a m\u00e1s largo plazo. \u201cY por largo plazo me refiero a un per\u00edodo de al menos 20 a\u00f1os\u201d, ha puntualizado la cient\u00edfica.<\/p>\n<p class=\"\">Mucho tiene que cambiar todo para que en dos d\u00e9cadas la situaci\u00f3n no sea mucho peor. Es m\u00e1s, aunque el IPCC defiende que todav\u00eda existir\u00eda una oportunidad de volver a bajar la temperatura media por debajo de 1,5 \u00b0C, ahora mismo la previsi\u00f3n de Naciones Unidas es que, con los actuales compromisos de reducci\u00f3n de emisiones \u2014que deben renovarse en este 2025\u2014, en este siglo se sobrepase tambi\u00e9n el segundo margen de seguridad, el de 2 \u00b0C.<\/p>\n<div class=\"raw_html\">\n<div><link rel=\"stylesheet\" href=\"https:\/\/ep00.epimg.net\/infografias\/css\/graficos.css\"\/>\n<link href=\"https:\/\/ep00.epimg.net\/infografias\/2025\/01\/copernicus-2024\/_app\/immutable\/assets\/0.CBh_P9nq.css\" rel=\"stylesheet\"\/>\n\t\t<link href=\"https:\/\/ep00.epimg.net\/infografias\/2025\/01\/copernicus-2024\/_app\/immutable\/assets\/6.B4AgqRam.css\" rel=\"stylesheet\"\/>\n<div style=\"display: contents\"><!--[--><!--[--><!----><!----><main class=\"svelte-19nfcjo\"><!----> <\/p>\n<div>\n<div id=\"g-Mapa-box\" class=\"ai2html svelte-6dos1r\">\n<div id=\"g-Mapa-movil\" class=\"g-artboard svelte-6dos1r\" style=\"\" data-aspect-ratio=\"1.217\"> <img loading=\"lazy\" decoding=\"auto\" id=\"g-Mapa-movil-img\" class=\"g-Mapa-movil-img g-aiImg svelte-6dos1r\" alt=\"\" src=\"https:\/\/ep00.epimg.net\/infografias\/2025\/01\/copernicus-2024\/ai2html\/Mapa-movil.jpg?v=46\"\/>    <\/p>\n<div id=\"g-ai0-4\" class=\"g-labels g-aiAbs g-aiPointText svelte-6dos1r\" style=\"top:97.0623%;margin-top:-17.4px;left:15.0198%;width:235px;\">\n<p class=\"g-pstyle3 svelte-6dos1r\">Hielo marino y plataformas de hielo<\/p>\n<\/div>\n<\/div>\n<div id=\"g-Mapa-movil2\" class=\"g-artboard svelte-6dos1r\" style=\"\" data-aspect-ratio=\"1.22\"> <img loading=\"lazy\" decoding=\"auto\" id=\"g-Mapa-movil2-img\" class=\"g-Mapa-movil2-img g-aiImg svelte-6dos1r\" alt=\"\" src=\"https:\/\/ep00.epimg.net\/infografias\/2025\/01\/copernicus-2024\/ai2html\/Mapa-movil2.jpg?v=46\"\/>    <\/p>\n<div id=\"g-ai1-4\" class=\"g-labels g-aiAbs g-aiPointText svelte-6dos1r\" style=\"top:95.176%;margin-top:-17.4px;left:22.4933%;width:235px;\">\n<p class=\"g-pstyle3 svelte-6dos1r\">Hielo marino y plataformas de hielo<\/p>\n<\/div>\n<\/div>\n<div id=\"g-Mapa-tableta\" class=\"g-artboard svelte-6dos1r\" style=\"\" data-aspect-ratio=\"1.434\"> <img loading=\"lazy\" decoding=\"auto\" id=\"g-Mapa-tableta-img\" class=\"g-Mapa-tableta-img g-aiImg svelte-6dos1r\" alt=\"\" src=\"https:\/\/ep00.epimg.net\/infografias\/2025\/01\/copernicus-2024\/ai2html\/Mapa-tableta.jpg?v=46\"\/>    <\/p>\n<div id=\"g-ai2-4\" class=\"g-labels g-aiAbs g-aiPointText svelte-6dos1r\" style=\"top:96.2406%;margin-top:-25.8px;right:1.3016%;width:146px;\">\n<p class=\"g-pstyle3 svelte-6dos1r\">Hielo marino y<\/p>\n<p class=\"g-pstyle3 svelte-6dos1r\">plataformas de hielo<\/p>\n<\/div>\n<\/div>\n<\/div>\n<p><!----><\/div>\n<p> <!----><\/main><!----><!----><!----><!--]-->[!&#8211;><!--]--><!--]--><\/div>\n<\/div>\n<\/div>\n<p class=\"\">El a\u00f1o pasado tambi\u00e9n dej\u00f3 un nuevo r\u00e9cord para la temperatura media global m\u00e1s alta registrada en un d\u00eda. Fue el 22 de julio, cuando se alcanzaron 17.16 \u00b0C. Adem\u00e1s, 2024 no solo fue el m\u00e1s c\u00e1lido a escala planetaria, sino para todos los continentes, a excepci\u00f3n de la Ant\u00e1rtida y Australasia (regi\u00f3n que comprende Australia, Melanesia y Nueva Zelanda). En el caso de Europa, 2024 fue el a\u00f1o m\u00e1s caliente con una temperatura media de 10,69 \u00b0C, lo que supone 1,47 grados Celsius m\u00e1s que en el periodo 1991-2020 y 0,28 grados m\u00e1s que el a\u00f1o que ten\u00eda hasta ahora. El r\u00e9cord, que era 2020.<\/p>\n<p class=\"\">Esta preocupante marca se ha batido en todas estas zonas continentales, pero tambi\u00e9n en grandes partes del oc\u00e9ano, en particular el oc\u00e9ano Atl\u00e1ntico Norte, el oc\u00e9ano \u00cdndico y el oc\u00e9ano Pac\u00edfico occidental. Asimismo, este calentamiento afect\u00f3 de forma especial al Mediterr\u00e1neo, una de las circunstancias que est\u00e1n siendo vinculadas con el agravamiento de tormentas, tal y como se cree que pudo influir en la catastr\u00f3fica dana del pasado octubre.<\/p>\n<div class=\"raw_html\">\n<div><link rel=\"stylesheet\" href=\"https:\/\/ep00.epimg.net\/infografias\/css\/graficos.css\"\/>\n<link href=\"https:\/\/ep00.epimg.net\/infografias\/2025\/01\/copernicus-2024\/_app\/immutable\/assets\/0.CBh_P9nq.css\" rel=\"stylesheet\"\/>\n\t\t<link href=\"https:\/\/ep00.epimg.net\/infografias\/2025\/01\/copernicus-2024\/_app\/immutable\/assets\/7.BvRUA57b.css\" rel=\"stylesheet\"\/>\n<div style=\"display: contents\"><!--[--><!--[--><!----><!----><main class=\"svelte-19nfcjo\"><!----> <\/p>\n<div>\n<div id=\"g-Articulo2-box\" class=\"ai2html svelte-slv7yz\">\n<div id=\"g-Articulo2-movil\" class=\"g-artboard svelte-slv7yz\" style=\"\" data-aspect-ratio=\"0.652\"> <img loading=\"lazy\" decoding=\"auto\" id=\"g-Articulo2-movil-img\" class=\"g-Articulo2-movil-img g-aiImg svelte-slv7yz\" alt=\"\" src=\"https:\/\/ep00.epimg.net\/infografias\/2025\/01\/copernicus-2024\/ai2html\/Articulo2-movil.png?v=40\"\/>      <\/p>\n<div id=\"g-ai0-6\" class=\"g-labels g-aiAbs g-aiPointText svelte-slv7yz\" style=\"top:68.2674%;margin-top:-77.1px;left:70.1083%;margin-left:-70.5px;width:141px;\">\n<p class=\"g-pstyle4 svelte-slv7yz\">Todos los dem\u00e1s<\/p>\n<p class=\"g-pstyle4 svelte-slv7yz\">a\u00f1os desde 1940<\/p>\n<p class=\"svelte-slv7yz\">\u00a0<\/p>\n<p class=\"svelte-slv7yz\">\u00a0<\/p>\n<p class=\"svelte-slv7yz\">\u00a0<\/p>\n<p class=\"svelte-slv7yz\">\u00a0<\/p>\n<p class=\"svelte-slv7yz\">\u00a0<\/p>\n<p class=\"svelte-slv7yz\">\u00a0<\/p>\n<\/div><\/div>\n<div id=\"g-Articulo2-movil2\" class=\"g-artboard svelte-slv7yz\" style=\"\" data-aspect-ratio=\"0.778\"> <img loading=\"lazy\" decoding=\"auto\" id=\"g-Articulo2-movil2-img\" class=\"g-Articulo2-movil2-img g-aiImg svelte-slv7yz\" alt=\"\" src=\"https:\/\/ep00.epimg.net\/infografias\/2025\/01\/copernicus-2024\/ai2html\/Articulo2-movil2.png?v=40\"\/>      <\/p>\n<div id=\"g-ai1-6\" class=\"g-labels g-aiAbs g-aiPointText svelte-slv7yz\" style=\"top:69.9029%;margin-top:-77.1px;left:75.9611%;margin-left:-70.5px;width:141px;\">\n<p class=\"g-pstyle4 svelte-slv7yz\">Todos los dem\u00e1s<\/p>\n<p class=\"g-pstyle4 svelte-slv7yz\">a\u00f1os desde 1940<\/p>\n<p class=\"svelte-slv7yz\">\u00a0<\/p>\n<p class=\"svelte-slv7yz\">\u00a0<\/p>\n<p class=\"svelte-slv7yz\">\u00a0<\/p>\n<p class=\"svelte-slv7yz\">\u00a0<\/p>\n<p class=\"svelte-slv7yz\">\u00a0<\/p>\n<p class=\"svelte-slv7yz\">\u00a0<\/p>\n<\/div><\/div>\n<div id=\"g-Articulo2-tableta\" class=\"g-artboard svelte-slv7yz\" style=\"\" data-aspect-ratio=\"1.397\"> <img loading=\"lazy\" decoding=\"auto\" id=\"g-Articulo2-tableta-img\" class=\"g-Articulo2-tableta-img g-aiImg svelte-slv7yz\" alt=\"\" src=\"https:\/\/ep00.epimg.net\/infografias\/2025\/01\/copernicus-2024\/ai2html\/Articulo2-tableta.png?v=40\"\/>      <\/p>\n<div id=\"g-ai2-6\" class=\"g-labels g-aiAbs g-aiPointText svelte-slv7yz\" style=\"top:69.1662%;margin-top:-77.1px;left:85.9694%;margin-left:-70.5px;width:141px;\">\n<p class=\"g-pstyle4 svelte-slv7yz\">Todos los dem\u00e1s<\/p>\n<p class=\"g-pstyle4 svelte-slv7yz\">a\u00f1os desde 1940<\/p>\n<p class=\"svelte-slv7yz\">\u00a0<\/p>\n<p class=\"svelte-slv7yz\">\u00a0<\/p>\n<p class=\"svelte-slv7yz\">\u00a0<\/p>\n<p class=\"svelte-slv7yz\">\u00a0<\/p>\n<p class=\"svelte-slv7yz\">\u00a0<\/p>\n<p class=\"svelte-slv7yz\">\u00a0<\/p>\n<\/div><\/div>\n<\/div>\n<p><!----><\/div>\n<p> <!----><\/main><!----><!----><!----><!--]-->[!&#8211;><!--]--><!--]--><\/div>\n<\/div>\n<\/div>\n<p class=\"\">Seg\u00fan el balance presentado por el Servicio de Cambio Clim\u00e1tico de Copernicus, la cantidad total de vapor de agua en la atm\u00f3sfera alcanz\u00f3 tambi\u00e9n un valor r\u00e9cord en 2024, coloc\u00e1ndose aproximadamente un 5% por encima de la media de 1991-2020. La combinaci\u00f3n de temperaturas extremas y alta humedad contribuye a aumentar el estr\u00e9s t\u00e9rmico. Esta plataforma C3S impulsada por la Comisi\u00f3n Europea se\u00f1ala que gran parte del hemisferio norte experiment\u00f3 m\u00e1s d\u00edas que la media con al menos \u201cestr\u00e9s t\u00e9rmico fuerte\u201d durante 2024, y algunas \u00e1reas vieron m\u00e1s d\u00edas que la media con \u201cestr\u00e9s t\u00e9rmico extremo\u201d. De hecho, otro de los r\u00e9cords m\u00e1s destacables del a\u00f1o pasado ocurri\u00f3 el 10 de julio cuando se ha calculado que alrededor del 44% del planeta se vio afectado por un estr\u00e9s t\u00e9rmico de \u201cfuerte\u201d a \u201cextremo\u201d, la mayor superficie del planeta en la que se han encontrado estos valores hasta ahora.<\/p>\n<p class=\"\">\u201cEstas altas temperaturas globales, sumadas a niveles r\u00e9cord de vapor de agua atmosf\u00e9rico global en 2024, se tradujeron en olas de calor sin precedentes y episodios de lluvias torrenciales, que han causado sufrimiento a millones de personas\u201d, ha incidido Burgess.<\/p>\n<div class=\"raw_html\">\n<div><link rel=\"stylesheet\" href=\"https:\/\/ep00.epimg.net\/infografias\/css\/graficos.css\"\/>\n<link href=\"https:\/\/ep00.epimg.net\/infografias\/2025\/01\/copernicus-2024\/_app\/immutable\/assets\/0.CBh_P9nq.css\" rel=\"stylesheet\"\/>\n\t\t<link href=\"https:\/\/ep00.epimg.net\/infografias\/2025\/01\/copernicus-2024\/_app\/immutable\/assets\/8.BUACEMML.css\" rel=\"stylesheet\"\/>\n<div style=\"display: contents\"><!--[--><!--[--><!----><!----><main class=\"svelte-19nfcjo\"><!----> <\/p>\n<div class=\"width\">\n<div id=\"g-Articulo3-box\" class=\"ai2html svelte-b36dlk\">\n<div id=\"g-Articulo3-movil\" class=\"g-artboard svelte-b36dlk\" style=\"\" data-aspect-ratio=\"0.5\"> <img loading=\"lazy\" decoding=\"auto\" id=\"g-Articulo3-movil-img\" class=\"g-Articulo3-movil-img g-aiImg svelte-b36dlk\" alt=\"\" src=\"https:\/\/ep00.epimg.net\/infografias\/2025\/01\/copernicus-2024\/ai2html\/Articulo3-movil.png?v=48\"\/> <\/p>\n<div id=\"g-ai0-1\" class=\"g-texto g-aiAbs g-aiPointText svelte-b36dlk\" style=\"top:5.1935%;margin-top:-10.1px;left:-0.0068%;width:304px;\">\n<p class=\"g-pstyle0 svelte-b36dlk\">Di\u00f3xido de carbono (CO<sub>2<\/sub>)<\/p>\n<\/div>\n<div id=\"g-ai0-2\" class=\"g-texto g-aiAbs g-aiPointText svelte-b36dlk\" style=\"top:9.8222%;margin-top:-15px;left:-0.0068%;width:188px;\">\n<p class=\"g-pstyle1 svelte-b36dlk\">420 ppm (partes por mill\u00f3n)<\/p>\n<\/div>\n<div id=\"Seaso_\" class=\"g-texto g-aiAbs g-aiPointText svelte-b36dlk\" style=\"top:46.1176%;margin-top:-76.2px;left:56.0435%;width:92px;\">\n<p class=\"g-pstyle3 svelte-b36dlk\">Variabilidad<\/p>\n<p class=\"g-pstyle3 svelte-b36dlk\">estacional<\/p>\n<p class=\"svelte-b36dlk\">\u00a0<\/p>\n<p class=\"svelte-b36dlk\">\u00a0<\/p>\n<p class=\"svelte-b36dlk\">\u00a0<\/p>\n<p class=\"svelte-b36dlk\">\u00a0<\/p>\n<p class=\"svelte-b36dlk\">\u00a0<\/p>\n<p class=\"svelte-b36dlk\">\u00a0<\/p>\n<\/div>\n<div id=\"g-ai0-17\" class=\"g-texto g-aiAbs g-aiPointText svelte-b36dlk\" style=\"top:59.6568%;margin-top:-15px;left:0.9788%;width:187px;\">\n<p class=\"g-pstyle1 svelte-b36dlk\">1900 ppb (partes por bill\u00f3n)<\/p>\n<\/div><\/div>\n<div id=\"g-Articulo3-movil2\" class=\"g-artboard svelte-b36dlk\" style=\"\" data-aspect-ratio=\"0.587\"> <img loading=\"lazy\" decoding=\"auto\" id=\"g-Articulo3-movil2-img\" class=\"g-Articulo3-movil2-img g-aiImg svelte-b36dlk\" alt=\"\" src=\"https:\/\/ep00.epimg.net\/infografias\/2025\/01\/copernicus-2024\/ai2html\/Articulo3-movil2.png?v=48\"\/> <\/p>\n<div id=\"g-ai1-1\" class=\"g-texto g-aiAbs g-aiPointText svelte-b36dlk\" style=\"top:5.0991%;margin-top:-10.1px;left:0.439%;width:304px;\">\n<p class=\"g-pstyle0 svelte-b36dlk\">Di\u00f3xido de carbono (CO<sub>2<\/sub>)<\/p>\n<\/div>\n<div id=\"g-ai1-2\" class=\"g-texto g-aiAbs g-aiPointText svelte-b36dlk\" style=\"top:9.6437%;margin-top:-15px;left:0.439%;width:188px;\">\n<p class=\"g-pstyle1 svelte-b36dlk\">420 ppm (partes por mill\u00f3n)<\/p>\n<\/div>\n<div id=\"Seaso_\" class=\"g-texto g-aiAbs g-aiPointText svelte-b36dlk\" style=\"top:45.2793%;margin-top:-76.2px;left:52.9218%;width:92px;\">\n<p class=\"g-pstyle3 svelte-b36dlk\">Variabilidad<\/p>\n<p class=\"g-pstyle3 svelte-b36dlk\">estacional<\/p>\n<p class=\"svelte-b36dlk\">\u00a0<\/p>\n<p class=\"svelte-b36dlk\">\u00a0<\/p>\n<p class=\"svelte-b36dlk\">\u00a0<\/p>\n<p class=\"svelte-b36dlk\">\u00a0<\/p>\n<p class=\"svelte-b36dlk\">\u00a0<\/p>\n<p class=\"svelte-b36dlk\">\u00a0<\/p>\n<\/div>\n<div id=\"g-ai1-17\" class=\"g-texto g-aiAbs g-aiPointText svelte-b36dlk\" style=\"top:58.3971%;margin-top:-15px;left:0.439%;width:187px;\">\n<p class=\"g-pstyle1 svelte-b36dlk\">1900 ppb (partes por bill\u00f3n)<\/p>\n<\/div><\/div>\n<div id=\"g-Articulo3-tableta\" class=\"g-artboard svelte-b36dlk\" style=\"\" data-aspect-ratio=\"1.417\"> <img loading=\"lazy\" decoding=\"auto\" id=\"g-Articulo3-tableta-img\" class=\"g-Articulo3-tableta-img g-aiImg svelte-b36dlk\" alt=\"\" src=\"https:\/\/ep00.epimg.net\/infografias\/2025\/01\/copernicus-2024\/ai2html\/Articulo3-tableta.png?v=48\"\/> <\/p>\n<div id=\"g-ai2-1\" class=\"g-texto g-aiAbs g-aiPointText svelte-b36dlk\" style=\"top:5.6856%;margin-top:-10.1px;left:0.1439%;width:304px;\">\n<p class=\"g-pstyle0 svelte-b36dlk\">Di\u00f3xido de carbono (CO<sub>2<\/sub>)<\/p>\n<\/div>\n<div id=\"g-ai2-3\" class=\"g-texto g-aiAbs g-aiPointText svelte-b36dlk\" style=\"top:13.9305%;margin-top:-15px;left:0.6439%;width:188px;\">\n<p class=\"g-pstyle1 svelte-b36dlk\">420 ppm (partes por mill\u00f3n)<\/p>\n<\/div>\n<div id=\"g-ai2-4\" class=\"g-texto g-aiAbs g-aiPointText svelte-b36dlk\" style=\"top:13.9305%;margin-top:-15px;left:53.3276%;width:187px;\">\n<p class=\"g-pstyle1 svelte-b36dlk\">1900 ppb (partes por bill\u00f3n)<\/p>\n<\/div>\n<div id=\"Seaso_\" class=\"g-texto g-aiAbs g-aiPointText svelte-b36dlk\" style=\"top:82.4614%;margin-top:-76.2px;left:26.6883%;width:92px;\">\n<p class=\"g-pstyle3 svelte-b36dlk\">Variabilidad<\/p>\n<p class=\"g-pstyle3 svelte-b36dlk\">estacional<\/p>\n<p class=\"svelte-b36dlk\">\u00a0<\/p>\n<p class=\"svelte-b36dlk\">\u00a0<\/p>\n<p class=\"svelte-b36dlk\">\u00a0<\/p>\n<p class=\"svelte-b36dlk\">\u00a0<\/p>\n<p class=\"svelte-b36dlk\">\u00a0<\/p>\n<p class=\"svelte-b36dlk\">\u00a0<\/p>\n<\/div><\/div>\n<\/div>\n<p><!----><\/div>\n<p> <!----><\/main><!----><!----><!----><!--]-->[!&#8211;><!--]--><!--]--><\/div>\n<\/div>\n<\/div>\n<p class=\"\">En los datos extraordinarios de los \u00faltimos dos a\u00f1os ha tenido que ver tambi\u00e9n el fen\u00f3meno de El Ni\u00f1o, evento meteorol\u00f3gico relacionado con el calentamiento del Oc\u00e9ano Pac\u00edfico. Aunque en 2024 ya se dio por terminado, Buontempo ha detallado que \u201ct\u00edpicamente, el pico en la temperatura media global sigue el pico de El Ni\u00f1o\u201d. Con respecto a esto, el Servicio de Cambio Clim\u00e1tico de Copernicus espera que 2025 sea un a\u00f1o c\u00e1lido, pero menos que 2023 o 2024.<\/p>\n<p class=\"\">En cualquier caso, para los climat\u00f3logos est\u00e1 claro que este calentamiento del planeta est\u00e1 provocado por los gases de efecto invernadero, generados principalmente por la quema de combustibles f\u00f3siles (carb\u00f3n, petr\u00f3leo y gas). Y que para volver a estabilizar el clima planetario hay que reducir de forma dr\u00e1stica estas emisiones. Lo m\u00e1s preocupante de este equilibrio clim\u00e1tico es que todav\u00eda no se ha conseguido que la producci\u00f3n de estos gases comience a bajar a escala mundial y estos siguen acumul\u00e1ndose en la atm\u00f3sfera. El a\u00f1o pasado, la concentraci\u00f3n de di\u00f3xido de carbono en la atm\u00f3sfera alcanz\u00f3 una nueva marca de 422 partes por mill\u00f3n y las de metano de 1.897 partes por bill\u00f3n.<\/p>\n<\/div>\n\n","protected":false},"excerpt":{"rendered":"<p>Ya se hab\u00eda adelantado en diciembre, pero ahora se ha anunciado de forma oficial: 2024 fue el a\u00f1o m\u00e1s c\u00e1lido registrado en el planeta y el primero en el que se super\u00f3 en conjunto un aumento de 1,5 grados respecto a los niveles preindustriales. El preocupante balance clim\u00e1tico del a\u00f1o pasado en la Tierra se &hellip;<\/p>\n","protected":false},"author":1,"featured_media":9845,"comment_status":"open","ping_status":"open","sticky":false,"template":"","format":"standard","meta":{"fifu_image_url":"https:\/\/imagenes.elpais.com\/resizer\/v2\/M7DFGP5XBBHATIQFJUN7UM6ZYQ.png?auth=0375733210fb7a7176f1df4f913af79fc267544215ce30aff428a7143d3b9c90&width=1200","fifu_image_alt":"","footnotes":""},"categories":[11],"tags":[],"class_list":["post-9843","post","type-post","status-publish","format-standard","has-post-thumbnail","","category-viaje"],"_links":{"self":[{"href":"https:\/\/noticiasveraces.com\/index.php?rest_route=\/wp\/v2\/posts\/9843","targetHints":{"allow":["GET"]}}],"collection":[{"href":"https:\/\/noticiasveraces.com\/index.php?rest_route=\/wp\/v2\/posts"}],"about":[{"href":"https:\/\/noticiasveraces.com\/index.php?rest_route=\/wp\/v2\/types\/post"}],"author":[{"embeddable":true,"href":"https:\/\/noticiasveraces.com\/index.php?rest_route=\/wp\/v2\/users\/1"}],"replies":[{"embeddable":true,"href":"https:\/\/noticiasveraces.com\/index.php?rest_route=%2Fwp%2Fv2%2Fcomments&post=9843"}],"version-history":[{"count":0,"href":"https:\/\/noticiasveraces.com\/index.php?rest_route=\/wp\/v2\/posts\/9843\/revisions"}],"wp:featuredmedia":[{"embeddable":true,"href":"https:\/\/noticiasveraces.com\/index.php?rest_route=\/wp\/v2\/media\/9845"}],"wp:attachment":[{"href":"https:\/\/noticiasveraces.com\/index.php?rest_route=%2Fwp%2Fv2%2Fmedia&parent=9843"}],"wp:term":[{"taxonomy":"category","embeddable":true,"href":"https:\/\/noticiasveraces.com\/index.php?rest_route=%2Fwp%2Fv2%2Fcategories&post=9843"},{"taxonomy":"post_tag","embeddable":true,"href":"https:\/\/noticiasveraces.com\/index.php?rest_route=%2Fwp%2Fv2%2Ftags&post=9843"}],"curies":[{"name":"wp","href":"https:\/\/api.w.org\/{rel}","templated":true}]}}