{"id":9833,"date":"2025-01-10T06:12:57","date_gmt":"2025-01-10T10:12:57","guid":{"rendered":"https:\/\/noticiasveraces.com\/?p=9833"},"modified":"2025-01-10T06:12:57","modified_gmt":"2025-01-10T10:12:57","slug":"la-mision-condena-las-recientes-detenciones-de-lideres-politicos-en-venezuela","status":"publish","type":"post","link":"https:\/\/noticiasveraces.com\/?p=9833","title":{"rendered":"La Misi\u00f3n condena las recientes detenciones de l\u00edderes pol\u00edticos en Venezuela"},"content":{"rendered":"<p> \n<br \/><img decoding=\"async\" src=\"https:\/\/global.unitednations.entermediadb.net\/assets\/mediadb\/services\/module\/asset\/downloads\/preset\/Libraries\/Production%20Library\/30-07-2024_Caracas_Venezuela.jpg\/image560x340cropped.jpg\" \/><\/p>\n<div>\n<p>La Misi\u00f3n Internacional Independiente sobre Venezuela<strong>*<\/strong> informado este jueves haber <strong>documentado 16 detenciones o capturas de defensores de derechos humanos y l\u00edderes pol\u00edticos<\/strong>opositores y sus familiares en los \u00faltimos dos d\u00edas en varios estados de ese pa\u00eds.<\/p>\n<p>Dichas detenciones, afirm\u00f3 la Misi\u00f3n en un comunicado, \u201csuponen un atentado m\u00e1s a los derechos y libertades del pueblo venezolano\u201d.<\/p>\n<p>Las detenciones se producen <strong>en v\u00edsperas de las manifestaciones<\/strong> anunciadas por la oposici\u00f3n para el d\u00eda de hoy con motivo de la toma de posesi\u00f3n presidencial prevista para ma\u00f1ana, viernes 10 de enero.<\/p>\n<p>\u201cReiteramos que todos estos <strong>actos violatorios de los derechos humanos<\/strong> y delitos pueden conllevar la responsabilidad penal individual, seg\u00fan el derecho internacional, de las personas que los llevan a cabo, as\u00ed como de aquellas que los ordenen o autoricen\u201d, apuntaron los integrantes de la Misi\u00f3n.<\/p>\n<h2>Temor generalizado<\/h2>\n<p>Seg\u00fan el grupo de expertos, esas detenciones <strong>infunden un temor generalizado<\/strong> en la poblaci\u00f3n, impidiendo que muchas personas se expresen libremente o realicen su leg\u00edtimo trabajo en defensa de los derechos humanos.<\/p>\n<p>La Misi\u00f3n reclam\u00f3 que <strong>se divulga sin demora<\/strong> el paradero de los detenidos y que se les ampare y proteja seg\u00fan la ley.<\/p>\n<p>Asimismo, pidi\u00f3 que <strong>se libera de manera inmediata e incondicional<\/strong> a todas las personas detenidas arbitrariamente.<\/p>\n<h2>Es el momento de aliviar las tensiones.<\/h2>\n<p>En el mismo tenor, el Alto Comisionado de las Naciones Unidas para los Derechos Humanos expres\u00f3 gran preocupaci\u00f3n por las informaciones de detenciones arbitrarias e intimidaci\u00f3n.<\/p>\n<p>Volker T\u00fcrk cit\u00f3 concretamente la detenci\u00f3n del defensor de derechos humanos Carlos Correa y de miembros de la oposici\u00f3n y sus familiares.<\/p>\n<p>\u201cEste es el momento de trabajar para aliviar las tensiones y<strong> reducir el riesgo de m\u00e1s violencia<\/strong>. <strong>El di\u00e1logo es primordial.<\/strong>\u201d, puntualiz\u00f3 T\u00fcrk en su cuenta de X.<\/p>\n<p>El Alto Comisionado record\u00f3 que la libre expresi\u00f3n y la libertad de asamblea pac\u00edfica son derechos de todas las personas.<\/p>\n<p>La relatora especial de la ONU sobre la libertad de asamblea se sum\u00f3 a T\u00fcrk, subrayando que todas las personas tienen <strong>derecho a manifestarse sin temor a represalias.<\/strong><\/p>\n<p>Gina Romero agreg\u00f3 que el respeto de ese derecho es esencial para <strong>garantizar la participaci\u00f3n ciudadana<\/strong> y fortalecer el di\u00e1logo democr\u00e1tico.<\/p>\n<p>En un tuit, Romero dijo que las fuerzas de seguridad deben respetar los <strong>est\u00e1ndares internacionales de proporcionalidad<\/strong>y recalc\u00f3 que el uso de la fuerza debe ser excepcional y evitando cualquier medida que limite el ejercicio de los derechos humanos.<\/p>\n<h2>Respetar las leyes de derechos humanos<\/h2>\n<p>Los informes de detenciones arbitrarias y persecuciones tambi\u00e9n preocupan profundamente al Secretario General de la ONU, Ant\u00f3nio Guterres.<\/p>\n<p>El portavoz de Guterres, Stefan Dujarric ley\u00f3 ayer un comunicado en el que el titular de la ONU llam\u00f3 a que \u201cse respetan las <strong>reglas y normas internacionales<\/strong> de derechos humanos\u201d en Venezuela, haciendo hincapi\u00e9 en que nadie debe ser sometido a detenci\u00f3n o prisi\u00f3n arbitrarias.<\/p>\n<p>Toda persona tiene derecho a la libertad de expresi\u00f3n, incluida la <strong>libertad de mantener opiniones sin injerencias<\/strong>as\u00ed como el derecho de reuni\u00f3n pac\u00edfica, se\u00f1al\u00f3 Dujarric en la conferencia de prensa diaria en la sede de la ONU.<\/p>\n<p><strong>*<\/strong> <em>En septiembre de 2019, el Consejo de Derechos Humanos de las Naciones Unidas lanz\u00f3 la Misi\u00f3n internacional independiente de determinaci\u00f3n de los hechos sobre la Rep\u00fablica Bolivariana de Venezuela mediante la por un a\u00f1o para evaluar las presuntas violaciones de derechos humanos cometidas desde 2014. La Misi\u00f3n present\u00f3 su \u00faltimo <\/em><em>informe anual<\/em><em> durante un di\u00e1logo interactivo del Consejo en septiembre de 2024, acompa\u00f1ado de un documento de sesi\u00f3n con sus <\/em><em>conclusiones detalladas<\/em><em>. En su <u>resoluci\u00f3n <\/u><\/em><em>57\/36<\/em><em>  el Consejo prorrog\u00f3 el mandato de la Misi\u00f3n internacional por dos a\u00f1os m\u00e1s, hasta octubre de 2026. <\/em><\/p>\n<\/div>\n\n","protected":false},"excerpt":{"rendered":"<p>La Misi\u00f3n Internacional Independiente sobre Venezuela* informado este jueves haber documentado 16 detenciones o capturas de defensores de derechos humanos y l\u00edderes pol\u00edticosopositores y sus familiares en los \u00faltimos dos d\u00edas en varios estados de ese pa\u00eds. Dichas detenciones, afirm\u00f3 la Misi\u00f3n en un comunicado, \u201csuponen un atentado m\u00e1s a los derechos y libertades del &hellip;<\/p>\n","protected":false},"author":1,"featured_media":9835,"comment_status":"open","ping_status":"open","sticky":false,"template":"","format":"standard","meta":{"fifu_image_url":"https:\/\/global.unitednations.entermediadb.net\/assets\/mediadb\/services\/module\/asset\/downloads\/preset\/Libraries\/Production%20Library\/30-07-2024_Caracas_Venezuela.jpg\/image770x420cropped.jpg","fifu_image_alt":"","footnotes":""},"categories":[3],"tags":[],"class_list":["post-9833","post","type-post","status-publish","format-standard","has-post-thumbnail","","category-negocio"],"_links":{"self":[{"href":"https:\/\/noticiasveraces.com\/index.php?rest_route=\/wp\/v2\/posts\/9833","targetHints":{"allow":["GET"]}}],"collection":[{"href":"https:\/\/noticiasveraces.com\/index.php?rest_route=\/wp\/v2\/posts"}],"about":[{"href":"https:\/\/noticiasveraces.com\/index.php?rest_route=\/wp\/v2\/types\/post"}],"author":[{"embeddable":true,"href":"https:\/\/noticiasveraces.com\/index.php?rest_route=\/wp\/v2\/users\/1"}],"replies":[{"embeddable":true,"href":"https:\/\/noticiasveraces.com\/index.php?rest_route=%2Fwp%2Fv2%2Fcomments&post=9833"}],"version-history":[{"count":0,"href":"https:\/\/noticiasveraces.com\/index.php?rest_route=\/wp\/v2\/posts\/9833\/revisions"}],"wp:featuredmedia":[{"embeddable":true,"href":"https:\/\/noticiasveraces.com\/index.php?rest_route=\/wp\/v2\/media\/9835"}],"wp:attachment":[{"href":"https:\/\/noticiasveraces.com\/index.php?rest_route=%2Fwp%2Fv2%2Fmedia&parent=9833"}],"wp:term":[{"taxonomy":"category","embeddable":true,"href":"https:\/\/noticiasveraces.com\/index.php?rest_route=%2Fwp%2Fv2%2Fcategories&post=9833"},{"taxonomy":"post_tag","embeddable":true,"href":"https:\/\/noticiasveraces.com\/index.php?rest_route=%2Fwp%2Fv2%2Ftags&post=9833"}],"curies":[{"name":"wp","href":"https:\/\/api.w.org\/{rel}","templated":true}]}}