{"id":9811,"date":"2025-01-10T03:38:30","date_gmt":"2025-01-10T07:38:30","guid":{"rendered":"https:\/\/noticiasveraces.com\/?p=9811"},"modified":"2025-01-10T03:38:30","modified_gmt":"2025-01-10T07:38:30","slug":"todos-tenemos-una-discapacidad-adquirida-el-miedo-si-lo-superas-vuelas-como-un-cohete","status":"publish","type":"post","link":"https:\/\/noticiasveraces.com\/?p=9811","title":{"rendered":"\u00abTodos tenemos una discapacidad adquirida, el miedo, si lo superas, vuelas como un cohete\u00bb"},"content":{"rendered":"<p> \n<br \/><img decoding=\"async\" src=\"https:\/\/fotografias.antena3.com\/clipping\/cmsimages02\/2025\/01\/09\/C40CA7F7-22BB-46A6-917C-A60BCA794083\/jose-paz-deportista-paralimpico-momento-entrenamiento_96.jpg?crop=2048,1152,x0,y109&amp;width=1200&amp;height=675&amp;optimize=low&amp;format=webply\" \/><\/p>\n<div id=\"intext\">\n<p>\u00abNo s\u00e9 qu\u00e9 opinar\u00e1 mi familia, pero yo siempre he cre\u00eddo que tengo buena punter\u00eda\u00bb, y nos saca una carcajada a todos. Enseguida nos damos cuenta de que no hace falta estar mucho tiempo con Jose para que contagie su optimismo y buen humor.<\/p>\n<p><b>Jos\u00e9 Paz <\/b>naci\u00f3 en Santiago de Compostela hace 45 a\u00f1os, a los 20, empez\u00f3 \u00aba perder fuerza en las piernas y en los brazos\u00bb, pero los facultativos que lo trataron durante una d\u00e9cada no le pusieron nombre a su enfermedad hasta que cumpli\u00f3 los 35. \u00ab<b>Me diagnosticaron una distrofia muscular de cinturas, una enfermedad degenerativa y hereditaria<\/b>; mis padres son portadores, somos tres hermanos, y me toc\u00f3 a m\u00ed\u00bb, explica Jos\u00e9 sin perder la sonrisa.<\/p>\n<p>Reconoce que al principio fue duro. \u00ab<b>Durante la fase de negaci\u00f3n lo pas\u00e9 ma<\/b>l, pero poco a poco, forz\u00e1ndome a salir de mi zona de confort, que era la tele y el sof\u00e1, he ido consiguiendo recursos. He hecho de todo: cuero, pintura&#8230; todo me ha ayudado a estar donde estoy, en un punto en el que considero que soy plenamente feliz\u00bb. Su traves\u00eda ha sido tan ejemplar que lo llaman para hablar de su experiencia con la enfermedad en centros, colegios e institutos. Y tras una de esas charlas, un proyecto creado para promover el deporte inclusivo y captar deportistas con grandes afectaciones, se fij\u00f3 en \u00e9l.<\/p>\n<p>Hace seis meses, Jos\u00e9 fue contactado por <b>Lanzadera Deportiva Inclusport<\/b>una organizaci\u00f3n, que a trav\u00e9s de su club deportivo, la Escuela Prime, ha sido pionera en el fomento de numerosas disciplinas para personas con discapacidad. El reto que le ofrecieron a Jose consist\u00eda en tiro entrenar con arco con el objetivo de llegar a los Juegos Paral\u00edmpicos de 2028. Este desaf\u00edo, lejos de asustarlo, lo motiv\u00f3 a\u00fan m\u00e1s.<\/p>\n<p>\u00abTengo un hijo de 11 a\u00f1os, y fue el que m\u00e1s me anim\u00f3, me dice &#8216;dale pap\u00e1, dale, que t\u00fa puedes&#8217;, y tuve que animarme\u00bb. El tiro con arco, un deporte que exige precisi\u00f3n, concentraci\u00f3n y fortaleza mental, ha encajado perfectamente en la vida de Jos\u00e9. Sin embargo, su motivaci\u00f3n va m\u00e1s all\u00e1 de la competici\u00f3n. \u00ab<b>Mi meta es disfrutar de la experiencia, pas\u00e1rmelo bien y ponerme nuevas metas cada d\u00eda.<\/b>\u00ab, asegura.<\/p>\n<h2 class=\"title-h2\">\u00abHa logrado en poco tiempo lo que a otros les cuesta a\u00f1os\u00bb<\/h2>\n<p>jose entrena junto a <b>Manuel Campoy<\/b>monitor nacional de tiro con arco, y Ezequiel Pastor, t\u00e9cnico deportivo de la Escuela Prime. Ambos destacan las cualidades de Jos\u00e9 como deportista. \u00abEs perfecto para el tiro con arco\u00bb, dice Campoy. \u00abHa logrado en poco tiempo lo que a otros les cuesta a\u00f1os. Tiene una incre\u00edble capacidad para adaptarse y mejorar\u00bb. Ezequiel Pastor subraya el liderazgo natural de Jos\u00e9: \u00ab<b>Es una persona muy motivadora, extrovertida, con un gran sentido del humor.<\/b>. Estas cualidades no solo son clave en el deporte, sino tambi\u00e9n en la vida\u00bb, se\u00f1ala.<\/p>\n<p>A pesar de su \u00e9xito en el tiro con arco, Jos\u00e9 sabe que su camino hacia los <b>Juegos Paral\u00edmpicos<\/b> no ser\u00e1 f\u00e1cil. La financiaci\u00f3n es uno de los mayores obst\u00e1culos a los que se enfrentan los deportistas paral\u00edmpicos, sin embargo, su determinaci\u00f3n es inquebrantable. \u00abSi se empe\u00f1a, s\u00e9 que estar\u00e1 all\u00ed dentro de cuatro a\u00f1os\u00bb, afirma con convicci\u00f3n Manuel Campoy.<\/p>\n<p>Jos\u00e9 Paz tiene claro que, m\u00e1s all\u00e1 de los logros deportivos, la principal batalla es contra el miedo. \u00abTodos tenemos una discapacidad adquirida, que es el miedo: miedo al qu\u00e9 dir\u00e1n, miedo a fracasar. <b>Yo tard\u00e9 un a\u00f1o en usar la silla de ruedas por miedo, pero cuando superas ese miedo&#8230; vuelas como un cohete<\/b>\u00ab, concluye sin perder su sonrisa.<\/p>\n<p><i>S\u00edguenos en nuestro canal de WhatsApp y no te pierdas la \u00faltima hora y toda la actualidad de antena3noticias.com<\/i><\/p>\n<\/div>\n\n","protected":false},"excerpt":{"rendered":"<p>\u00abNo s\u00e9 qu\u00e9 opinar\u00e1 mi familia, pero yo siempre he cre\u00eddo que tengo buena punter\u00eda\u00bb, y nos saca una carcajada a todos. Enseguida nos damos cuenta de que no hace falta estar mucho tiempo con Jose para que contagie su optimismo y buen humor. Jos\u00e9 Paz naci\u00f3 en Santiago de Compostela hace 45 a\u00f1os, a &hellip;<\/p>\n","protected":false},"author":1,"featured_media":9813,"comment_status":"open","ping_status":"open","sticky":false,"template":"","format":"standard","meta":{"fifu_image_url":"https:\/\/fotografias.antena3.com\/clipping\/cmsimages02\/2025\/01\/09\/C40CA7F7-22BB-46A6-917C-A60BCA794083\/jose-paz-deportista-paralimpico-momento-entrenamiento_69.jpg?crop=2048,1152,x0,y109&width=1280&height=720&optimize=low&format=jpg","fifu_image_alt":"","footnotes":""},"categories":[6],"tags":[],"class_list":["post-9811","post","type-post","status-publish","format-standard","has-post-thumbnail","","category-deportes"],"_links":{"self":[{"href":"https:\/\/noticiasveraces.com\/index.php?rest_route=\/wp\/v2\/posts\/9811","targetHints":{"allow":["GET"]}}],"collection":[{"href":"https:\/\/noticiasveraces.com\/index.php?rest_route=\/wp\/v2\/posts"}],"about":[{"href":"https:\/\/noticiasveraces.com\/index.php?rest_route=\/wp\/v2\/types\/post"}],"author":[{"embeddable":true,"href":"https:\/\/noticiasveraces.com\/index.php?rest_route=\/wp\/v2\/users\/1"}],"replies":[{"embeddable":true,"href":"https:\/\/noticiasveraces.com\/index.php?rest_route=%2Fwp%2Fv2%2Fcomments&post=9811"}],"version-history":[{"count":0,"href":"https:\/\/noticiasveraces.com\/index.php?rest_route=\/wp\/v2\/posts\/9811\/revisions"}],"wp:featuredmedia":[{"embeddable":true,"href":"https:\/\/noticiasveraces.com\/index.php?rest_route=\/wp\/v2\/media\/9813"}],"wp:attachment":[{"href":"https:\/\/noticiasveraces.com\/index.php?rest_route=%2Fwp%2Fv2%2Fmedia&parent=9811"}],"wp:term":[{"taxonomy":"category","embeddable":true,"href":"https:\/\/noticiasveraces.com\/index.php?rest_route=%2Fwp%2Fv2%2Fcategories&post=9811"},{"taxonomy":"post_tag","embeddable":true,"href":"https:\/\/noticiasveraces.com\/index.php?rest_route=%2Fwp%2Fv2%2Ftags&post=9811"}],"curies":[{"name":"wp","href":"https:\/\/api.w.org\/{rel}","templated":true}]}}