{"id":9803,"date":"2025-01-10T02:36:14","date_gmt":"2025-01-10T06:36:14","guid":{"rendered":"https:\/\/noticiasveraces.com\/?p=9803"},"modified":"2025-01-10T02:36:14","modified_gmt":"2025-01-10T06:36:14","slug":"temperatura-media-del-planeta-subio-mas-de-15oc-dw-01-10-2025","status":"publish","type":"post","link":"https:\/\/noticiasveraces.com\/?p=9803","title":{"rendered":"temperatura media del planeta subi\u00f3 m\u00e1s de 1,5\u00baC \u2013 DW \u2013 01\/10\/2025"},"content":{"rendered":"<p> \n<\/p>\n<div>\n<p>El mundo sufri\u00f3 un aumento de su temperatura media de m\u00e1s de 1,5\u00b0 C en los \u00faltimos dos a\u00f1os, el l\u00edmite simb\u00f3lico establecido por el Acuerdo de Par\u00eds de lucha contra el cambio clim\u00e1tico, anunci\u00f3 el servicio europeo Copernicus el viernes (10.01.2025). ).<\/p>\n<p>Como se anticip\u00f3 durante meses, 2024 fue el a\u00f1o m\u00e1s c\u00e1lido jam\u00e1s registrado desde que comenzaron las estad\u00edsticas en 1850, confirm\u00f3 el Servicio de Cambio Clim\u00e1tico (C3S) del observatorio europeo.<\/p>\n<p>El nuevo a\u00f1o no parece que vaya a batir de nuevos esos registros, pero la Oficina Meteorol\u00f3gica Brit\u00e1nica advirti\u00f3 que el a\u00f1o 2025 podr\u00eda ser uno de los tres m\u00e1s c\u00e1lidos registrados en el planeta.<\/p>\n<p>Seg\u00fan Copernicus, en 2024 pero tambi\u00e9n en el promedio de los dos a\u00f1os 2023-2024 se super\u00f3 1,5\u00b0 C de calentamiento en comparaci\u00f3n con la era preindustrial.<\/p>\n<p>Esto no significa, sin embargo, que el l\u00edmite m\u00e1s ambicioso del acuerdo de Par\u00eds, que se entiende durante al menos 20 a\u00f1os, se haya cruzado, recuerda Cop\u00e9rnico.<\/p>\n<p>Pero \u00abesto subraya el hecho de que las temperaturas globales est\u00e1n aumentando m\u00e1s all\u00e1 de lo que los humanos modernos han experimentado\u00bb.<\/p>\n<p>De hecho, el calentamiento clim\u00e1tico actual es sin precedentes en al menos 120.000 a\u00f1os, seg\u00fan los cient\u00edficos.<\/p>\n<h2>Mediterr\u00e1neo, \u00abpunto caliente\u00bb del cambio clim\u00e1tico<\/h2>\n<p>El C3S se\u00f1al\u00f3 adem\u00e1s al Mediterr\u00e1neo como \u00abpunto caliente\u00bb del cambio clim\u00e1tico, que se est\u00e1 viendo afectado por una combinaci\u00f3n de fen\u00f3menos que van desde olas de calor extremo hasta precipitaciones intensas.<\/p>\n<p>\u00abEuropa se est\u00e1 calentando m\u00e1s r\u00e1pido que la media mundial. En este sentido, el Mediterr\u00e1neo representa, sin duda, un punto caliente, por as\u00ed decirlo, del cambio clim\u00e1tico\u00bb, se\u00f1al\u00f3 el director del C3S, Carlo Buontempo.<\/p>\n<p>Precis\u00f3 que la regi\u00f3n mediterr\u00e1nea se est\u00e1 viendo especialmente afectada por una combinaci\u00f3n de cambios clim\u00e1ticos, que incluye, por ejemplo, olas de calor m\u00e1s frecuentes y severas, con un estr\u00e9s t\u00e9rmico m\u00e1s fuerte.<\/p>\n<p>\u00abHemos visto algunos ejemplos de ello en los dos \u00faltimos a\u00f1os, con temperaturas r\u00e9cord tanto en Espa\u00f1a como en Italia, que han alcanzado niveles muy cercanos al r\u00e9cord absoluto de Europa o que lo han batido\u00bb, afirm\u00f3.<\/p>\n<p>jc (efe, dpa, afp)<\/p>\n<div class=\"vjs-wrapper embed big\">\n<h2 aria-label=\"Video integrado \u2014 As\u00ed act\u00faa el \u2018lobby\u2019 de los combustibles f\u00f3siles\" class=\"headline\"><svg xmlns=\"http:\/\/www.w3.org\/2000\/svg\" viewbox=\"0 0 20 20\"><g fill-rule=\"evenodd\"><path d=\"M14.114 7.599H13.5l.002 4.706h.601l4.582 3.25-.005-11.11zM11.084 4.444l-9.007.002-1.336.797.002 9.514 1.334.793 9.007.006 1.509-.799-.004-9.516z\"\/><\/g><\/svg>As\u00ed act\u00faa el &#8216;lobby&#8217; de los combustibles f\u00f3siles<\/h2>\n<p><video id=\"video-70950929\" controls=\"\" playsinline=\"\" preload=\"none\" poster=\"data:image\/png;base64,iVBORw0KGgoAAAANSUhEUgAAAAEAAAABCAQAAAC1HAwCAAAAC0lEQVR42mNkYAAAAAYAAjCB0C8AAAAASUVORK5CYII=\" data-id=\"70950929\" data-posterurl=\"https:\/\/static.dw.com\/image\/70981123_605.webp\" data-duration=\"12:55\"><source src=\"https:\/\/hlsvod.dw.com\/i\/dwtv_video\/flv\/wikos\/wikos20241205_Transformar_,AVC_480x270,AVC_512x288,AVC_640x360,AVC_960x540,AVC_1280x720,AVC_1920x1080,.mp4.csmil\/master.m3u8\" type=\"application\/x-mpegURL\"><source src=\"https:\/\/tvdownloaddw-a.akamaihd.net\/dwtv_video\/flv\/wikos\/wikos20241205_Transformar_AVC_1920x1080.mp4\" type=\"video\/mp4\"><p class=\"vjs-no-js\">Para ver este video, habilite JavaScript y considere actualizar a un navegador web que admita videos HTML5.<\/p>\n<p><\/source><\/source><\/video><\/div>\n<\/div>\n\n","protected":false},"excerpt":{"rendered":"<p>El mundo sufri\u00f3 un aumento de su temperatura media de m\u00e1s de 1,5\u00b0 C en los \u00faltimos dos a\u00f1os, el l\u00edmite simb\u00f3lico establecido por el Acuerdo de Par\u00eds de lucha contra el cambio clim\u00e1tico, anunci\u00f3 el servicio europeo Copernicus el viernes (10.01.2025). ). Como se anticip\u00f3 durante meses, 2024 fue el a\u00f1o m\u00e1s c\u00e1lido jam\u00e1s &hellip;<\/p>\n","protected":false},"author":1,"featured_media":9804,"comment_status":"open","ping_status":"open","sticky":false,"template":"","format":"standard","meta":{"fifu_image_url":"https:\/\/static.dw.com\/image\/69627367_6.jpg","fifu_image_alt":"","footnotes":""},"categories":[13],"tags":[],"class_list":["post-9803","post","type-post","status-publish","format-standard","has-post-thumbnail","","category-mundo"],"_links":{"self":[{"href":"https:\/\/noticiasveraces.com\/index.php?rest_route=\/wp\/v2\/posts\/9803","targetHints":{"allow":["GET"]}}],"collection":[{"href":"https:\/\/noticiasveraces.com\/index.php?rest_route=\/wp\/v2\/posts"}],"about":[{"href":"https:\/\/noticiasveraces.com\/index.php?rest_route=\/wp\/v2\/types\/post"}],"author":[{"embeddable":true,"href":"https:\/\/noticiasveraces.com\/index.php?rest_route=\/wp\/v2\/users\/1"}],"replies":[{"embeddable":true,"href":"https:\/\/noticiasveraces.com\/index.php?rest_route=%2Fwp%2Fv2%2Fcomments&post=9803"}],"version-history":[{"count":0,"href":"https:\/\/noticiasveraces.com\/index.php?rest_route=\/wp\/v2\/posts\/9803\/revisions"}],"wp:featuredmedia":[{"embeddable":true,"href":"https:\/\/noticiasveraces.com\/index.php?rest_route=\/wp\/v2\/media\/9804"}],"wp:attachment":[{"href":"https:\/\/noticiasveraces.com\/index.php?rest_route=%2Fwp%2Fv2%2Fmedia&parent=9803"}],"wp:term":[{"taxonomy":"category","embeddable":true,"href":"https:\/\/noticiasveraces.com\/index.php?rest_route=%2Fwp%2Fv2%2Fcategories&post=9803"},{"taxonomy":"post_tag","embeddable":true,"href":"https:\/\/noticiasveraces.com\/index.php?rest_route=%2Fwp%2Fv2%2Ftags&post=9803"}],"curies":[{"name":"wp","href":"https:\/\/api.w.org\/{rel}","templated":true}]}}