{"id":9801,"date":"2025-01-10T01:31:12","date_gmt":"2025-01-10T05:31:12","guid":{"rendered":"https:\/\/noticiasveraces.com\/?p=9801"},"modified":"2025-01-10T01:31:12","modified_gmt":"2025-01-10T05:31:12","slug":"trump-prepara-cita-con-putin-para-acabar-guerra-en-ucrania-dw-01-10-2025","status":"publish","type":"post","link":"https:\/\/noticiasveraces.com\/?p=9801","title":{"rendered":"Trump prepara cita con Putin para \u00abacabar\u00bb guerra en Ucrania \u2013 DW \u2013 01\/10\/2025"},"content":{"rendered":"<p> \n<\/p>\n<div>\n<p>El presidente electo de Estados Unidos, Donald Trump, asegur\u00f3 el jueves (01.09.2025) que est\u00e1 preparando una reuni\u00f3n con el mandatario ruso, Vladimir Putin, para \u00abponer fin\u00bb a la guerra en Ucrania.<\/p>\n<p>\u00abQuiere que nos reunamos, y estamos en proceso de organizarlo\u00bb, dijo el magnate republicano antes de una junta con gobernadores pertenecientes a su partido en su residencia de Mar-a-Lago, en Florida.<\/p>\n<p>\u00abPutin quiere que nos reunamos, incluso lo ha dicho p\u00fablicamente, y tenemos que poner fin a esta guerra, que es un aut\u00e9ntico desastre\u00bb, a\u00f1adi\u00f3 Trump.<\/p>\n<h2>Putin: \u00abhay mucho de qu\u00e9 hablar\u00bb<\/h2>\n<p>Durante su sesi\u00f3n anual televisada de preguntas y respuestas del 19 de diciembre, Putin dijo que estaba dispuesto a encontrarse con el l\u00edder estadounidense \u00aben cualquier momento\u00bb.<\/p>\n<p>\u00abSi alguna vez nos reunimos con el presidente electo Trump, estoy seguro de que tendremos mucho de qu\u00e9 hablar\u00bb, sostuvo.<\/p>\n<p>Trump, que asumir\u00e1 la presidencia el 20 de enero para un segundo mandato, prometi\u00f3 durante su campa\u00f1a electoral poner fin a la guerra en Ucrania \u00aben 24 horas\u00bb, y ya ha pedido un \u00abalto el fuego inmediato\u00bb y conversaciones.<\/p>\n<p>Autoridades europeas y ucranianas temen, sin embargo, que para lograrlo obliga a Kiev a hacer grandes concesiones y d\u00e9 al Kremlin una victoria geopol\u00edtica.<\/p>\n<p>Bajo la presidencia del dem\u00f3crata Joe Biden, Estados Unidos ha sido el principal apoyo de Ucrania desde el inicio de la invasi\u00f3n rusa en febrero de 2022, aportando m\u00e1s de 65.000 millones de d\u00f3lares en ayuda militar.<\/p>\n<p>gs (afp, reuters)<\/p>\n<div class=\"vjs-wrapper embed normal right\">\n<h2 aria-label=\"Video integrado \u2014 \u201cVeremos respuestas m\u00e1s duras de EE.UU. en Cuba y Nicaragua\u201d\" class=\"headline\"><svg xmlns=\"http:\/\/www.w3.org\/2000\/svg\" viewbox=\"0 0 20 20\"><g fill-rule=\"evenodd\"><path d=\"M14.114 7.599H13.5l.002 4.706h.601l4.582 3.25-.005-11.11zM11.084 4.444l-9.007.002-1.336.797.002 9.514 1.334.793 9.007.006 1.509-.799-.004-9.516z\"\/><\/g><\/svg>\u201cVeremos respuestas m\u00e1s duras de EE.UU. en Cuba y Nicaragua\u201d<\/h2>\n<p><video id=\"video-71173027\" controls=\"\" playsinline=\"\" preload=\"none\" poster=\"data:image\/png;base64,iVBORw0KGgoAAAANSUhEUgAAAAEAAAABCAQAAAC1HAwCAAAAC0lEQVR42mNkYAAAAAYAAjCB0C8AAAAASUVORK5CYII=\" data-id=\"71173027\" data-posterurl=\"https:\/\/static.dw.com\/image\/69105394_605.webp\" data-duration=\"15:13\"><source src=\"https:\/\/hlsvod.dw.com\/i\/dwtv_video\/flv\/ivs\/ivs20241229_gesamtNeu_,AVC_480x270,AVC_512x288,AVC_640x360,AVC_960x540,AVC_1280x720,AVC_1920x1080,.mp4.csmil\/master.m3u8\" type=\"application\/x-mpegURL\"><source src=\"https:\/\/tvdownloaddw-a.akamaihd.net\/dwtv_video\/flv\/ivs\/ivs20241229_gesamtNeu_AVC_1920x1080.mp4\" type=\"video\/mp4\"><p class=\"vjs-no-js\">Para ver este video, habilite JavaScript y considere actualizar a un navegador web que admita videos HTML5.<\/p>\n<p><\/source><\/source><\/video><\/div>\n<\/div>\n\n","protected":false},"excerpt":{"rendered":"<p>El presidente electo de Estados Unidos, Donald Trump, asegur\u00f3 el jueves (01.09.2025) que est\u00e1 preparando una reuni\u00f3n con el mandatario ruso, Vladimir Putin, para \u00abponer fin\u00bb a la guerra en Ucrania. \u00abQuiere que nos reunamos, y estamos en proceso de organizarlo\u00bb, dijo el magnate republicano antes de una junta con gobernadores pertenecientes a su partido &hellip;<\/p>\n","protected":false},"author":1,"featured_media":9802,"comment_status":"open","ping_status":"open","sticky":false,"template":"","format":"standard","meta":{"fifu_image_url":"https:\/\/static.dw.com\/image\/70801255_6.jpg","fifu_image_alt":"","footnotes":""},"categories":[13],"tags":[],"class_list":["post-9801","post","type-post","status-publish","format-standard","has-post-thumbnail","","category-mundo"],"_links":{"self":[{"href":"https:\/\/noticiasveraces.com\/index.php?rest_route=\/wp\/v2\/posts\/9801","targetHints":{"allow":["GET"]}}],"collection":[{"href":"https:\/\/noticiasveraces.com\/index.php?rest_route=\/wp\/v2\/posts"}],"about":[{"href":"https:\/\/noticiasveraces.com\/index.php?rest_route=\/wp\/v2\/types\/post"}],"author":[{"embeddable":true,"href":"https:\/\/noticiasveraces.com\/index.php?rest_route=\/wp\/v2\/users\/1"}],"replies":[{"embeddable":true,"href":"https:\/\/noticiasveraces.com\/index.php?rest_route=%2Fwp%2Fv2%2Fcomments&post=9801"}],"version-history":[{"count":0,"href":"https:\/\/noticiasveraces.com\/index.php?rest_route=\/wp\/v2\/posts\/9801\/revisions"}],"wp:featuredmedia":[{"embeddable":true,"href":"https:\/\/noticiasveraces.com\/index.php?rest_route=\/wp\/v2\/media\/9802"}],"wp:attachment":[{"href":"https:\/\/noticiasveraces.com\/index.php?rest_route=%2Fwp%2Fv2%2Fmedia&parent=9801"}],"wp:term":[{"taxonomy":"category","embeddable":true,"href":"https:\/\/noticiasveraces.com\/index.php?rest_route=%2Fwp%2Fv2%2Fcategories&post=9801"},{"taxonomy":"post_tag","embeddable":true,"href":"https:\/\/noticiasveraces.com\/index.php?rest_route=%2Fwp%2Fv2%2Ftags&post=9801"}],"curies":[{"name":"wp","href":"https:\/\/api.w.org\/{rel}","templated":true}]}}