{"id":9754,"date":"2025-01-09T16:48:55","date_gmt":"2025-01-09T20:48:55","guid":{"rendered":"https:\/\/noticiasveraces.com\/?p=9754"},"modified":"2025-01-09T16:48:55","modified_gmt":"2025-01-09T20:48:55","slug":"polonia-adopta-una-resolucion-que-protege-a-netanyahu-del-arresto-si-asiste-a-la-conmemoracion-de-la-liberacion-de-auschwitz","status":"publish","type":"post","link":"https:\/\/noticiasveraces.com\/?p=9754","title":{"rendered":"Polonia adopta una resoluci\u00f3n que protege a Netanyahu del arresto si asiste a la conmemoraci\u00f3n de la liberaci\u00f3n de Auschwitz"},"content":{"rendered":"<p> \n<br \/><img decoding=\"async\" src=\"https:\/\/a57.foxnews.com\/static.foxnews.com\/foxnews.com\/content\/uploads\/2024\/12\/931\/523\/netanyahu-in-knesset-3-e1735658055176.jpeg?ve=1&amp;tl=1\" \/><\/p>\n<p>El gobierno polaco adopt\u00f3 una resoluci\u00f3n el jueves prometiendo garantizar la participaci\u00f3n libre y segura de los m\u00e1s altos representantes de Israel, incluido el Primer Ministro Benjam\u00edn Netanyahu, quienes decidieron asistir a las conmemoraciones del 80\u00ba aniversario de la liberaci\u00f3n de Auschwitz-Birkenau a finales de este mes.<\/p>\n<p>Netanyahu se convirti\u00f3 en un sospechoso buscado internacionalmente el a\u00f1o pasado despu\u00e9s de que la Corte Penal Internacional, el principal tribunal de cr\u00edmenes de guerra del mundo, emitiera una orden de arresto contra \u00e9l y otros en relaci\u00f3n con la guerra en Gaza, acus\u00e1ndolos de cr\u00edmenes contra la humanidad.<\/p>\n<p><strong>CASA PREPARADA PARA APROBAR UN LEY QUE SANCIONAR\u00cdA A LA CORTE PENAL INTERNACIONAL POR INTENTAR ARRESTAR A NETANYAHU<\/strong><\/p>\n<p>\u00abEl gobierno polaco considera la participaci\u00f3n segura de los l\u00edderes de Israel en las conmemoraciones del 27 de enero de 2025 como parte de un homenaje a la naci\u00f3n jud\u00eda, millones de cuyas hijas e hijos fueron v\u00edctimas del Holocausto llevado a cabo por el Tercer Reich. \u00bb se lee en la resoluci\u00f3n publicada por la oficina del primer ministro Donald Tusk.<\/p>\n<p>El gobierno public\u00f3 la declaraci\u00f3n despu\u00e9s de que el presidente polaco, Andrzej Duda, pidiera a Tusk que se asegurara de que Netanyahu pudiera asistir sin riesgo de ser arrestado.<\/p>\n<p>Las fuerzas alemanas ocuparon Polonia al comienzo de la Segunda Guerra Mundial y establecieron un sistema de guetos y campos de exterminio donde mataron a millones de jud\u00edos y otras personas.<\/p>\n<p>Ha habido informes que sugieren que la orden de arresto podr\u00eda impedir que Netanyahu viaje a Polonia para asistir a los actos conmemorativos del aniversario de la liberaci\u00f3n en 1945 del campo de exterminio de Auschwitz-Birkenau por las fuerzas sovi\u00e9ticas el 27 de enero. La orden judicial podr\u00eda impedir que Netanyahu viaje a Polonia para asistir a los actos conmemorativos del aniversario de la liberaci\u00f3n en 1945 del campo de exterminio de Auschwitz-Birkenau por las fuerzas sovi\u00e9ticas el 1 de enero de 2018. 27.<\/p>\n<p>Los pa\u00edses miembros de la CPI, como Polonia, est\u00e1n obligados a detener a los sospechosos que enfrentan una orden judicial si ponen un pie en su suelo, pero el tribunal no tiene forma de hacer cumplir eso. Israel no es miembro de la CPI y cuestiona su jurisdicci\u00f3n.<\/p>\n<p><strong>ISRAEL ENV\u00cdA INFORME A LA ONU SOBRE EL TRATO &#8216;BRUTAL&#8217; UTILIZADO POR TERRORISTAS CONTRA LOS REHENES EN GAZA<\/strong><\/p>\n<p>El tribunal tiene m\u00e1s de 120 estados miembros, aunque algunos pa\u00edses, incluida Francia, ya han dicho que no lo arrestar\u00edan. El primer ministro h\u00fangaro, Viktor Orb\u00e1n, incluso dijo que desafiar\u00eda la orden invitando a Netanyahu a Hungr\u00eda.<\/p>\n<p>Ni siquiera estaba claro si Netanyahu quer\u00eda asistir al evento. El Ministerio de Asuntos Exteriores polaco dijo el jueves que \u00abhasta ahora no ha recibido ninguna informaci\u00f3n que indique que el primer ministro Benjam\u00edn Netanyahu vaya a asistir a la celebraci\u00f3n del 80\u00ba aniversario de la liberaci\u00f3n de Auschwitz\u00bb.<\/p>\n<p>\u00abPolonia es un pa\u00eds seguro y cualquier l\u00edder que visite Polonia tiene derecho a la protecci\u00f3n otorgada por el Ministerio del Interior\u00bb, a\u00f1adi\u00f3. El ministerio tambi\u00e9n sugiri\u00f3 que cualquier idea de que Netanyahu podr\u00eda ser arrestado en Polonia es una \u00abnoticia falsa\u00bb que se difundi\u00f3 en los medios estadounidenses.<\/p>\n<p>A la conmemoraci\u00f3n asistir\u00e1n funcionarios internacionales y ancianos sobrevivientes. Tendr\u00e1 lugar en Oswiecim, una ciudad que estuvo bajo ocupaci\u00f3n alemana durante la guerra.<\/p>\n<p>En Auschwitz fueron asesinadas m\u00e1s de 1,1 millones de personas. Los historiadores dicen que la mayor\u00eda de ellos, alrededor de un mill\u00f3n, eran jud\u00edos, pero entre las v\u00edctimas tambi\u00e9n hab\u00eda polacos, roman\u00edes, prisioneros de guerra sovi\u00e9ticos y otros.<\/p>\n\n","protected":false},"excerpt":{"rendered":"<p>El gobierno polaco adopt\u00f3 una resoluci\u00f3n el jueves prometiendo garantizar la participaci\u00f3n libre y segura de los m\u00e1s altos representantes de Israel, incluido el Primer Ministro Benjam\u00edn Netanyahu, quienes decidieron asistir a las conmemoraciones del 80\u00ba aniversario de la liberaci\u00f3n de Auschwitz-Birkenau a finales de este mes. Netanyahu se convirti\u00f3 en un sospechoso buscado internacionalmente &hellip;<\/p>\n","protected":false},"author":1,"featured_media":9756,"comment_status":"open","ping_status":"open","sticky":false,"template":"","format":"standard","meta":{"fifu_image_url":"https:\/\/a57.foxnews.com\/static.foxnews.com\/foxnews.com\/content\/uploads\/2024\/12\/931\/523\/netanyahu-in-knesset-3-e1735658055176.jpeg?ve=1&tl=1","fifu_image_alt":"","footnotes":""},"categories":[13],"tags":[],"class_list":["post-9754","post","type-post","status-publish","format-standard","has-post-thumbnail","","category-mundo"],"_links":{"self":[{"href":"https:\/\/noticiasveraces.com\/index.php?rest_route=\/wp\/v2\/posts\/9754","targetHints":{"allow":["GET"]}}],"collection":[{"href":"https:\/\/noticiasveraces.com\/index.php?rest_route=\/wp\/v2\/posts"}],"about":[{"href":"https:\/\/noticiasveraces.com\/index.php?rest_route=\/wp\/v2\/types\/post"}],"author":[{"embeddable":true,"href":"https:\/\/noticiasveraces.com\/index.php?rest_route=\/wp\/v2\/users\/1"}],"replies":[{"embeddable":true,"href":"https:\/\/noticiasveraces.com\/index.php?rest_route=%2Fwp%2Fv2%2Fcomments&post=9754"}],"version-history":[{"count":0,"href":"https:\/\/noticiasveraces.com\/index.php?rest_route=\/wp\/v2\/posts\/9754\/revisions"}],"wp:featuredmedia":[{"embeddable":true,"href":"https:\/\/noticiasveraces.com\/index.php?rest_route=\/wp\/v2\/media\/9756"}],"wp:attachment":[{"href":"https:\/\/noticiasveraces.com\/index.php?rest_route=%2Fwp%2Fv2%2Fmedia&parent=9754"}],"wp:term":[{"taxonomy":"category","embeddable":true,"href":"https:\/\/noticiasveraces.com\/index.php?rest_route=%2Fwp%2Fv2%2Fcategories&post=9754"},{"taxonomy":"post_tag","embeddable":true,"href":"https:\/\/noticiasveraces.com\/index.php?rest_route=%2Fwp%2Fv2%2Ftags&post=9754"}],"curies":[{"name":"wp","href":"https:\/\/api.w.org\/{rel}","templated":true}]}}