{"id":9702,"date":"2025-01-09T08:56:24","date_gmt":"2025-01-09T12:56:24","guid":{"rendered":"https:\/\/noticiasveraces.com\/?p=9702"},"modified":"2025-01-09T08:56:24","modified_gmt":"2025-01-09T12:56:24","slug":"el-director-saliente-de-ice-dice-que-biden-absolutamente-deberia-haber-actuado-antes-para-reforzar-la-frontera","status":"publish","type":"post","link":"https:\/\/noticiasveraces.com\/?p=9702","title":{"rendered":"El director saliente de ICE dice que Biden \u201cabsolutamente\u201d deber\u00eda haber actuado antes para reforzar la frontera"},"content":{"rendered":"<p> \n<\/p>\n<div>\n<p class=\"\">En una entrevista de salida con NBC News, el actual director interino del Servicio de Inmigraci\u00f3n y Control de Aduanas, PJ Lechleitner, dijo que el presidente Joe Biden deber\u00eda haber actuado \u201cabsolutamente\u201d antes para reforzar la seguridad fronteriza y reducir el flujo de migrantes hacia los EE.UU. <\/p>\n<p class=\"\">Lechleitner, quien se convirti\u00f3 en director interino en julio de 2023, dijo que la cantidad de inmigrantes entrantes significaba que ICE tuvo que enviar personal a Aduanas y Protecci\u00f3n Fronteriza para ayudarlos, lo que dej\u00f3 a ICE incapaz de \u201crealizar adecuadamente nuestra propia misi\u00f3n principal\u201d. Tambi\u00e9n dijo que no era el \u00fanico que sent\u00eda que Biden deber\u00eda haber actuado m\u00e1s r\u00e1pido. <\/p>\n<p class=\"\">\u201cCreo que a la gente de carrera del DHS le hubiera gustado eso\u201d, dijo. \u00abY todos nosotros en el DHS, francamente, no s\u00e9 si alguien en el DHS no hubiera querido eso antes\u00bb.<\/p>\n<p class=\"\">Lechleitner se refer\u00eda a la acci\u00f3n ejecutiva que Biden tom\u00f3 en junio para impedir que los inmigrantes que cruzaron la frontera ilegalmente solicitaran asilo. En septiembre, el total mensual de cruces fronterizos ilegales se hab\u00eda reducido a 54.000, el m\u00e1s bajo desde que Biden asumi\u00f3 el cargo. La ca\u00edda aline\u00f3 las cifras con los niveles de Trump previos a la pandemia del oto\u00f1o de 2019. Y las cifras han seguido cayendo, con solo 46.000 migrantes cruzando ilegalmente en noviembre. <\/p>\n<p class=\"\">El cambio fue tan r\u00e1pido que el gobernador de Texas, Greg Abbott, ya no pudo encontrar migrantes para llenar los autobuses y enviarlos a ciudades como Nueva York y Chicago como lo hab\u00eda hecho anteriormente en la Administraci\u00f3n Biden.<\/p>\n<p class=\"\">Las opiniones de Lechleitner no reflejan necesariamente las opiniones de la administraci\u00f3n. La Casa Blanca no respondi\u00f3 de inmediato a una solicitud de comentarios. <\/p>\n<figure class=\"styles_inlineImage__yAWZ0 styles_medium__OMa6x\"><picture class=\"styles_image__1qciH\" data-testid=\"picture\"><source media=\"(min-width: 1000px)\" srcset=\"https:\/\/media-cldnry.s-nbcnews.com\/image\/upload\/t_fit-560w,f_avif,q_auto:eco,dpr_2\/rockcms\/2025-01\/250108-Patrick-J-Lechleitner-ICE-director-interview-ac-850p-271a22.jpg 2x, https:\/\/media-cldnry.s-nbcnews.com\/image\/upload\/t_fit-560w,f_auto,q_auto:best\/rockcms\/2025-01\/250108-Patrick-J-Lechleitner-ICE-director-interview-ac-850p-271a22.jpg 1x\"\/><source media=\"(min-width: 320px)\" srcset=\"https:\/\/media-cldnry.s-nbcnews.com\/image\/upload\/t_fit-760w,f_avif,q_auto:eco,dpr_2\/rockcms\/2025-01\/250108-Patrick-J-Lechleitner-ICE-director-interview-ac-850p-271a22.jpg 2x, https:\/\/media-cldnry.s-nbcnews.com\/image\/upload\/t_fit-760w,f_auto,q_auto:best\/rockcms\/2025-01\/250108-Patrick-J-Lechleitner-ICE-director-interview-ac-850p-271a22.jpg 1x\"\/><img decoding=\"async\" loading=\"lazy\" src=\"https:\/\/media-cldnry.s-nbcnews.com\/image\/upload\/t_fit-760w,f_auto,q_auto:best\/rockcms\/2025-01\/250108-Patrick-J-Lechleitner-ICE-director-interview-ac-850p-271a22.jpg\" alt=\"Entrevista al director de ICE, Patrick J. Lechleitner\" height=\"780\" width=\"1169\"\/><\/picture><figcaption class=\"caption styles_caption__Pe5JC\" data-testid=\"caption\"><span class=\"caption__container\" data-testid=\"caption__container\">El director de ICE, Patrick J. Lechleitner, durante una entrevista con Julia Ainsley de NBC News en Washington, DC, el mi\u00e9rcoles.<\/span><span class=\"caption__source\" data-testid=\"caption__source\">Noticias NBC<\/span><\/figcaption><\/figure>\n<p class=\"\">En una entrevista con USA Today publicada a principios de esta semana, se le pregunt\u00f3 a Biden si se arrepent\u00eda y no mencion\u00f3 la frontera sur. Lechleitner dice que no le sorprende que Biden no haya identificado la falta de acci\u00f3n en la frontera como un arrepentimiento.<\/p>\n<p class=\"\"> \u00abEs desafortunado porque creo que podr\u00edamos haber hecho m\u00e1s\u00bb, dijo. <\/p>\n<p class=\"\">Cuando se le presion\u00f3 para que diera m\u00e1s detalles, agreg\u00f3: \u201cPodr\u00edamos haberle asignado m\u00e1s recursos, ya sea en CBP, para la frontera misma y con ICE. Y podr\u00edamos haber intentado incluir a m\u00e1s de estos individuos en el expediente de no detenidos\u201d, dijo, refiri\u00e9ndose a los arrestos de inmigrantes indocumentados fuera de la custodia de ICE. <\/p>\n<p class=\"\">\u201cPodr\u00edamos haber detenido a m\u00e1s personas y podr\u00edamos haber expulsado a m\u00e1s personas. Y creo que nos vendr\u00edan bien m\u00e1s recursos y apoyo. Podr\u00edamos haberlo hecho en los \u00faltimos cuatro a\u00f1os\u201d, afirm\u00f3. <\/p>\n<p class=\"\">Lechleitner ha estado en el Departamento de Seguridad Nacional desde su creaci\u00f3n en 2003 y ha trabajado bajo administraciones republicanas y dem\u00f3cratas. Despu\u00e9s de ser nombrado director interino de ICE por la administraci\u00f3n Biden el a\u00f1o pasado, dijo Lechleitner, a menudo ped\u00eda m\u00e1s recursos para una agencia que, seg\u00fan \u00e9l, carec\u00eda cr\u00f3nicamente de fondos suficientes. <\/p>\n<p class=\"\">ICE deport\u00f3 a poco m\u00e1s de 47.000 inmigrantes en el a\u00f1o fiscal 2024. Lechleitner dijo que ICE no podr\u00eda haber deportado a m\u00e1s personas usando los mismos recursos. \u00abEstamos ardiendo\u00bb, dijo. \u201cEstamos en la m\u00e1xima capacidad de recursos. En este punto, vamos a necesitar m\u00e1s dinero y recursos para aumentar y con m\u00e1s dinero y recursos podemos aumentar la detenci\u00f3n, podemos aumentar las operaciones de deportaci\u00f3n\u201d.<\/p>\n<p class=\"\">Lechleitner tambi\u00e9n dijo que desear\u00eda que la administraci\u00f3n Biden hubiera sido m\u00e1s transparente con el pueblo estadounidense sobre las cuestiones de inmigraci\u00f3n y que le hubiera dado a su agencia la libertad de ser m\u00e1s vocal y p\u00fablica sobre su trabajo y sus preocupaciones, en parte porque una mayor comunicaci\u00f3n podr\u00eda haber reducido la desinformaci\u00f3n.<\/p>\n<p class=\"\"> \u201cDeber\u00edan [have] \u00abNos permiti\u00f3 m\u00e1s oportunidades para explicar lo que estamos haciendo y explicar el arduo trabajo que est\u00e1 haciendo ICE y CBP\u00bb, dijo. \u201cHablemos. Desmitifiquemos. Porque si no, la gente simplemente inventar\u00e1 sus propias historias sobre lo que est\u00e1 pasando y ser\u00e1 m\u00e1s problem\u00e1tico\u201d.<\/p>\n<p class=\"\">Seg\u00fan Lechleitner, los superiores impidieron a su equipo realizar las conferencias de prensa mensuales inicialmente anunciadas. <\/p>\n<p class=\"\">\u00abNo s\u00e9 exactamente por qu\u00e9 se detuvieron\u00bb, dijo, \u00abpero ya sabes, solo se nos permiti\u00f3 hacer hasta cierto punto\u00bb. <\/p>\n<p class=\"\">Otra fuente de frustraci\u00f3n que identific\u00f3 Lechleitner fueron las ciudades que adhirieron a pol\u00edticas santuario seg\u00fan las cuales no informar\u00e1n a ICE cuando los inmigrantes indocumentados sean liberados de la c\u00e1rcel. <\/p>\n<p class=\"\">\u201cMe vuelve loco cuando nuestros socios locales y estatales, ya sabes, no cooperan con nosotros en algunos de estos temas de inmigraci\u00f3n\u201d, dijo. \u201cEs como, &#8216;Vamos, hombre, estas son amenazas a la seguridad p\u00fablica y a la seguridad nacional. \u00bfY por qu\u00e9? \u00bfPor qu\u00e9 no podemos simplemente cooperar y hacer esto para proteger al p\u00fablico estadounidense?&#8217;\u201d<\/p>\n<p class=\"\">Lechleitner dijo que le desea lo mejor a la nueva administraci\u00f3n, pero advirti\u00f3 que si realmente quieren priorizar el arresto de inmigrantes con antecedentes criminales, ser\u00e1 costoso y dif\u00edcil. <\/p>\n<p class=\"endmark\">\u201cEl pueblo estadounidense ha hablado y, con suerte, toco madera, vamos a obtener mucho m\u00e1s apoyo para que la fuerza laboral haga nuestro trabajo de una manera m\u00e1s significativa. Pero necesitamos recursos. Danos m\u00e1s recursos. Danos m\u00e1s personal, danos m\u00e1s apoyo y podremos hacer m\u00e1s\u201d.<\/p>\n<\/div>\n\n","protected":false},"excerpt":{"rendered":"<p>En una entrevista de salida con NBC News, el actual director interino del Servicio de Inmigraci\u00f3n y Control de Aduanas, PJ Lechleitner, dijo que el presidente Joe Biden deber\u00eda haber actuado \u201cabsolutamente\u201d antes para reforzar la seguridad fronteriza y reducir el flujo de migrantes hacia los EE.UU. Lechleitner, quien se convirti\u00f3 en director interino en &hellip;<\/p>\n","protected":false},"author":1,"featured_media":9704,"comment_status":"open","ping_status":"open","sticky":false,"template":"","format":"standard","meta":{"fifu_image_url":"https:\/\/media-cldnry.s-nbcnews.com\/image\/upload\/t_nbcnews-fp-1200-630,f_auto,q_auto:best\/rockcms\/2025-01\/250108-Patrick-J-Lechleitner-ICE-director-2024-ac-857p-6b78ae.jpg","fifu_image_alt":"","footnotes":""},"categories":[4],"tags":[],"class_list":["post-9702","post","type-post","status-publish","format-standard","has-post-thumbnail","","category-historias-destacadas"],"_links":{"self":[{"href":"https:\/\/noticiasveraces.com\/index.php?rest_route=\/wp\/v2\/posts\/9702","targetHints":{"allow":["GET"]}}],"collection":[{"href":"https:\/\/noticiasveraces.com\/index.php?rest_route=\/wp\/v2\/posts"}],"about":[{"href":"https:\/\/noticiasveraces.com\/index.php?rest_route=\/wp\/v2\/types\/post"}],"author":[{"embeddable":true,"href":"https:\/\/noticiasveraces.com\/index.php?rest_route=\/wp\/v2\/users\/1"}],"replies":[{"embeddable":true,"href":"https:\/\/noticiasveraces.com\/index.php?rest_route=%2Fwp%2Fv2%2Fcomments&post=9702"}],"version-history":[{"count":0,"href":"https:\/\/noticiasveraces.com\/index.php?rest_route=\/wp\/v2\/posts\/9702\/revisions"}],"wp:featuredmedia":[{"embeddable":true,"href":"https:\/\/noticiasveraces.com\/index.php?rest_route=\/wp\/v2\/media\/9704"}],"wp:attachment":[{"href":"https:\/\/noticiasveraces.com\/index.php?rest_route=%2Fwp%2Fv2%2Fmedia&parent=9702"}],"wp:term":[{"taxonomy":"category","embeddable":true,"href":"https:\/\/noticiasveraces.com\/index.php?rest_route=%2Fwp%2Fv2%2Fcategories&post=9702"},{"taxonomy":"post_tag","embeddable":true,"href":"https:\/\/noticiasveraces.com\/index.php?rest_route=%2Fwp%2Fv2%2Ftags&post=9702"}],"curies":[{"name":"wp","href":"https:\/\/api.w.org\/{rel}","templated":true}]}}