{"id":9669,"date":"2025-01-09T03:18:06","date_gmt":"2025-01-09T07:18:06","guid":{"rendered":"https:\/\/noticiasveraces.com\/?p=9669"},"modified":"2025-01-09T03:18:06","modified_gmt":"2025-01-09T07:18:06","slug":"el-corte-de-mangas-con-el-que-laporta-ha-celebrado-la-cautelar-por-dani-olmo-y-pau-vitor","status":"publish","type":"post","link":"https:\/\/noticiasveraces.com\/?p=9669","title":{"rendered":"El corte de mangas con el que Laporta ha celebrado la cautelar por Dani Olmo y Pau V\u00edtor"},"content":{"rendered":"<p> \n<\/p>\n<div id=\"intext\">\n<p>El Consejo Superior de Deportes sorprendi\u00f3 en la tarde de este mi\u00e9rcoles al otorgar al Barcelona la cautelar\u00edsima por Dani Olmo y Pau V\u00edtor despu\u00e9s de que las normas de la RFEF y LaLiga imposibilitaban la inscripci\u00f3n de ambos futbolistas.<\/p>\n<p>Poco antes del partido que enfrentaba a los cul\u00e9s ante el Athletic Club con motivo de las semifinales de la Supercopa de Espa\u00f1a, que se celebra en Arabia, El CSD accedi\u00f3 a la \u00faltima petici\u00f3n del club presidido por Joan Laporta.<\/p>\n<p>La decisi\u00f3n no era otra si no otorgar la cautelar al Bar\u00e7a, lo que permitir\u00e1 que puedan jugar tanto Dani Olmo como Pau V\u00edtor.<\/p>\n<h2 class=\"title-h2\">La celebraci\u00f3n de Laporta<\/h2>\n<p>Las c\u00e1maras de &#8216;El Chiringuito&#8217; han captado una escena que no ha tardado en dar la vuelta al mundo. El presidente del Barcelona, \u200b\u200bJoan Laporta, abraz\u00f3 con gran efusividad a Jordi Masip antes de realizar un corte de mangas mientras gritaba.<\/p>\n<p>Un grito que no dec\u00eda nada pero dec\u00eda mucho. Mucho por la rabia y la liberaci\u00f3n que ha sentido el presidente cul\u00e9 por la buena noticia para los suyos, pero tambi\u00e9n de la convulsa y dif\u00edcil etapa que atraviesa el Barcelona, \u200b\u200btanto en lo deportivo como, especialmente, en los despachos.<\/p>\n<h2 class=\"title-h2\">Victoria ya la final de la Supercopa<\/h2>\n<p>Poco despu\u00e9s, el Barcelona, \u200b\u200bliderado por Lamine y Pedri, logr\u00f3 la victoria ante el Athletic Club de Bilbao para medirse en la final de la Supercopa de Espa\u00f1a, un t\u00edtulo por el que luchar\u00e1 en Arabia frente al ganador de la otra semifinal que disputar\u00e1 el Real. Madrid o Mallorca. Puede haber Cl\u00e1sico en la final.<\/p>\n<div class=\"recirculation-video\" data-mod=\"a3mod_recirculation_video\">\n<div class=\"recirculation-video-wrapper\">\n<div>\n<div class=\"video-wrapper\">\n  <picture class=\"video-main-picture\"><source media=\"(min-width: 481px)\" srcset=\"https:\/\/fotografias.antena3.com\/clipping\/cmsimages01\/2025\/01\/08\/5E344C18-8FA4-4A2F-B2E7-3647EAC57899\/carlos-alcaraz-resta-pelota-alex-minaur_94.jpg?crop=5000,2813,x0,y0&amp;width=800&amp;height=450&amp;optimize=medium&amp;format=webply\" width=\"800\" height=\"450\"><source media=\"(min-width: 391px) and (max-width: 480px)\" srcset=\"https:\/\/fotografias.antena3.com\/clipping\/cmsimages01\/2025\/01\/08\/5E344C18-8FA4-4A2F-B2E7-3647EAC57899\/carlos-alcaraz-resta-pelota-alex-minaur_70.jpg?crop=5000,2813,x0,y0&amp;width=480&amp;height=270&amp;optimize=high&amp;format=webply\" width=\"480\" height=\"270\"><source media=\"(min-width: 321px) and (max-width: 390px)\" srcset=\"https:\/\/fotografias.antena3.com\/clipping\/cmsimages01\/2025\/01\/08\/5E344C18-8FA4-4A2F-B2E7-3647EAC57899\/carlos-alcaraz-resta-pelota-alex-minaur_92.jpg?crop=5000,2808,x0,y0&amp;width=390&amp;height=219&amp;optimize=high&amp;format=webply\" width=\"390\" height=\"219\"><source media=\"(max-width: 320px)\" srcset=\"https:\/\/fotografias.antena3.com\/clipping\/cmsimages01\/2025\/01\/08\/5E344C18-8FA4-4A2F-B2E7-3647EAC57899\/carlos-alcaraz-resta-pelota-alex-minaur_52.jpg?crop=5000,2813,x0,y0&amp;width=320&amp;height=180&amp;optimize=high&amp;format=webply\" width=\"320\" height=\"180\"><img decoding=\"async\" title=\"Carlos Alcaraz resta una pelota ante Alex de Mi\u00f1aur\" alt=\"Carlos Alcaraz resta una pelota ante Alex de Mi\u00f1aur\" width=\"480\" height=\"270\" src=\"https:\/\/fotografias.antena3.com\/clipping\/cmsimages01\/2025\/01\/08\/5E344C18-8FA4-4A2F-B2E7-3647EAC57899\/carlos-alcaraz-resta-pelota-alex-minaur_70.jpg?crop=5000,2813,x0,y0&amp;width=480&amp;height=270&amp;optimize=high&amp;format=webply\" loading=\"lazy\" class=\"lazy\"\/><br \/>\n  <\/source><\/source><\/source><\/source><\/picture>\n <\/div>\n<\/div><\/div>\n<\/p><\/div>\n<\/div>\n\n","protected":false},"excerpt":{"rendered":"<p>El Consejo Superior de Deportes sorprendi\u00f3 en la tarde de este mi\u00e9rcoles al otorgar al Barcelona la cautelar\u00edsima por Dani Olmo y Pau V\u00edtor despu\u00e9s de que las normas de la RFEF y LaLiga imposibilitaban la inscripci\u00f3n de ambos futbolistas. Poco antes del partido que enfrentaba a los cul\u00e9s ante el Athletic Club con motivo &hellip;<\/p>\n","protected":false},"author":1,"featured_media":9671,"comment_status":"open","ping_status":"open","sticky":false,"template":"","format":"standard","meta":{"fifu_image_url":"https:\/\/fotografias.antena3.com\/clipping\/cmsimages01\/2025\/01\/08\/8BEB3C3D-F14C-4212-8290-D5015045CA62\/corte-mangas-laporta_69.jpg?crop=1920,1080,x0,y0&width=1280&height=720&optimize=low&format=jpg","fifu_image_alt":"","footnotes":""},"categories":[6],"tags":[],"class_list":["post-9669","post","type-post","status-publish","format-standard","has-post-thumbnail","","category-deportes"],"_links":{"self":[{"href":"https:\/\/noticiasveraces.com\/index.php?rest_route=\/wp\/v2\/posts\/9669","targetHints":{"allow":["GET"]}}],"collection":[{"href":"https:\/\/noticiasveraces.com\/index.php?rest_route=\/wp\/v2\/posts"}],"about":[{"href":"https:\/\/noticiasveraces.com\/index.php?rest_route=\/wp\/v2\/types\/post"}],"author":[{"embeddable":true,"href":"https:\/\/noticiasveraces.com\/index.php?rest_route=\/wp\/v2\/users\/1"}],"replies":[{"embeddable":true,"href":"https:\/\/noticiasveraces.com\/index.php?rest_route=%2Fwp%2Fv2%2Fcomments&post=9669"}],"version-history":[{"count":0,"href":"https:\/\/noticiasveraces.com\/index.php?rest_route=\/wp\/v2\/posts\/9669\/revisions"}],"wp:featuredmedia":[{"embeddable":true,"href":"https:\/\/noticiasveraces.com\/index.php?rest_route=\/wp\/v2\/media\/9671"}],"wp:attachment":[{"href":"https:\/\/noticiasveraces.com\/index.php?rest_route=%2Fwp%2Fv2%2Fmedia&parent=9669"}],"wp:term":[{"taxonomy":"category","embeddable":true,"href":"https:\/\/noticiasveraces.com\/index.php?rest_route=%2Fwp%2Fv2%2Fcategories&post=9669"},{"taxonomy":"post_tag","embeddable":true,"href":"https:\/\/noticiasveraces.com\/index.php?rest_route=%2Fwp%2Fv2%2Ftags&post=9669"}],"curies":[{"name":"wp","href":"https:\/\/api.w.org\/{rel}","templated":true}]}}