{"id":9643,"date":"2025-01-08T21:10:10","date_gmt":"2025-01-09T01:10:10","guid":{"rendered":"https:\/\/noticiasveraces.com\/?p=9643"},"modified":"2025-01-08T21:10:10","modified_gmt":"2025-01-09T01:10:10","slug":"cautelar-y-pasar-a-la-final-de-la-supercopa-de-espana","status":"publish","type":"post","link":"https:\/\/noticiasveraces.com\/?p=9643","title":{"rendered":"cautelar y pasar a la final de la Supercopa de Espa\u00f1a"},"content":{"rendered":"<p> \n<\/p>\n<div id=\"intext\">\n<p>Apenas dos horas despu\u00e9s de que el <b>CSD esta la cautelar<\/b> a Dani Olmo y Pau V\u00edctor, se presentaron los cul\u00e9s en una semifinal de la Supercopa de Espa\u00f1a con el objetivo de olvidar los temas econ\u00f3micos, con los dos jugadores en la grada. La salida al campo record\u00f3 a aquellos momentos felices del equipo de Flick durante el inicio de temporada. R\u00e1pida presi\u00f3n tras p\u00e9rdida, agilidad para mover el bal\u00f3n y alegr\u00eda en ataque que fatiga la primera media hora de partido. Durante los primeros diez minutos se acumularon ya tres ocasiones. Un tiro de Kound\u00e9 tras un pase espectacular de Lamine detenido por Unai Sim\u00f3n, un remate de Raphinha que se march\u00f3 alto y una falta directa del brasile\u00f1o que si no es por el guardameta vasco pod\u00eda haber sido el primer gol.<\/p>\n<h2 class=\"title-h2\">Gol de Gavi en el minuto 17<\/h2>\n<p>El Barcelona se divert\u00eda durante el comienzo del partido y recuper\u00f3 la sonrisa en el minuto 17, cuando un buen bal\u00f3n de Bald\u00e9 llegar\u00eda a las botas de Gavi que, llegando desde segunda l\u00ednea, super\u00f3 a Unai Sim\u00f3n. A partir del gol, la llama de los cul\u00e9s se fue apagando tras los primeros 30 minutos. Dominaron pero sin grandes ocasiones y jugaron con el resultado, aunque pudieron medirse en problemas. El \u00fanico cambio en el once fue <b>Szczesny<\/b>titular en la porter\u00eda, por un <b>I\u00f1aki Pe\u00f1a<\/b> que recibi\u00f3 el castigo del alem\u00e1n tras llegar tarde a una sesi\u00f3n t\u00e9cnica.<\/p>\n<h2 class=\"title-h2\">Con Lamine todo es m\u00e1s f\u00e1cil<\/h2>\n<p>El joven espa\u00f1ol se volvi\u00f3 a ser el jugador m\u00e1s relevante en la delantera cul\u00e9 dejando destellos de calidad que brillaron e hicieron disfrutar a todo el estadio saud\u00ed. Volvi\u00f3 al once y de nuevo fue determinante con un gol nada m\u00e1s comenzando la segunda parte. Gran robo de bal\u00f3n de I\u00f1igo Mart\u00ednez en campo rival, recibi\u00f3 Gavi y dio un pase medido a <b>lamina<\/b> que no se puso nervioso. Control\u00f3 con calma, mir\u00f3 a Unai Sim\u00f3n y chut\u00f3 a media altura ajustada al palo corto de su compa\u00f1ero de selecci\u00f3n. Flick no quiso asumir riesgos y le sac\u00f3 del campo en el minuto 60 con una gran ovaci\u00f3n.<\/p>\n<h2 class=\"title-h2\">Un Athletic gris<\/h2>\n<p>El Athletic tuvo ocasiones pero tampoco mostr\u00f3 su mejor versi\u00f3n en Yeda. Pudo darle emoci\u00f3n al partido con un gol de I\u00f1aki Williams en los minutos finales del partido que el VAR anul\u00f3 despu\u00e9s de que el bal\u00f3n tocase en Djal\u00f3 tras un error clamoroso de Frenkie de Jong. El holand\u00e9s pudo desquitarse del fallo con una ocasi\u00f3n a puerta vac\u00eda en el descuento que sac\u00f3 bajo palos Vivian. Los leones rompen su racha de <b>15 partidos consecutivos sin perder<\/b> y el t\u00e9cnico alem\u00e1n le arrebata a Valverde su mejor din\u00e1mica desde que consolid\u00f3 las riendas del conjunto vasco.<\/p>\n<p><b>El Barcelona sonr\u00ede<\/b> y ya espera rival en la final. Ma\u00f1ana, Real Madrid o Mallorca determinar\u00e1n qui\u00e9n es el segundo protagonista. Los cul\u00e9s buscan levantar un nuevo t\u00edtulo, algo que no hacen desde hace dos a\u00f1os tras la Liga de Xavi en la 2022-2023.<\/p>\n<p><i>S\u00edguenos en nuestro canal de WhatsApp y no te pierdas la \u00faltima hora y toda la actualidad de antena3noticias.com<\/i><\/p>\n<div class=\"recirculation-video\" data-mod=\"a3mod_recirculation_video\">\n<div class=\"recirculation-video-wrapper\">\n<div>\n<div class=\"video-wrapper\">\n  <picture class=\"video-main-picture\"><source media=\"(min-width: 481px)\" srcset=\"https:\/\/fotografias.antena3.com\/clipping\/cmsimages01\/2025\/01\/05\/206C05E1-D457-49C1-A2C0-5A145F202EE4\/intrahistoria-pedida-mano-israel-garcia-salido-bien-porque-dicho-que_94.jpg?crop=640,360,x0,y0&amp;width=800&amp;height=450&amp;optimize=medium&amp;format=webply\" width=\"800\" height=\"450\"><source media=\"(min-width: 391px) and (max-width: 480px)\" srcset=\"https:\/\/fotografias.antena3.com\/clipping\/cmsimages01\/2025\/01\/05\/206C05E1-D457-49C1-A2C0-5A145F202EE4\/intrahistoria-pedida-mano-israel-garcia-salido-bien-porque-dicho-que_70.jpg?crop=640,360,x0,y0&amp;width=480&amp;height=270&amp;optimize=high&amp;format=webply\" width=\"480\" height=\"270\"><source media=\"(min-width: 321px) and (max-width: 390px)\" srcset=\"https:\/\/fotografias.antena3.com\/clipping\/cmsimages01\/2025\/01\/05\/206C05E1-D457-49C1-A2C0-5A145F202EE4\/intrahistoria-pedida-mano-israel-garcia-salido-bien-porque-dicho-que_92.jpg?crop=640,359,x0,y0&amp;width=390&amp;height=219&amp;optimize=high&amp;format=webply\" width=\"390\" height=\"219\"><source media=\"(max-width: 320px)\" srcset=\"https:\/\/fotografias.antena3.com\/clipping\/cmsimages01\/2025\/01\/05\/206C05E1-D457-49C1-A2C0-5A145F202EE4\/intrahistoria-pedida-mano-israel-garcia-salido-bien-porque-dicho-que_52.jpg?crop=640,360,x0,y0&amp;width=320&amp;height=180&amp;optimize=high&amp;format=webply\" width=\"320\" height=\"180\"><img decoding=\"async\" title=\"La intrahistoria de la pedida de mano de Israel Garc\u00eda: &quot;Me ha salido bien porque me ha dicho que s\u00ed&quot;\" alt=\"La intrahistoria de la pedida de mano de Israel Garc\u00eda: &quot;Me ha salido bien porque me ha dicho que s\u00ed&quot;\" width=\"480\" height=\"270\" src=\"https:\/\/fotografias.antena3.com\/clipping\/cmsimages01\/2025\/01\/05\/206C05E1-D457-49C1-A2C0-5A145F202EE4\/intrahistoria-pedida-mano-israel-garcia-salido-bien-porque-dicho-que_70.jpg?crop=640,360,x0,y0&amp;width=480&amp;height=270&amp;optimize=high&amp;format=webply\" loading=\"lazy\" class=\"lazy\"\/><br \/>\n  <\/source><\/source><\/source><\/source><\/picture>\n <\/div>\n<\/div><\/div>\n<\/p><\/div>\n<\/div>\n\n","protected":false},"excerpt":{"rendered":"<p>Apenas dos horas despu\u00e9s de que el CSD esta la cautelar a Dani Olmo y Pau V\u00edctor, se presentaron los cul\u00e9s en una semifinal de la Supercopa de Espa\u00f1a con el objetivo de olvidar los temas econ\u00f3micos, con los dos jugadores en la grada. La salida al campo record\u00f3 a aquellos momentos felices del equipo &hellip;<\/p>\n","protected":false},"author":1,"featured_media":9645,"comment_status":"open","ping_status":"open","sticky":false,"template":"","format":"standard","meta":{"fifu_image_url":"https:\/\/fotografias.antena3.com\/clipping\/cmsimages01\/2025\/01\/08\/CB892B1A-4F4E-4CAA-A25F-95AE563DB6C5\/gavi-celebra-gol-athletic-semifinal-supercopa-espana_69.jpg?crop=1920,1080,x0,y0&width=1280&height=720&optimize=low&format=jpg","fifu_image_alt":"","footnotes":""},"categories":[6],"tags":[],"class_list":["post-9643","post","type-post","status-publish","format-standard","has-post-thumbnail","","category-deportes"],"_links":{"self":[{"href":"https:\/\/noticiasveraces.com\/index.php?rest_route=\/wp\/v2\/posts\/9643","targetHints":{"allow":["GET"]}}],"collection":[{"href":"https:\/\/noticiasveraces.com\/index.php?rest_route=\/wp\/v2\/posts"}],"about":[{"href":"https:\/\/noticiasveraces.com\/index.php?rest_route=\/wp\/v2\/types\/post"}],"author":[{"embeddable":true,"href":"https:\/\/noticiasveraces.com\/index.php?rest_route=\/wp\/v2\/users\/1"}],"replies":[{"embeddable":true,"href":"https:\/\/noticiasveraces.com\/index.php?rest_route=%2Fwp%2Fv2%2Fcomments&post=9643"}],"version-history":[{"count":0,"href":"https:\/\/noticiasveraces.com\/index.php?rest_route=\/wp\/v2\/posts\/9643\/revisions"}],"wp:featuredmedia":[{"embeddable":true,"href":"https:\/\/noticiasveraces.com\/index.php?rest_route=\/wp\/v2\/media\/9645"}],"wp:attachment":[{"href":"https:\/\/noticiasveraces.com\/index.php?rest_route=%2Fwp%2Fv2%2Fmedia&parent=9643"}],"wp:term":[{"taxonomy":"category","embeddable":true,"href":"https:\/\/noticiasveraces.com\/index.php?rest_route=%2Fwp%2Fv2%2Fcategories&post=9643"},{"taxonomy":"post_tag","embeddable":true,"href":"https:\/\/noticiasveraces.com\/index.php?rest_route=%2Fwp%2Fv2%2Ftags&post=9643"}],"curies":[{"name":"wp","href":"https:\/\/api.w.org\/{rel}","templated":true}]}}