{"id":9627,"date":"2025-01-08T19:25:00","date_gmt":"2025-01-08T23:25:00","guid":{"rendered":"https:\/\/noticiasveraces.com\/?p=9627"},"modified":"2025-01-08T19:25:00","modified_gmt":"2025-01-08T23:25:00","slug":"polonia-celebrara-elecciones-presidenciales-el-18-de-mayo-dw-01-08-2025","status":"publish","type":"post","link":"https:\/\/noticiasveraces.com\/?p=9627","title":{"rendered":"Polonia celebrar\u00e1 elecciones presidenciales el 18 de mayo \u2013 DW \u2013 01\/08\/2025"},"content":{"rendered":"<p> \n<\/p>\n<div>\n<p>Las elecciones presidenciales de Polonia tendr\u00e1n lugar el 18 de mayo, anunciado el presidente del Parlamento este mi\u00e9rcoles (01.08.2025), en un pa\u00eds en el que la gobernante coalici\u00f3n proeuropea busca que su candidato suceda al conservador saliente Andrzej Duda.<\/p>\n<p>En caso de que sea necesario, se organizar\u00e1 una segunda vuelta el 1 de junio.<\/p>\n<p>Polonia, miembro de la Uni\u00f3n Europea (UE) y de la OTAN, es escenario de una dif\u00edcil cohabitaci\u00f3n entre el gobierno de coalici\u00f3n del primer ministro Donald Tusk y el presidente Duda, cercano al partido Ley y Justicia (PiS).<\/p>\n<p>El partido nacionalista suele vetar la mayor\u00eda de las iniciativas legislativas del gobierno proeuropeo y estuvo al frente del pa\u00eds entre 2015 y 2023. Perdi\u00f3 el poder en favor del actual ejecutivo de coalici\u00f3n, muy partidario de la UE. Sin embargo, sigue siendo el mayor partido del Parlamento.<\/p>\n<p>La campa\u00f1a electoral coincidir\u00e1 con la presidencia semestral de la UE que Polonia asumir\u00e1 hasta finales de junio.<\/p>\n<p>La Coalici\u00f3n C\u00edvica de Tusk nombr\u00f3 como candidato a Rafal Trzaskowski, alcalde de la capital Varsovia. Los sondeos le dan cerca del 36% de los votos.<\/p>\n<p>Por su parte, el PiS nombr\u00f3 a Karol Nawrocki, exdirector del museo de la Segunda Guerra Mundial y quien dirige actualmente el Instituto de Memoria Nacional, encargado de investigar los cr\u00edmenes nazis y sovi\u00e9ticos contra los polacos. Las encuestan le otorgan cerca del 29% de los votos.<\/p>\n<p>rr (afp\/ap)<\/p>\n<\/div>\n\n","protected":false},"excerpt":{"rendered":"<p>Las elecciones presidenciales de Polonia tendr\u00e1n lugar el 18 de mayo, anunciado el presidente del Parlamento este mi\u00e9rcoles (01.08.2025), en un pa\u00eds en el que la gobernante coalici\u00f3n proeuropea busca que su candidato suceda al conservador saliente Andrzej Duda. En caso de que sea necesario, se organizar\u00e1 una segunda vuelta el 1 de junio. Polonia, &hellip;<\/p>\n","protected":false},"author":1,"featured_media":9628,"comment_status":"open","ping_status":"open","sticky":false,"template":"","format":"standard","meta":{"fifu_image_url":"https:\/\/static.dw.com\/image\/68248183_6.jpg","fifu_image_alt":"","footnotes":""},"categories":[13],"tags":[],"class_list":["post-9627","post","type-post","status-publish","format-standard","has-post-thumbnail","","category-mundo"],"_links":{"self":[{"href":"https:\/\/noticiasveraces.com\/index.php?rest_route=\/wp\/v2\/posts\/9627","targetHints":{"allow":["GET"]}}],"collection":[{"href":"https:\/\/noticiasveraces.com\/index.php?rest_route=\/wp\/v2\/posts"}],"about":[{"href":"https:\/\/noticiasveraces.com\/index.php?rest_route=\/wp\/v2\/types\/post"}],"author":[{"embeddable":true,"href":"https:\/\/noticiasveraces.com\/index.php?rest_route=\/wp\/v2\/users\/1"}],"replies":[{"embeddable":true,"href":"https:\/\/noticiasveraces.com\/index.php?rest_route=%2Fwp%2Fv2%2Fcomments&post=9627"}],"version-history":[{"count":0,"href":"https:\/\/noticiasveraces.com\/index.php?rest_route=\/wp\/v2\/posts\/9627\/revisions"}],"wp:featuredmedia":[{"embeddable":true,"href":"https:\/\/noticiasveraces.com\/index.php?rest_route=\/wp\/v2\/media\/9628"}],"wp:attachment":[{"href":"https:\/\/noticiasveraces.com\/index.php?rest_route=%2Fwp%2Fv2%2Fmedia&parent=9627"}],"wp:term":[{"taxonomy":"category","embeddable":true,"href":"https:\/\/noticiasveraces.com\/index.php?rest_route=%2Fwp%2Fv2%2Fcategories&post=9627"},{"taxonomy":"post_tag","embeddable":true,"href":"https:\/\/noticiasveraces.com\/index.php?rest_route=%2Fwp%2Fv2%2Ftags&post=9627"}],"curies":[{"name":"wp","href":"https:\/\/api.w.org\/{rel}","templated":true}]}}