{"id":9612,"date":"2025-01-08T15:07:47","date_gmt":"2025-01-08T19:07:47","guid":{"rendered":"https:\/\/noticiasveraces.com\/?p=9612"},"modified":"2025-01-08T15:07:47","modified_gmt":"2025-01-08T19:07:47","slug":"el-csd-da-la-cautelar-al-barcelona-por-dani-olmo-y-pau-victor","status":"publish","type":"post","link":"https:\/\/noticiasveraces.com\/?p=9612","title":{"rendered":"El CSD da la cautelar al Barcelona por Dani Olmo y Pau V\u00edctor"},"content":{"rendered":"<p> \n<\/p>\n<div id=\"intext\">\n<p>el <b>Consejo Superior de Deportes<\/b> (CSD) ha resuelto la cautelar\u00edsima <b>presentaci\u00f3n por el FC Barcelona<\/b> para lograr la inscripci\u00f3n de Dani Olmo y Pau V\u00edctor, estimando la solicitud del club azulgrana y dando luz verde para que ambos jugadores puedan jugar ya con el Barcelona pese a la <b>postura contraria<\/b> Delaware <b>LaLiga<\/b> y la <b>RFEF<\/b>.<\/p>\n<p>\u00abEl Consejo Superior de Deportes (CSD) ha estimado este mi\u00e9rcoles la medida cautelar urgente solicitada por el FC Barcelona y por los jugadores Dani Olmo y Pau V\u00edctor. Esta medida, que <b>tiene un car\u00e1cter provisional hasta que se resuelva definitivamente el recurso de alzada presentado por el club y los citados futbolistas<\/b>suspende el Acuerdo de la Comisi\u00f3n de Seguimiento del Convenio de Coordinaci\u00f3n RFEF-LaLiga, de fecha 4 de enero de 2025, y la cancelaci\u00f3n de las licencias deportivas de los referidos jugadores. Asimismo, mantiene la vigencia de tales licencias hasta que se resuelva definitivamente el presente recurso\u00bb, detalla el comunicado del CSD.<\/p>\n<h2 class=\"title-h2\">El CSD observa \u00abla posible concurrencia de una causa de nulidad de pleno derecho\u00bb<\/h2>\n<p>El CSD explica que a la hora de estimar la medida cautelar urgente presentada por el Barcelona se ha analizado \u00abel recurso de alzada, de <b>52 p\u00e1ginas<\/b>y los <b>m\u00e1s de 60 documentos que lo acompa\u00f1an<\/b>\u00ab.<\/p>\n<p>\u00abSin perjuicio de las alegaciones que se solicitan para la resoluci\u00f3n del fondo del asunto, el CSD ha observado la posible concurrencia de una causa de nulidad de pleno derecho y la existencia de perjuicios inmediatos y de dif\u00edcil reparaci\u00f3n, que afectar\u00edan a los derechos reconocidos en la vigente Ley del Deporte a los futbolistas Dani Olmo y Pau V\u00edctor ya su seguridad jur\u00eddica\u00bb, argumenta el CSD.<\/p>\n<p>\u00abEn ese sentido, el CSD ha valorado que, seg\u00fan el art\u00edculo 27 de la Ley del Deporte, los deportistas profesionales tienen derecho \u00aba una carrera deportiva conforme a sus potencialidades\u00bb y con todas las garant\u00edas y certidumbre\u00bb, subraya el CSD.<\/p>\n<p>\u00abEl CSD considera que <b>la no adopci\u00f3n de esta medida cautelar causar\u00eda un perjuicio econ\u00f3mico y deportivo grave para el club y, sobre todo, para los futbolistas.<\/b>. Esto podr\u00eda da\u00f1ar tambi\u00e9n los intereses de la selecci\u00f3n espa\u00f1ola, as\u00ed como del resto de las competiciones nacionales, incluida LaLiga. Por \u00faltimo, el CSD subraya que este pronunciamiento no supone prejuzgar las cuestiones de fondo planteadas en el recurso\u00bb, concluye el comunicado del CSD.<\/p>\n<h2 class=\"title-h2\">Comunicado del CSD otorgando la cautelar\u00edsima a Dani Olmo y Pau V\u00edctor<\/h2>\n<p><iframe loading=\"lazy\" class=\"visorPDF\" width=\"100%\" height=\"1275px\" border=\"0\" frameborder=\"0\" scrolling=\"no\" src=\"https:\/\/www.antena3.com\/newa3flash\/modulos_blancos\/uploader\/visorpdf\/core\/viewer.html?file=https:\/\/www.antena3.com\/documents\/2025\/01\/08\/FB88B858-5B8C-4059-B4C5-786171B05B82\/20250108ndpmedidascautelares.pdf&amp;descarga=no\"><\/iframe><\/p>\n<p><i>S\u00edguenos en nuestro canal de WhatsApp y no te pierdas la \u00faltima hora y toda la actualidad de antena3noticias.com<\/i><\/p>\n<div class=\"recirculation-video\" data-mod=\"a3mod_recirculation_video\">\n<div class=\"recirculation-video-wrapper\">\n<div>\n<div class=\"video-wrapper\">\n  <picture class=\"video-main-picture\"><source media=\"(min-width: 481px)\" srcset=\"https:\/\/fotografias.antena3.com\/clipping\/cmsimages01\/2025\/01\/04\/ECA2CD71-E915-43AD-817B-A64BBF09DBB9\/luke-littler-celebra-titulo-mundial-dardos_94.jpg?crop=1106,622,x0,y248&amp;width=800&amp;height=450&amp;optimize=medium&amp;format=webply\" width=\"800\" height=\"450\"><source media=\"(min-width: 391px) and (max-width: 480px)\" srcset=\"https:\/\/fotografias.antena3.com\/clipping\/cmsimages01\/2025\/01\/04\/ECA2CD71-E915-43AD-817B-A64BBF09DBB9\/luke-littler-celebra-titulo-mundial-dardos_70.jpg?crop=1106,622,x0,y248&amp;width=480&amp;height=270&amp;optimize=high&amp;format=webply\" width=\"480\" height=\"270\"><source media=\"(min-width: 321px) and (max-width: 390px)\" srcset=\"https:\/\/fotografias.antena3.com\/clipping\/cmsimages01\/2025\/01\/04\/ECA2CD71-E915-43AD-817B-A64BBF09DBB9\/luke-littler-celebra-titulo-mundial-dardos_92.jpg?crop=1106,621,x0,y248&amp;width=390&amp;height=219&amp;optimize=high&amp;format=webply\" width=\"390\" height=\"219\"><source media=\"(max-width: 320px)\" srcset=\"https:\/\/fotografias.antena3.com\/clipping\/cmsimages01\/2025\/01\/04\/ECA2CD71-E915-43AD-817B-A64BBF09DBB9\/luke-littler-celebra-titulo-mundial-dardos_52.jpg?crop=1106,622,x0,y248&amp;width=320&amp;height=180&amp;optimize=high&amp;format=webply\" width=\"320\" height=\"180\"><img decoding=\"async\" title=\"Luke Littler celebra el t\u00edtulo mundial de dardos\" alt=\"Luke Littler celebra el t\u00edtulo mundial de dardos\" width=\"480\" height=\"270\" src=\"https:\/\/fotografias.antena3.com\/clipping\/cmsimages01\/2025\/01\/04\/ECA2CD71-E915-43AD-817B-A64BBF09DBB9\/luke-littler-celebra-titulo-mundial-dardos_70.jpg?crop=1106,622,x0,y248&amp;width=480&amp;height=270&amp;optimize=high&amp;format=webply\" loading=\"lazy\" class=\"lazy\"\/><br \/>\n  <\/source><\/source><\/source><\/source><\/picture>\n <\/div>\n<\/div><\/div>\n<\/p><\/div>\n<\/div>\n\n","protected":false},"excerpt":{"rendered":"<p>el Consejo Superior de Deportes (CSD) ha resuelto la cautelar\u00edsima presentaci\u00f3n por el FC Barcelona para lograr la inscripci\u00f3n de Dani Olmo y Pau V\u00edctor, estimando la solicitud del club azulgrana y dando luz verde para que ambos jugadores puedan jugar ya con el Barcelona pese a la postura contraria Delaware LaLiga y la RFEF. &hellip;<\/p>\n","protected":false},"author":1,"featured_media":9614,"comment_status":"open","ping_status":"open","sticky":false,"template":"","format":"standard","meta":{"fifu_image_url":"https:\/\/fotografias.antena3.com\/clipping\/cmsimages01\/2025\/01\/04\/42809753-586E-46A6-8D0D-9FBBBD7A25E6\/futbolista-dani-olmo-barca_69.jpg?crop=4167,2344,x0,y0&width=1280&height=720&optimize=low&format=jpg","fifu_image_alt":"","footnotes":""},"categories":[6],"tags":[],"class_list":["post-9612","post","type-post","status-publish","format-standard","has-post-thumbnail","","category-deportes"],"_links":{"self":[{"href":"https:\/\/noticiasveraces.com\/index.php?rest_route=\/wp\/v2\/posts\/9612","targetHints":{"allow":["GET"]}}],"collection":[{"href":"https:\/\/noticiasveraces.com\/index.php?rest_route=\/wp\/v2\/posts"}],"about":[{"href":"https:\/\/noticiasveraces.com\/index.php?rest_route=\/wp\/v2\/types\/post"}],"author":[{"embeddable":true,"href":"https:\/\/noticiasveraces.com\/index.php?rest_route=\/wp\/v2\/users\/1"}],"replies":[{"embeddable":true,"href":"https:\/\/noticiasveraces.com\/index.php?rest_route=%2Fwp%2Fv2%2Fcomments&post=9612"}],"version-history":[{"count":0,"href":"https:\/\/noticiasveraces.com\/index.php?rest_route=\/wp\/v2\/posts\/9612\/revisions"}],"wp:featuredmedia":[{"embeddable":true,"href":"https:\/\/noticiasveraces.com\/index.php?rest_route=\/wp\/v2\/media\/9614"}],"wp:attachment":[{"href":"https:\/\/noticiasveraces.com\/index.php?rest_route=%2Fwp%2Fv2%2Fmedia&parent=9612"}],"wp:term":[{"taxonomy":"category","embeddable":true,"href":"https:\/\/noticiasveraces.com\/index.php?rest_route=%2Fwp%2Fv2%2Fcategories&post=9612"},{"taxonomy":"post_tag","embeddable":true,"href":"https:\/\/noticiasveraces.com\/index.php?rest_route=%2Fwp%2Fv2%2Ftags&post=9612"}],"curies":[{"name":"wp","href":"https:\/\/api.w.org\/{rel}","templated":true}]}}