{"id":9575,"date":"2025-01-08T09:11:16","date_gmt":"2025-01-08T13:11:16","guid":{"rendered":"https:\/\/noticiasveraces.com\/?p=9575"},"modified":"2025-01-08T09:11:16","modified_gmt":"2025-01-08T13:11:16","slug":"schallenberg-jefe-de-gobierno-provisional-en-austria-dw-01-08-2025","status":"publish","type":"post","link":"https:\/\/noticiasveraces.com\/?p=9575","title":{"rendered":"Schallenberg, jefe de Gobierno provisional en Austria \u2013 DW \u2013 01\/08\/2025"},"content":{"rendered":"<p> \n<\/p>\n<div>\n<p>La designaci\u00f3n del actual ministro de Exteriores, Alexander Schallenberg, como jefe del Ejecutivo austr\u00edaco provisional fue confirmada en la ma\u00f1ana del mi\u00e9rcoles (8.1.2025).<\/p>\n<p>Mientras est\u00e9 al frente del Gobierno, Schallenberg, de 55 a\u00f1os, seguir\u00e1 siendo ministro de Exteriores. Divorciado, es padre de cuatro hijos y habla franc\u00e9s con fluidez. Su toma de posesi\u00f3n oficial est\u00e1 prevista el viernes (10.1.2025)<\/p>\n<h2>Fracaso del primer intento de formaci\u00f3n de Gobierno<\/h2>\n<p>Austria celebr\u00f3 elecciones legislativas el 29 de septiembre y, desde entonces, la coalici\u00f3n entre la derecha y los ecologistas solo gestionan los asuntos corrientes, a la espera de la formaci\u00f3n de un nuevo equipo.<\/p>\n<p>Este per\u00edodo de transici\u00f3n se prolong\u00f3 por el fracaso de las negociaciones entre los conservadores, los socialdem\u00f3cratas y los liberales.<\/p>\n<p>Aunque en los comicios de septiembre la ultraderecha encabez\u00f3 los resultados, la formaci\u00f3n conservadora \u00d6VP quiso evitar que llegara al poder, pero no logr\u00f3 formar una coalici\u00f3n. Poco despu\u00e9s, el presidente del pa\u00eds, el ecologista Alexander Van der Bellen, encarg\u00f3 al dirigente nacionalista del partido FP\u00d6, Herbert Kickl, la tarea de formar una mayor\u00eda con el conservador \u00d6VP. MS (afp\/efe) <\/p>\n<\/p>\n<\/div>\n\n","protected":false},"excerpt":{"rendered":"<p>La designaci\u00f3n del actual ministro de Exteriores, Alexander Schallenberg, como jefe del Ejecutivo austr\u00edaco provisional fue confirmada en la ma\u00f1ana del mi\u00e9rcoles (8.1.2025). Mientras est\u00e9 al frente del Gobierno, Schallenberg, de 55 a\u00f1os, seguir\u00e1 siendo ministro de Exteriores. Divorciado, es padre de cuatro hijos y habla franc\u00e9s con fluidez. Su toma de posesi\u00f3n oficial est\u00e1 &hellip;<\/p>\n","protected":false},"author":1,"featured_media":9576,"comment_status":"open","ping_status":"open","sticky":false,"template":"","format":"standard","meta":{"fifu_image_url":"https:\/\/static.dw.com\/image\/71246329_6.jpg","fifu_image_alt":"","footnotes":""},"categories":[13],"tags":[],"class_list":["post-9575","post","type-post","status-publish","format-standard","has-post-thumbnail","","category-mundo"],"_links":{"self":[{"href":"https:\/\/noticiasveraces.com\/index.php?rest_route=\/wp\/v2\/posts\/9575","targetHints":{"allow":["GET"]}}],"collection":[{"href":"https:\/\/noticiasveraces.com\/index.php?rest_route=\/wp\/v2\/posts"}],"about":[{"href":"https:\/\/noticiasveraces.com\/index.php?rest_route=\/wp\/v2\/types\/post"}],"author":[{"embeddable":true,"href":"https:\/\/noticiasveraces.com\/index.php?rest_route=\/wp\/v2\/users\/1"}],"replies":[{"embeddable":true,"href":"https:\/\/noticiasveraces.com\/index.php?rest_route=%2Fwp%2Fv2%2Fcomments&post=9575"}],"version-history":[{"count":0,"href":"https:\/\/noticiasveraces.com\/index.php?rest_route=\/wp\/v2\/posts\/9575\/revisions"}],"wp:featuredmedia":[{"embeddable":true,"href":"https:\/\/noticiasveraces.com\/index.php?rest_route=\/wp\/v2\/media\/9576"}],"wp:attachment":[{"href":"https:\/\/noticiasveraces.com\/index.php?rest_route=%2Fwp%2Fv2%2Fmedia&parent=9575"}],"wp:term":[{"taxonomy":"category","embeddable":true,"href":"https:\/\/noticiasveraces.com\/index.php?rest_route=%2Fwp%2Fv2%2Fcategories&post=9575"},{"taxonomy":"post_tag","embeddable":true,"href":"https:\/\/noticiasveraces.com\/index.php?rest_route=%2Fwp%2Fv2%2Ftags&post=9575"}],"curies":[{"name":"wp","href":"https:\/\/api.w.org\/{rel}","templated":true}]}}