{"id":9561,"date":"2025-01-08T08:05:12","date_gmt":"2025-01-08T12:05:12","guid":{"rendered":"https:\/\/noticiasveraces.com\/?p=9561"},"modified":"2025-01-08T08:05:12","modified_gmt":"2025-01-08T12:05:12","slug":"francia-pide-a-bruselas-mas-firmeza-frente-a-elon-musk-dw-01-08-2025","status":"publish","type":"post","link":"https:\/\/noticiasveraces.com\/?p=9561","title":{"rendered":"Francia pide a Bruselas m\u00e1s firmeza frente a Elon Musk \u2013 DW \u2013 01\/08\/2025"},"content":{"rendered":"<p> \n<\/p>\n<div>\n<p>Francia quiere que la Comisi\u00f3n Europea utilice \u00abde forma mucho m\u00e1s vigorosa\u00bb la normativa sobre las redes sociales contra las injerencias de Elon Musk y, si no lo hace, que permita que sean las autoridades francesas las que lo hagan.<\/p>\n<p>\u00abSi la Comisi\u00f3n Europea no sabe protegernos contra esas injerencias o esas amenazas de injerencias, tiene que dar a los Estados miembros, a Francia, la capacidad para protegerse por s\u00ed misma\u00bb, subray\u00f3 el ministro franc\u00e9s de Exteriores, Jean-No\u00ebl Barot, en una entrevista a la emisora \u200b\u200bFrance Inter.<\/p>\n<p>Barot record\u00f3 que, desde hace un a\u00f1o, est\u00e1 en vigor una nueva normativa europea que permite fuertes sanciones o incluso la suspensi\u00f3n de redes sociales en caso de ser utilizadas para injerencias pol\u00edticas. \u00abEl debate p\u00fablico -indic\u00f3- no puede deslocalizarse, ni quedar desregulado en grandes plataformas de redes sociales propiedad de multimillonarios estadounidenses\u00bb.<\/p>\n<h2>Permitir a los pa\u00edses actuar por su cuenta<\/h2>\n<p>El ministro franc\u00e9s, que explic\u00f3 que ha pedido al Ejecutivo comunitario que utilice ese dispositivo \u00abde forma mucho m\u00e1s vigorosa\u00bb, advirti\u00f3 que, si no lo hace, tendr\u00e1 que permitir que los Estados act\u00faen por su cuenta, en nombre de la subidiariedad.<\/p>\n<p>Preguntado sobre si considera injerencias las declaraciones de Elon Musk contra el primer ministro brit\u00e1nico, Keir Starmer, o contra el canciller alem\u00e1n, Olaf Schoz, Barrot respondi\u00f3 que todo el mundo tiene derecho a tener sus propias opiniones, pero, \u00abcuando se participa en un Gobierno, sus opiniones tienen un valor particular\u00bb.<\/p>\n<p> MS (afp\/efe) <\/p>\n<\/div>\n\n","protected":false},"excerpt":{"rendered":"<p>Francia quiere que la Comisi\u00f3n Europea utilice \u00abde forma mucho m\u00e1s vigorosa\u00bb la normativa sobre las redes sociales contra las injerencias de Elon Musk y, si no lo hace, que permita que sean las autoridades francesas las que lo hagan. \u00abSi la Comisi\u00f3n Europea no sabe protegernos contra esas injerencias o esas amenazas de injerencias, &hellip;<\/p>\n","protected":false},"author":1,"featured_media":9562,"comment_status":"open","ping_status":"open","sticky":false,"template":"","format":"standard","meta":{"fifu_image_url":"https:\/\/static.dw.com\/image\/70597688_6.jpg","fifu_image_alt":"","footnotes":""},"categories":[13],"tags":[],"class_list":["post-9561","post","type-post","status-publish","format-standard","has-post-thumbnail","","category-mundo"],"_links":{"self":[{"href":"https:\/\/noticiasveraces.com\/index.php?rest_route=\/wp\/v2\/posts\/9561","targetHints":{"allow":["GET"]}}],"collection":[{"href":"https:\/\/noticiasveraces.com\/index.php?rest_route=\/wp\/v2\/posts"}],"about":[{"href":"https:\/\/noticiasveraces.com\/index.php?rest_route=\/wp\/v2\/types\/post"}],"author":[{"embeddable":true,"href":"https:\/\/noticiasveraces.com\/index.php?rest_route=\/wp\/v2\/users\/1"}],"replies":[{"embeddable":true,"href":"https:\/\/noticiasveraces.com\/index.php?rest_route=%2Fwp%2Fv2%2Fcomments&post=9561"}],"version-history":[{"count":0,"href":"https:\/\/noticiasveraces.com\/index.php?rest_route=\/wp\/v2\/posts\/9561\/revisions"}],"wp:featuredmedia":[{"embeddable":true,"href":"https:\/\/noticiasveraces.com\/index.php?rest_route=\/wp\/v2\/media\/9562"}],"wp:attachment":[{"href":"https:\/\/noticiasveraces.com\/index.php?rest_route=%2Fwp%2Fv2%2Fmedia&parent=9561"}],"wp:term":[{"taxonomy":"category","embeddable":true,"href":"https:\/\/noticiasveraces.com\/index.php?rest_route=%2Fwp%2Fv2%2Fcategories&post=9561"},{"taxonomy":"post_tag","embeddable":true,"href":"https:\/\/noticiasveraces.com\/index.php?rest_route=%2Fwp%2Fv2%2Ftags&post=9561"}],"curies":[{"name":"wp","href":"https:\/\/api.w.org\/{rel}","templated":true}]}}