{"id":9559,"date":"2025-01-08T07:03:23","date_gmt":"2025-01-08T11:03:23","guid":{"rendered":"https:\/\/noticiasveraces.com\/?p=9559"},"modified":"2025-01-08T07:03:23","modified_gmt":"2025-01-08T11:03:23","slug":"iran-libera-a-la-periodista-italiana-cecilia-sala-dw-01-08-2025","status":"publish","type":"post","link":"https:\/\/noticiasveraces.com\/?p=9559","title":{"rendered":"Ir\u00e1n libera a la periodista italiana Cecilia Sala \u2013 DW \u2013 01\/08\/2025"},"content":{"rendered":"<p> \n<\/p>\n<div>\n<p>La periodista italiana Cecilia Sala, encarcelada desde el pasado 19 de diciembre en Ir\u00e1n por supuestamente violar las leyes de la Rep\u00fablica Isl\u00e1mica, ha sido liberada y ya viaja hacia Italia, inform\u00f3 el mi\u00e9rcoles (8.1.2024) el Gobierno italiano.<\/p>\n<p>\u00abEl avi\u00f3n que llevaba a casa a la periodista Cecilia Sala ha despegado de Teher\u00e1n hace unos minutos. Gracias a un intenso trabajo en los canales diplom\u00e1ticos y de inteligencia, nuestra compatriota ha sido liberada por las autoridades iran\u00edes y est\u00e1 de regreso a Italia\u00bb, se indica en un comunicado. EM (efe\/<\/p>\n<\/p>\n<\/div>\n\n","protected":false},"excerpt":{"rendered":"<p>La periodista italiana Cecilia Sala, encarcelada desde el pasado 19 de diciembre en Ir\u00e1n por supuestamente violar las leyes de la Rep\u00fablica Isl\u00e1mica, ha sido liberada y ya viaja hacia Italia, inform\u00f3 el mi\u00e9rcoles (8.1.2024) el Gobierno italiano. \u00abEl avi\u00f3n que llevaba a casa a la periodista Cecilia Sala ha despegado de Teher\u00e1n hace unos &hellip;<\/p>\n","protected":false},"author":1,"featured_media":9560,"comment_status":"open","ping_status":"open","sticky":false,"template":"","format":"standard","meta":{"fifu_image_url":"https:\/\/static.dw.com\/image\/71171100_6.jpg","fifu_image_alt":"","footnotes":""},"categories":[13],"tags":[],"class_list":["post-9559","post","type-post","status-publish","format-standard","has-post-thumbnail","","category-mundo"],"_links":{"self":[{"href":"https:\/\/noticiasveraces.com\/index.php?rest_route=\/wp\/v2\/posts\/9559","targetHints":{"allow":["GET"]}}],"collection":[{"href":"https:\/\/noticiasveraces.com\/index.php?rest_route=\/wp\/v2\/posts"}],"about":[{"href":"https:\/\/noticiasveraces.com\/index.php?rest_route=\/wp\/v2\/types\/post"}],"author":[{"embeddable":true,"href":"https:\/\/noticiasveraces.com\/index.php?rest_route=\/wp\/v2\/users\/1"}],"replies":[{"embeddable":true,"href":"https:\/\/noticiasveraces.com\/index.php?rest_route=%2Fwp%2Fv2%2Fcomments&post=9559"}],"version-history":[{"count":0,"href":"https:\/\/noticiasveraces.com\/index.php?rest_route=\/wp\/v2\/posts\/9559\/revisions"}],"wp:featuredmedia":[{"embeddable":true,"href":"https:\/\/noticiasveraces.com\/index.php?rest_route=\/wp\/v2\/media\/9560"}],"wp:attachment":[{"href":"https:\/\/noticiasveraces.com\/index.php?rest_route=%2Fwp%2Fv2%2Fmedia&parent=9559"}],"wp:term":[{"taxonomy":"category","embeddable":true,"href":"https:\/\/noticiasveraces.com\/index.php?rest_route=%2Fwp%2Fv2%2Fcategories&post=9559"},{"taxonomy":"post_tag","embeddable":true,"href":"https:\/\/noticiasveraces.com\/index.php?rest_route=%2Fwp%2Fv2%2Ftags&post=9559"}],"curies":[{"name":"wp","href":"https:\/\/api.w.org\/{rel}","templated":true}]}}