{"id":9535,"date":"2025-01-08T02:58:01","date_gmt":"2025-01-08T06:58:01","guid":{"rendered":"https:\/\/noticiasveraces.com\/?p=9535"},"modified":"2025-01-08T02:58:01","modified_gmt":"2025-01-08T06:58:01","slug":"el-real-madrid-convoca-nuevas-elecciones-a-la-presidencia","status":"publish","type":"post","link":"https:\/\/noticiasveraces.com\/?p=9535","title":{"rendered":"El Real Madrid convoca nuevas elecciones a la presidencia"},"content":{"rendered":"<p> \n<\/p>\n<div id=\"intext\">\n<p>el <b>real madrid<\/b> Acaba de anunciar a trav\u00e9s de un comunicado oficial en sus redes sociales que habr\u00e1 nuevas elecciones a la presidencia. Tras la reuni\u00f3n que han mantenido esta tarde, seg\u00fan la aplicaci\u00f3n de los Estatutos Sociales del mismo club, <b>Florentino P\u00e9rez<\/b> ha comunicado a la Junta Directiva la decisi\u00f3n de comenzar un nuevo proceso de elecciones para la presidencia del club y Junta Directiva para los pr\u00f3ximos cuatro a\u00f1os. Sera adelantada <b>tres meses<\/b> el proceso electoral.<\/p>\n<p><i>\u00abEl presidente, o\u00edda la Junta Directiva celebrada hoy, y de conformidad con el art\u00edculo 38 apartado b de los Estatutos Sociales del Real Madrid CF, ha solicitado a la Junta Electoral el inicio del procedimiento de convocatoria de elecciones a Presidente y Junta Directiva\u00bb<\/i>se\u00f1ala el comunicado difundido por el club blanco. Asimismo, ser\u00e1 ma\u00f1ana cuando la Junta Electoral convoque de manera oficial las elecciones y el plazo de presentaci\u00f3n de candidaturas, entre el 8 y 18 de enero. En el caso de que no haya ning\u00fan otro aspirante a la presidencia, Florentino P\u00e9rez podr\u00eda ser proclamado de nuevo presidente el pr\u00f3ximo 19 de enero.<\/p>\n<h2 class=\"title-h2\">Sin aspirantes desde 2009<\/h2>\n<p>Florentino P\u00e9rez volver\u00e1 a presentarse a los comicios en 2025 y ser\u00e1 su <b>quinta vez consecutiva<\/b>. En las pasadas cuatro elecciones, 2009, 2013, 2017 y 2021, fue el <b>\u00fanico aspirante a la presidencia<\/b>. Este ser\u00eda su s\u00e9ptimo mandato al frente del club blanco, en los cuales ha llevado a cabo la construcci\u00f3n de la ciudad deportiva de Valdebebas o la remodelaci\u00f3n del estadio. <b>Santiago Bernabeu<\/b>.<\/p>\n<p>El pr\u00f3ximo proceso electoral est\u00e1 regulado por los Estatutos Sociales del club, en los cuales el <b>art\u00edculo 40<\/b> marque las pautas para seguir con el proceso. \u00ab<i>Dentro de los dos d\u00edas siguientes a que se produce el hecho que motiva la necesidad de celebraci\u00f3n de elecciones a Presidente y Junta Directiva [en este caso, la decisi\u00f3n del presidente, o\u00edda la Junta Directiva]la Junta Electoral acordar\u00e1 el inicio del proceso electoral mediante la apertura de un plazo de diez d\u00edas naturales, a contar desde su publicaci\u00f3n, a fin de que se presenten las candidaturas. El acuerdo expresado deber\u00e1 anunciarse en el Tabl\u00f3n de anuncios dispuesto al efecto en la sede social y publicarse en, al menos, dos peri\u00f3dicos de Madrid\u00bb.<\/i>se\u00f1ala el art\u00edculo.<\/p>\n<p>En el momento de finalizaci\u00f3n del plazo de presentaci\u00f3n de candidaturas, en el caso de que hubiera m\u00e1s de un aspirante, se fijar\u00edan las fechas de las elecciones.<\/p>\n<h2 class=\"title-h2\">\u00bfCu\u00e1les son los siete requisitos para presidir el Madrid?<\/h2>\n<p>Para optar a la presidencia del Real Madrid se requiere <b>siete requisitos<\/b> que est\u00e1n establecidos en los estatutos del club blanco. Son los siguientes:<\/p>\n<ul>\n<li>Ser espa\u00f1ol<\/li>\n<li>Ser mayor de edad y poseer plena capacidad de obrar<\/li>\n<li>Estar al corriente en el cumplimiento de los deberes sociales<\/li>\n<li>Ser socio del Real Madrid con al menos veinte a\u00f1os de antig\u00fcedad ininterrumpida<\/li>\n<li>No estar sujeto a cualquier sanci\u00f3n que pueda inhabilitar para el desempe\u00f1o de cargos directivos.<\/li>\n<li>No trabajar en un cargo directivo de otros clubes de f\u00fatbol ni estar en activo como jugador, \u00e1rbitro, entrenador o t\u00e9cnico.<\/li>\n<li>Aportar como aval un 15% del presupuesto general de los gastos del club<\/li>\n<\/ul>\n<p><i>S\u00edguenos en nuestro <b>canal de whatsapp<\/b> y no te pierdas la \u00faltima hora y toda la actualidad de <b>antena3noticias.com<\/b><\/i><\/p>\n<div class=\"recirculation-video\" data-mod=\"a3mod_recirculation_video\">\n<div class=\"recirculation-video-wrapper\">\n<div>\n<div class=\"video-wrapper\">\n  <picture class=\"video-main-picture\"><source media=\"(min-width: 481px)\" srcset=\"https:\/\/fotografias.antena3.com\/clipping\/cmsimages01\/2025\/01\/04\/ECA2CD71-E915-43AD-817B-A64BBF09DBB9\/luke-littler-celebra-titulo-mundial-dardos_94.jpg?crop=1106,622,x0,y248&amp;width=800&amp;height=450&amp;optimize=medium&amp;format=webply\" width=\"800\" height=\"450\"><source media=\"(min-width: 391px) and (max-width: 480px)\" srcset=\"https:\/\/fotografias.antena3.com\/clipping\/cmsimages01\/2025\/01\/04\/ECA2CD71-E915-43AD-817B-A64BBF09DBB9\/luke-littler-celebra-titulo-mundial-dardos_70.jpg?crop=1106,622,x0,y248&amp;width=480&amp;height=270&amp;optimize=high&amp;format=webply\" width=\"480\" height=\"270\"><source media=\"(min-width: 321px) and (max-width: 390px)\" srcset=\"https:\/\/fotografias.antena3.com\/clipping\/cmsimages01\/2025\/01\/04\/ECA2CD71-E915-43AD-817B-A64BBF09DBB9\/luke-littler-celebra-titulo-mundial-dardos_92.jpg?crop=1106,621,x0,y248&amp;width=390&amp;height=219&amp;optimize=high&amp;format=webply\" width=\"390\" height=\"219\"><source media=\"(max-width: 320px)\" srcset=\"https:\/\/fotografias.antena3.com\/clipping\/cmsimages01\/2025\/01\/04\/ECA2CD71-E915-43AD-817B-A64BBF09DBB9\/luke-littler-celebra-titulo-mundial-dardos_52.jpg?crop=1106,622,x0,y248&amp;width=320&amp;height=180&amp;optimize=high&amp;format=webply\" width=\"320\" height=\"180\"><img decoding=\"async\" title=\"Luke Littler celebra el t\u00edtulo mundial de dardos\" alt=\"Luke Littler celebra el t\u00edtulo mundial de dardos\" width=\"480\" height=\"270\" src=\"https:\/\/fotografias.antena3.com\/clipping\/cmsimages01\/2025\/01\/04\/ECA2CD71-E915-43AD-817B-A64BBF09DBB9\/luke-littler-celebra-titulo-mundial-dardos_70.jpg?crop=1106,622,x0,y248&amp;width=480&amp;height=270&amp;optimize=high&amp;format=webply\" loading=\"lazy\" class=\"lazy\"\/><br \/>\n  <\/source><\/source><\/source><\/source><\/picture>\n <\/div>\n<\/div><\/div>\n<\/p><\/div>\n<\/div>\n\n","protected":false},"excerpt":{"rendered":"<p>el real madrid Acaba de anunciar a trav\u00e9s de un comunicado oficial en sus redes sociales que habr\u00e1 nuevas elecciones a la presidencia. Tras la reuni\u00f3n que han mantenido esta tarde, seg\u00fan la aplicaci\u00f3n de los Estatutos Sociales del mismo club, Florentino P\u00e9rez ha comunicado a la Junta Directiva la decisi\u00f3n de comenzar un nuevo &hellip;<\/p>\n","protected":false},"author":1,"featured_media":9537,"comment_status":"open","ping_status":"open","sticky":false,"template":"","format":"standard","meta":{"fifu_image_url":"https:\/\/fotografias.antena3.com\/clipping\/cmsimages01\/2024\/11\/24\/CFBA6A4E-2CCB-4C28-8639-5AD782C0A454\/florentino-perez-asamblea-general-socios_69.jpg?crop=3379,1901,x0,y0&width=1280&height=720&optimize=low&format=jpg","fifu_image_alt":"","footnotes":""},"categories":[6],"tags":[],"class_list":["post-9535","post","type-post","status-publish","format-standard","has-post-thumbnail","","category-deportes"],"_links":{"self":[{"href":"https:\/\/noticiasveraces.com\/index.php?rest_route=\/wp\/v2\/posts\/9535","targetHints":{"allow":["GET"]}}],"collection":[{"href":"https:\/\/noticiasveraces.com\/index.php?rest_route=\/wp\/v2\/posts"}],"about":[{"href":"https:\/\/noticiasveraces.com\/index.php?rest_route=\/wp\/v2\/types\/post"}],"author":[{"embeddable":true,"href":"https:\/\/noticiasveraces.com\/index.php?rest_route=\/wp\/v2\/users\/1"}],"replies":[{"embeddable":true,"href":"https:\/\/noticiasveraces.com\/index.php?rest_route=%2Fwp%2Fv2%2Fcomments&post=9535"}],"version-history":[{"count":0,"href":"https:\/\/noticiasveraces.com\/index.php?rest_route=\/wp\/v2\/posts\/9535\/revisions"}],"wp:featuredmedia":[{"embeddable":true,"href":"https:\/\/noticiasveraces.com\/index.php?rest_route=\/wp\/v2\/media\/9537"}],"wp:attachment":[{"href":"https:\/\/noticiasveraces.com\/index.php?rest_route=%2Fwp%2Fv2%2Fmedia&parent=9535"}],"wp:term":[{"taxonomy":"category","embeddable":true,"href":"https:\/\/noticiasveraces.com\/index.php?rest_route=%2Fwp%2Fv2%2Fcategories&post=9535"},{"taxonomy":"post_tag","embeddable":true,"href":"https:\/\/noticiasveraces.com\/index.php?rest_route=%2Fwp%2Fv2%2Ftags&post=9535"}],"curies":[{"name":"wp","href":"https:\/\/api.w.org\/{rel}","templated":true}]}}