{"id":9526,"date":"2025-01-08T01:50:11","date_gmt":"2025-01-08T05:50:11","guid":{"rendered":"https:\/\/noticiasveraces.com\/?p=9526"},"modified":"2025-01-08T01:50:11","modified_gmt":"2025-01-08T05:50:11","slug":"hacia-donde-irian-austria-y-la-ue-con-el-fpo-en-el-poder-dw-01-07-2025","status":"publish","type":"post","link":"https:\/\/noticiasveraces.com\/?p=9526","title":{"rendered":"\u00bfHacia d\u00f3nde ir\u00edan Austria y la UE con el FP\u00d6 en el poder? \u2013 DW \u2013 01\/07\/2025"},"content":{"rendered":"<p> \n<\/p>\n<div>\n<p>El Partido de la Libertad de Austria (FP\u00d6) se fund\u00f3 en la d\u00e9cada de 1950 y estuvo inicialmente dirigido por exoficiales de las SS. A lo largo de las d\u00e9cadas, el partido se ha establecido como una fuerza pol\u00edtica clave en Austria. Ahora, la facci\u00f3n de ultraderecha de Austria est\u00e1 a las puertas de tener m\u00e1s poder que nunca.<\/p>\n<p>El l\u00edder del partido, Herbert Kickl, a menudo hace campa\u00f1a por la \u00abremigraci\u00f3n\u00bb, que generalmente se entiende como la deportaci\u00f3n masiva de solicitantes de asilo y extranjeros, y dice que quiere una Austria m\u00e1s \u00abhomog\u00e9nea\u00bb.<\/p>\n<p>En su canal de YouTube, el partido difunde narrativas falsas. Por ejemplo, que la Uni\u00f3n Europea intenta obligar a las personas a comer insectos y prohibir el uso de dinero en efectivo. Durante la pandemia de COVID-19, el partido aliment\u00f3 el escepticismo sobre las vacunas.<\/p>\n<p>El FP\u00d6 tambi\u00e9n tiene una postura clara sobre cuestiones sociales. En su sitio web, afirma que est\u00e1 \u00abcomprometido con la primac\u00eda del matrimonio entre un hombre y una mujer\u00bb y \u00abrechaza cualquier instituci\u00f3n legal propia para las relaciones entre personas del mismo sexo\u00bb. El partido de Kickl tambi\u00e9n dice que \u00abrechaza enf\u00e1ticamente\u00bb cualquier trato preferencial hacia las mujeres para contrarrestar la \u00abdiscriminaci\u00f3n real o percibida\u00bb.<\/p>\n<p>El investigador Georgios Samaras, del King\u00b4s College de Londres, dijo a DW que el FP\u00d6 \u00abparticipa en esta creciente ola de p\u00e1nico moral que vemos. Un p\u00e1nico moral que se centra en los derechos LGBT, los derechos trans, la inmigraci\u00f3n y, por supuesto, las ideas sobre el nacionalismo blanco\u00bb.<\/p>\n<p><span data-slot-id=\"Article_InContent-1\" class=\"rich-text-ad\"\/><\/p>\n<h2>Partidos del centro no hacen frente a la extrema derecha<\/h2>\n<p>El analista Reinhard Heinisch afirma que las fuerzas pol\u00edticas del centro tienen parte de culpa y van a ver c\u00f3mo su poder pol\u00edtico se desvanece ante el ascenso de la ultraderecha. Seg\u00fan \u00e9l, las luchas internas de izquierda han hecho que la oposici\u00f3n no pueda presentar una alternativa atractiva, mientras que los conservadores de centroderecha en el poder han ayudado a \u00abnormalizar\u00bb al FP\u00d6 al gobernar con ellos en el pasado.<\/p>\n<p>Georgios Samaras comparte la opini\u00f3n del analista y a\u00f1ade que \u00abotro aspecto que tambi\u00e9n debemos considerar es que el centro pol\u00edtico se est\u00e1 desplazando gradualmente hacia la ultraderecha\u00bb.<\/p>\n<p>Austria ya tiene una pol\u00edtica migratoria restrictiva y el analista Reinhard Heinisch, radicado en Salzburgo, dice que una coalici\u00f3n del FP\u00d6 con los conservadores en el poder, probablemente continuar\u00eda esa tendencia.<\/p>\n<figure class=\"placeholder-image master_landscape big\"><img data-format=\"MASTER_LANDSCAPE\" data-id=\"70357498\" data-url=\"https:\/\/static.dw.com\/image\/70357498_${formatId}.jpg\" data-aspect-ratio=\"16\/9\" alt=\"Letras del Partido de la Libertad de Austria.\" style=\"padding-bottom: 56.25%; height: 0; max-height: 0;\"\/><figcaption class=\"img-caption\">El Partido de la Libertad de Austria logr\u00f3 un resultado in\u00e9dito en las elecciones de septiembre de 2024.<small class=\"copyright\">Imagen: alianza de im\u00e1genes \/ Alex Halada \/ picturedesk.com<\/small><\/figcaption><\/figure>\n<h2>\u00bfHacia d\u00f3nde podr\u00eda ir Austria con el FP\u00d6?<\/h2>\n<p>Sin embargo, una coalici\u00f3n de este tipo causar\u00eda enfrentamientos, porque el FP\u00d6 es euroesc\u00e9ptico, mientras que los conservadores son habitualmente pro UE.<\/p>\n<p>Heinisch tambi\u00e9n predice un \u00abcambio claro\u00bb en pol\u00edtica exterior. El gobierno saliente, liderado por los conservadores, estuvo a favor de sancionar a Mosc\u00fa por la invasi\u00f3n de Ucrania, pero el Partido de la Libertad critica el apoyo de la UE a Kiev.<\/p>\n<p>Heinisch cree que el FP\u00d6 podr\u00eda ayudar a construir un eje de naciones de la UE m\u00e1s amigas de Rusia en Europa Central, con Hungr\u00eda y Eslovaquia, tambi\u00e9n opuestos a respaldar a Ucrania.<\/p>\n<p>El camino del Partido de la Libertad hacia la canciller\u00eda austriaca a\u00fan no est\u00e1 asegurado. Kickl ha recibido oficialmente el encargo de dirigir las negociaciones de coalici\u00f3n, pero el resultado no est\u00e1 garantizado.<\/p>\n<p>No hay plazo para alcanzar un acuerdo y se mantendr\u00e1 un gobierno provisional, aunque con una nueva cara que sustituye al canciller saliente, Karl Nehammer, tras el intento fallido de alcanzar un acuerdo centrista para excluir a la ultraderecha.<\/p>\n<p>El investigador Georgios Samaras dice que una cosa est\u00e1 clara: \u00abEl FP\u00d6 no tiene nada que perder. Lo que est\u00e1 ocurriendo es una desestabilizaci\u00f3n pol\u00edtica y s\u00f3lo puede beneficiarse de ello\u00bb.<\/p>\n<p>(rmr\/ers)<\/p>\n<\/p>\n<\/div>\n\n","protected":false},"excerpt":{"rendered":"<p>El Partido de la Libertad de Austria (FP\u00d6) se fund\u00f3 en la d\u00e9cada de 1950 y estuvo inicialmente dirigido por exoficiales de las SS. A lo largo de las d\u00e9cadas, el partido se ha establecido como una fuerza pol\u00edtica clave en Austria. Ahora, la facci\u00f3n de ultraderecha de Austria est\u00e1 a las puertas de tener &hellip;<\/p>\n","protected":false},"author":1,"featured_media":9527,"comment_status":"open","ping_status":"open","sticky":false,"template":"","format":"standard","meta":{"fifu_image_url":"https:\/\/static.dw.com\/image\/70361496_6.jpg","fifu_image_alt":"","footnotes":""},"categories":[13],"tags":[],"class_list":["post-9526","post","type-post","status-publish","format-standard","has-post-thumbnail","","category-mundo"],"_links":{"self":[{"href":"https:\/\/noticiasveraces.com\/index.php?rest_route=\/wp\/v2\/posts\/9526","targetHints":{"allow":["GET"]}}],"collection":[{"href":"https:\/\/noticiasveraces.com\/index.php?rest_route=\/wp\/v2\/posts"}],"about":[{"href":"https:\/\/noticiasveraces.com\/index.php?rest_route=\/wp\/v2\/types\/post"}],"author":[{"embeddable":true,"href":"https:\/\/noticiasveraces.com\/index.php?rest_route=\/wp\/v2\/users\/1"}],"replies":[{"embeddable":true,"href":"https:\/\/noticiasveraces.com\/index.php?rest_route=%2Fwp%2Fv2%2Fcomments&post=9526"}],"version-history":[{"count":0,"href":"https:\/\/noticiasveraces.com\/index.php?rest_route=\/wp\/v2\/posts\/9526\/revisions"}],"wp:featuredmedia":[{"embeddable":true,"href":"https:\/\/noticiasveraces.com\/index.php?rest_route=\/wp\/v2\/media\/9527"}],"wp:attachment":[{"href":"https:\/\/noticiasveraces.com\/index.php?rest_route=%2Fwp%2Fv2%2Fmedia&parent=9526"}],"wp:term":[{"taxonomy":"category","embeddable":true,"href":"https:\/\/noticiasveraces.com\/index.php?rest_route=%2Fwp%2Fv2%2Fcategories&post=9526"},{"taxonomy":"post_tag","embeddable":true,"href":"https:\/\/noticiasveraces.com\/index.php?rest_route=%2Fwp%2Fv2%2Ftags&post=9526"}],"curies":[{"name":"wp","href":"https:\/\/api.w.org\/{rel}","templated":true}]}}