{"id":9520,"date":"2025-01-07T22:41:30","date_gmt":"2025-01-08T02:41:30","guid":{"rendered":"https:\/\/noticiasveraces.com\/?p=9520"},"modified":"2025-01-07T22:41:30","modified_gmt":"2025-01-08T02:41:30","slug":"irlanda-apoya-acusacion-contra-israel-por-genocidio-en-gaza-dw-01-08-2025","status":"publish","type":"post","link":"https:\/\/noticiasveraces.com\/?p=9520","title":{"rendered":"Irlanda apoya acusaci\u00f3n contra Israel por genocidio en Gaza \u2013 DW \u2013 01\/08\/2025"},"content":{"rendered":"<p> \n<\/p>\n<div>\n<p>Irlanda present\u00f3 oficialmente su solicitud para intervenir en el procedimiento iniciado por Sud\u00e1frica contra Israel ante la Corte Internacional de Justicia (CIJ) por presunto genocidio en la Franja de Gaza, seg\u00fan inform\u00f3 el organismo en un comunicado publicado este martes (01.07.2025).<\/p>\n<p>Las autoridades irlandesas presentaron el lunes 6 de enero, la documentaci\u00f3n necesaria para formalizar la \u00abdeclaraci\u00f3n de intervenci\u00f3n\u00bb en el caso, tal y como anunci\u00f3 el Gobierno ya en el mes de diciembre de 2024.<\/p>\n<p>En concreto, Dubl\u00edn piensa que Israel podr\u00eda estar incumpliendo con sus ataques sobre la Franja de Gaza una serie de art\u00edculos de la Convenci\u00f3n de Naciones Unidas para la Prevenci\u00f3n y Sanci\u00f3n del Delito de Genocidio.<\/p>\n<p>En marzo de 2024 Irlanda hab\u00eda anunciado que intervendr\u00eda en el caso de genocidio en la CIJ contra Israel, pero el pasado 11 de diciembre el ministro de Exteriores irland\u00e9s, Micheal Martin, dijo que hab\u00eda logrado el apoyo del gabinete y que la intervenci\u00f3n se presentar\u00eda a finales de este mes.<\/p>\n<h2>Tensiones Irlanda-Israel<\/h2>\n<p>El departamento de Asuntos Exteriores de Irlanda dijo que \u00abal intervenir legalmente en el caso de Sud\u00e1frica, Irlanda pedir\u00e1 a la CIJ que ampl\u00ede su interpretaci\u00f3n de lo que constituye la comisi\u00f3n de genocidio\u00bb, detall\u00f3 en un comunicado, en el que justific\u00f3 que una lectura \u00abmuy estrecha\u00bb puede favorecer una cultura de la impunidad.<\/p>\n<p>D\u00edas despu\u00e9s de conocer esta noticia, el Ministerio de Exteriores de Israel anunci\u00f3 el cierre de su embajada en Dubl\u00edn y acus\u00f3 a Irlanda de \u00abhaber cruzado todas las l\u00edneas rojas en su relaci\u00f3n con Israel\u00bb.<\/p>\n<p>El pasado mayo Israel retir\u00f3 a su embajador en Dubl\u00edn, despu\u00e9s de que ese pa\u00eds reconociera Palestina como Estado, en una declaraci\u00f3n conjunta en la que tambi\u00e9n lo hicieron Espa\u00f1a y Noruega, y que destruy\u00f3 las represalias del Gobierno israel\u00ed y la declaraci\u00f3n de nuevos asentamientos en territorio. palestino ocupado.<\/p>\n<p>Con la solicitud ante la CIJ la Corte ha invitado a Sud\u00e1frica e Israel a presentar observaciones escritas sobre la declaraci\u00f3n de intervenci\u00f3n de Irlanda, como exige el reglamento del tribunal.<\/p>\n<p>Hasta la fecha, han solicitado formalmente intervenir en este mismo procedimiento Nicaragua, Colombia, Libia, M\u00e9xico, Palestina, Espa\u00f1a, Turqu\u00eda, Chile, Maldivas y Bolivia.<\/p>\n<p>mg (efe,ap)<\/p>\n<\/div>\n\n","protected":false},"excerpt":{"rendered":"<p>Irlanda present\u00f3 oficialmente su solicitud para intervenir en el procedimiento iniciado por Sud\u00e1frica contra Israel ante la Corte Internacional de Justicia (CIJ) por presunto genocidio en la Franja de Gaza, seg\u00fan inform\u00f3 el organismo en un comunicado publicado este martes (01.07.2025). Las autoridades irlandesas presentaron el lunes 6 de enero, la documentaci\u00f3n necesaria para formalizar &hellip;<\/p>\n","protected":false},"author":1,"featured_media":9521,"comment_status":"open","ping_status":"open","sticky":false,"template":"","format":"standard","meta":{"fifu_image_url":"https:\/\/static.dw.com\/image\/70936304_6.jpg","fifu_image_alt":"","footnotes":""},"categories":[13],"tags":[],"class_list":["post-9520","post","type-post","status-publish","format-standard","has-post-thumbnail","","category-mundo"],"_links":{"self":[{"href":"https:\/\/noticiasveraces.com\/index.php?rest_route=\/wp\/v2\/posts\/9520","targetHints":{"allow":["GET"]}}],"collection":[{"href":"https:\/\/noticiasveraces.com\/index.php?rest_route=\/wp\/v2\/posts"}],"about":[{"href":"https:\/\/noticiasveraces.com\/index.php?rest_route=\/wp\/v2\/types\/post"}],"author":[{"embeddable":true,"href":"https:\/\/noticiasveraces.com\/index.php?rest_route=\/wp\/v2\/users\/1"}],"replies":[{"embeddable":true,"href":"https:\/\/noticiasveraces.com\/index.php?rest_route=%2Fwp%2Fv2%2Fcomments&post=9520"}],"version-history":[{"count":0,"href":"https:\/\/noticiasveraces.com\/index.php?rest_route=\/wp\/v2\/posts\/9520\/revisions"}],"wp:featuredmedia":[{"embeddable":true,"href":"https:\/\/noticiasveraces.com\/index.php?rest_route=\/wp\/v2\/media\/9521"}],"wp:attachment":[{"href":"https:\/\/noticiasveraces.com\/index.php?rest_route=%2Fwp%2Fv2%2Fmedia&parent=9520"}],"wp:term":[{"taxonomy":"category","embeddable":true,"href":"https:\/\/noticiasveraces.com\/index.php?rest_route=%2Fwp%2Fv2%2Fcategories&post=9520"},{"taxonomy":"post_tag","embeddable":true,"href":"https:\/\/noticiasveraces.com\/index.php?rest_route=%2Fwp%2Fv2%2Ftags&post=9520"}],"curies":[{"name":"wp","href":"https:\/\/api.w.org\/{rel}","templated":true}]}}