{"id":9518,"date":"2025-01-07T21:40:14","date_gmt":"2025-01-08T01:40:14","guid":{"rendered":"https:\/\/noticiasveraces.com\/?p=9518"},"modified":"2025-01-07T21:40:14","modified_gmt":"2025-01-08T01:40:14","slug":"turquia-amenaza-con-operacion-militar-contra-kurdos-en-siria-dw-01-07-2025","status":"publish","type":"post","link":"https:\/\/noticiasveraces.com\/?p=9518","title":{"rendered":"Turqu\u00eda amenaza con operaci\u00f3n militar contra kurdos en Siria \u2013 DW \u2013 01\/07\/2025"},"content":{"rendered":"<p> \n<\/p>\n<div>\n<p>El Ministro de Exteriores de Turqu\u00eda, Hakan Fidan, asegur\u00f3 este martes (01.07.2025) que ese pa\u00eds est\u00e1 decidido a lanzar una operaci\u00f3n militar en el norte de Siria si las nuevas autoridades de Damasco no fuerzan la disoluci\u00f3n de las milicias kurdas Unidades de Defensa. del Pueblo (YPG), tras la ca\u00edda del r\u00e9gimen de Bashar al Assad.<\/p>\n<p>Ankara considera a las YPG, que dominan grandes regiones del noreste de Siria y que combatieron al Estado Isl\u00e1mico con apoyo de Estados Unidos, una mera rama del proscrito Partido de Trabajadores de Kurdist\u00e1n (PKK), la guerrilla kurda de Turqu\u00eda que las autoridades turcas consideran terroristas, y ha subrayado que no deben participar en el proceso de transici\u00f3n.<\/p>\n<p>\u00abLa nueva Administraci\u00f3n de Siria debe dar pasos para ocuparse de este asunto. Las conversaciones siguen; tomar\u00e1 un tiempo, es un proceso\u00bb, dijo el ministro en una entrevista exclusiva con la cadena turca CNNT\u00fcrk. Pero si las YPG rechazan disolverse, \u00abes evidente que est\u00e1n jugando para ganar tiempo\u00bb, a\u00f1adi\u00f3 el ministro.<\/p>\n<h2>\u00abSin derramamiento de sangre\u00bb<\/h2>\n<p>\u00abHemos dado un ultim\u00e1tum a las YPG: si quieren evitar una operaci\u00f3n militar, estas son las condiciones: los combatientes internacionales venidos de Turqu\u00eda, Ir\u00e1n e Irak deben abandonar Siria inmediatamente y los dirigentes del PKK tambi\u00e9n. Ellos saben qui\u00e9nes son, tenemos los nombres \u00ab, asegur\u00f3 Fidan.<\/p>\n<p>\u00abUna vez que hayan dejado las armas, deben integrarse en el nuevo sistema; debe ser un proceso sin derramamiento de sangre. Los kurdos que no sean del PKK deben participar en la vida normal sin temer por su vida ni sus bienes, y la nueva administraci\u00f3n nos ha dado garant\u00edas al respecto\u00bb, explic\u00f3 el ministro.<\/p>\n<p>Fidan critic\u00f3 tambi\u00e9n el apoyo de Estados Unidos a las YPG, asegurando que la lucha contra el Estado Isl\u00e1mico (EI) ya es solo \u00abun pretexto\u00bb, y que las milicias kurdas solo \u00abprestan servicios de carcelero\u00bb para los campos de internamiento de excombatientes. del EI y sus familias en la zona. Al respecto, se\u00f1al\u00f3 que Turqu\u00eda tiene la capacidad para administrar esos recintos si las nuevas autoridades sirias no est\u00e1n en condiciones de hacerlo.<\/p>\n<p>DZC (EFE, AFP)<\/p>\n<\/div>\n\n","protected":false},"excerpt":{"rendered":"<p>El Ministro de Exteriores de Turqu\u00eda, Hakan Fidan, asegur\u00f3 este martes (01.07.2025) que ese pa\u00eds est\u00e1 decidido a lanzar una operaci\u00f3n militar en el norte de Siria si las nuevas autoridades de Damasco no fuerzan la disoluci\u00f3n de las milicias kurdas Unidades de Defensa. del Pueblo (YPG), tras la ca\u00edda del r\u00e9gimen de Bashar al &hellip;<\/p>\n","protected":false},"author":1,"featured_media":9519,"comment_status":"open","ping_status":"open","sticky":false,"template":"","format":"standard","meta":{"fifu_image_url":"https:\/\/static.dw.com\/image\/71104040_6.jpg","fifu_image_alt":"","footnotes":""},"categories":[13],"tags":[],"class_list":["post-9518","post","type-post","status-publish","format-standard","has-post-thumbnail","","category-mundo"],"_links":{"self":[{"href":"https:\/\/noticiasveraces.com\/index.php?rest_route=\/wp\/v2\/posts\/9518","targetHints":{"allow":["GET"]}}],"collection":[{"href":"https:\/\/noticiasveraces.com\/index.php?rest_route=\/wp\/v2\/posts"}],"about":[{"href":"https:\/\/noticiasveraces.com\/index.php?rest_route=\/wp\/v2\/types\/post"}],"author":[{"embeddable":true,"href":"https:\/\/noticiasveraces.com\/index.php?rest_route=\/wp\/v2\/users\/1"}],"replies":[{"embeddable":true,"href":"https:\/\/noticiasveraces.com\/index.php?rest_route=%2Fwp%2Fv2%2Fcomments&post=9518"}],"version-history":[{"count":0,"href":"https:\/\/noticiasveraces.com\/index.php?rest_route=\/wp\/v2\/posts\/9518\/revisions"}],"wp:featuredmedia":[{"embeddable":true,"href":"https:\/\/noticiasveraces.com\/index.php?rest_route=\/wp\/v2\/media\/9519"}],"wp:attachment":[{"href":"https:\/\/noticiasveraces.com\/index.php?rest_route=%2Fwp%2Fv2%2Fmedia&parent=9518"}],"wp:term":[{"taxonomy":"category","embeddable":true,"href":"https:\/\/noticiasveraces.com\/index.php?rest_route=%2Fwp%2Fv2%2Fcategories&post=9518"},{"taxonomy":"post_tag","embeddable":true,"href":"https:\/\/noticiasveraces.com\/index.php?rest_route=%2Fwp%2Fv2%2Ftags&post=9518"}],"curies":[{"name":"wp","href":"https:\/\/api.w.org\/{rel}","templated":true}]}}