{"id":9500,"date":"2025-01-07T20:39:25","date_gmt":"2025-01-08T00:39:25","guid":{"rendered":"https:\/\/noticiasveraces.com\/?p=9500"},"modified":"2025-01-07T20:39:25","modified_gmt":"2025-01-08T00:39:25","slug":"trudeau-dice-que-no-hay-ninguna-posibilidad-de-bola-de-nieve-en-el-infierno-de-que-canada-pase-a-formar-parte-de-ee-uu","status":"publish","type":"post","link":"https:\/\/noticiasveraces.com\/?p=9500","title":{"rendered":"Trudeau dice que \u00abno hay ninguna posibilidad de bola de nieve en el infierno\u00bb de que Canad\u00e1 pase a formar parte de EE.UU."},"content":{"rendered":"<p> \n<\/p>\n<div>\n<p class=\"speakable\">El primer ministro canadiense, Justin Trudeau, dijo el martes que no hay una \u00abposibilidad de bola de nieve en el infierno\u00bb de que su pa\u00eds se convierta en parte de Estados Unidos, mientras el presidente electo Trump contin\u00faa presionando para convertir al vecino del norte en el estado n\u00famero 51 de Estados Unidos.<\/p>\n<p class=\"speakable\">\u00abNo existe ni la m\u00e1s m\u00ednima posibilidad de que Canad\u00e1 se convierta en parte de Estados Unidos\u00bb, escribi\u00f3 Trudeau en X. \u00abLos trabajadores y las comunidades de nuestros dos pa\u00edses se benefician de ser el mayor socio comercial y de seguridad de cada uno\u00bb.<\/p>\n<p>La respuesta de Trudeau se produjo despu\u00e9s de que Trump dijera que Canad\u00e1 deber\u00eda ser un estado, mientras hablaba en una conferencia de prensa el martes en su resort Mar-a-Lago en Palm Beach, Florida.<\/p>\n<p><strong>TRUMP PLANEA REVERTIR &#8216;INMEDIATAMENTE&#8217; LA &#8216;RID\u00cdCULA&#8217; PROHIBICI\u00d3N DE NUEVAS PERFORACIONES DE PETR\u00d3LEO Y GAS A LO LARGO DE LA COSTA DE EE.UU.<\/strong><strong> <\/strong><\/p>\n<p>Trump tambi\u00e9n destac\u00f3 que si Canad\u00e1 se uniera a Estados Unidos, no ser\u00eda mediante el uso de la fuerza militar, sino mediante la \u00abfuerza econ\u00f3mica\u00bb.<\/p>\n<p>El lunes, el presidente electo dijo en una publicaci\u00f3n en las redes sociales que \u00aba muchas personas en Canad\u00e1 les ENCANTA ser el estado n\u00famero 51\u00bb.<\/p>\n<p>Pero tambi\u00e9n enfatiz\u00f3 que si Canad\u00e1 y Estados Unidos se fusionaran, no habr\u00eda aranceles, los impuestos bajar\u00edan y Canad\u00e1 estar\u00eda \u00abtotalmente seguro\u00bb de las amenazas de los barcos rusos y chinos \u00abque los rodean constantemente\u00bb.<\/p>\n<p><strong>TRUMP TROLLING A CANAD\u00c1 COMO EL ESTADO 51 PODR\u00cdA IMPULSAR A LOS DEM\u00d3CRATAS CON EL &#8216;GIGANTE DEL ESTADO AZUL&#8217;<\/strong><\/p>\n<div class=\"image-ct inline\">\n<div class=\"m\"><picture><source media=\"(max-width: 767px)\" srcset=\"https:\/\/a57.foxnews.com\/static.foxnews.com\/foxnews.com\/content\/uploads\/2024\/12\/343\/192\/trump-trudeau.jpg?ve=1&amp;tl=1, https:\/\/a57.foxnews.com\/static.foxnews.com\/foxnews.com\/content\/uploads\/2024\/12\/686\/384\/trump-trudeau.jpg?ve=1&amp;tl=1 2x\" height=\"192\" width=\"343\"><source media=\"(min-width: 768px) and (max-width: 1023px)\" srcset=\"https:\/\/a57.foxnews.com\/static.foxnews.com\/foxnews.com\/content\/uploads\/2024\/12\/672\/378\/trump-trudeau.jpg?ve=1&amp;tl=1, https:\/\/a57.foxnews.com\/static.foxnews.com\/foxnews.com\/content\/uploads\/2024\/12\/1344\/756\/trump-trudeau.jpg?ve=1&amp;tl=1 2x\" height=\"378\" width=\"672\"><source media=\"(min-width: 1024px) and (max-width: 1279px)\" srcset=\"https:\/\/a57.foxnews.com\/static.foxnews.com\/foxnews.com\/content\/uploads\/2024\/12\/931\/523\/trump-trudeau.jpg?ve=1&amp;tl=1, https:\/\/a57.foxnews.com\/static.foxnews.com\/foxnews.com\/content\/uploads\/2024\/12\/1862\/1046\/trump-trudeau.jpg?ve=1&amp;tl=1 2x\" height=\"523\" width=\"931\"><source media=\"(min-width: 1280px)\" srcset=\"https:\/\/a57.foxnews.com\/static.foxnews.com\/foxnews.com\/content\/uploads\/2024\/12\/720\/405\/trump-trudeau.jpg?ve=1&amp;tl=1, https:\/\/a57.foxnews.com\/static.foxnews.com\/foxnews.com\/content\/uploads\/2024\/12\/1440\/810\/trump-trudeau.jpg?ve=1&amp;tl=1 2x\" height=\"405\" width=\"720\"><img loading=\"lazy\" decoding=\"async\" src=\"https:\/\/a57.foxnews.com\/static.foxnews.com\/foxnews.com\/content\/uploads\/2024\/12\/1200\/675\/trump-trudeau.jpg?ve=1&amp;tl=1\" alt=\"El presidente estadounidense Donald Trump y el primer ministro canadiense Justin Trudeau\" width=\"1200\" height=\"675\"\/><\/source><\/source><\/source><\/source><\/picture><\/div>\n<div class=\"info\">\n<div class=\"caption\">\n<p><span>El presidente Trump, izquierda, y el primer ministro canadiense Justin Trudeau conversan antes de una mesa redonda de la OTAN en 2019.<\/span> <span>(Foto AP\/Frank Augstein, archivo)<\/span><\/p>\n<\/div>\n<\/div>\n<\/div>\n<p>\u00ab\u00a1\u00a1\u00a1Juntos, qu\u00e9 gran Naci\u00f3n ser\u00eda!!!\u00bb Trump exclam\u00f3 en su publicaci\u00f3n en las redes sociales.<\/p>\n<p>En las \u00faltimas semanas, Trump ha trolleado a Canad\u00e1 al reflexionar sobre su conversi\u00f3n en el estado n\u00famero 51, al tiempo que publica una fotograf\u00eda manipulada del presidente electo parado en la cima de una monta\u00f1a, junto a una bandera canadiense.<\/p>\n<p>Trump tambi\u00e9n se burl\u00f3 de Trudeau, refiri\u00e9ndose repetidamente a \u00e9l como \u00abgobernador\u00bb y amenaz\u00f3 con imponer aranceles masivos a Canad\u00e1, lo que probablemente influy\u00f3 en el anuncio de Trudeau de su renuncia al cargo el lunes.<\/p>\n<p><strong>LO QUE TRUMP DICE SOBRE QUE CANAD\u00c1 SE CONVIERTE EN EL ESTADO 51<\/strong><\/p>\n<div class=\"image-ct inline\">\n<div class=\"m\"><picture><source media=\"(max-width: 767px)\" srcset=\"https:\/\/a57.foxnews.com\/static.foxnews.com\/foxnews.com\/content\/uploads\/2024\/12\/343\/192\/trudeau-trump-mar-a-lago.jpg?ve=1&amp;tl=1, https:\/\/a57.foxnews.com\/static.foxnews.com\/foxnews.com\/content\/uploads\/2024\/12\/686\/384\/trudeau-trump-mar-a-lago.jpg?ve=1&amp;tl=1 2x\" height=\"192\" width=\"343\"><source media=\"(min-width: 768px) and (max-width: 1023px)\" srcset=\"https:\/\/a57.foxnews.com\/static.foxnews.com\/foxnews.com\/content\/uploads\/2024\/12\/672\/378\/trudeau-trump-mar-a-lago.jpg?ve=1&amp;tl=1, https:\/\/a57.foxnews.com\/static.foxnews.com\/foxnews.com\/content\/uploads\/2024\/12\/1344\/756\/trudeau-trump-mar-a-lago.jpg?ve=1&amp;tl=1 2x\" height=\"378\" width=\"672\"><source media=\"(min-width: 1024px) and (max-width: 1279px)\" srcset=\"https:\/\/a57.foxnews.com\/static.foxnews.com\/foxnews.com\/content\/uploads\/2024\/12\/931\/523\/trudeau-trump-mar-a-lago.jpg?ve=1&amp;tl=1, https:\/\/a57.foxnews.com\/static.foxnews.com\/foxnews.com\/content\/uploads\/2024\/12\/1862\/1046\/trudeau-trump-mar-a-lago.jpg?ve=1&amp;tl=1 2x\" height=\"523\" width=\"931\"><source media=\"(min-width: 1280px)\" srcset=\"https:\/\/a57.foxnews.com\/static.foxnews.com\/foxnews.com\/content\/uploads\/2024\/12\/720\/405\/trudeau-trump-mar-a-lago.jpg?ve=1&amp;tl=1, https:\/\/a57.foxnews.com\/static.foxnews.com\/foxnews.com\/content\/uploads\/2024\/12\/1440\/810\/trudeau-trump-mar-a-lago.jpg?ve=1&amp;tl=1 2x\" height=\"405\" width=\"720\"><img loading=\"lazy\" decoding=\"async\" src=\"https:\/\/a57.foxnews.com\/static.foxnews.com\/foxnews.com\/content\/uploads\/2024\/12\/1200\/675\/trudeau-trump-mar-a-lago.jpg?ve=1&amp;tl=1\" alt=\"trudeau-trump-mar-a-lago\" width=\"1200\" height=\"675\"\/><\/source><\/source><\/source><\/source><\/picture><\/div>\n<div class=\"info\">\n<div class=\"caption\">\n<p><span>El primer ministro canadiense, Justin Trudeau, se reuni\u00f3 con el presidente electo Trump en Mar-a-Lago, Florida, el 29 de noviembre. <\/span> <span>(Justin Trudeau X)<\/span><\/p>\n<\/div>\n<\/div>\n<\/div>\n<p><u>Trudeau<\/u> anunci\u00f3 que tiene la intenci\u00f3n de dimitir como l\u00edder del partido y primer ministro despu\u00e9s de que la presi\u00f3n dentro de su propio Partido Liberal creciera cada vez m\u00e1s en medio de cr\u00edticas intensificadas por su manejo de la econom\u00eda y las amenazas de Trump. Dijo que dimitir\u00e1 una vez que el partido seleccione un nuevo l\u00edder. <\/p>\n<p>Trudeau, que dirigi\u00f3 la naci\u00f3n durante casi una d\u00e9cada, ha estado lidiando durante meses con <u>ca\u00eddas significativas en sus \u00edndices de aprobaci\u00f3n<\/u> por la creciente frustraci\u00f3n relacionada con cuestiones como el creciente costo de la vida y la creciente inflaci\u00f3n. <\/p>\n<p><strong><u>HAGA CLIC AQU\u00cd PARA OBTENER LA APLICACI\u00d3N FOX NEWS<\/u><\/strong><\/p>\n<p>La renuncia de Trudeau significa que el Partido Liberal puede nombrar un primer ministro interino para dirigir el pa\u00eds hasta las elecciones del pr\u00f3ximo oto\u00f1o, lo que les brinda potencialmente una oportunidad de luchar para recuperar un apoyo renovado al Partido Liberal. <\/p>\n<p>Adem\u00e1s de su obsesi\u00f3n por Canad\u00e1, Trump tambi\u00e9n ha pedido a Dinamarca que venda Groenlandia a EE.UU.<\/p>\n<p><i>Paul Steinhauser, Caitlin McFall y Danielle Wallace de Fox News Digital contribuyeron a este informe.<\/i><\/p>\n<p> <!----> <\/p>\n<div class=\"article-meta\">\n<div class=\"author-bio\">\n<p>Greg Wehner es reportero de noticias de \u00faltima hora de Fox News Digital.<\/p>\n<p>Se pueden enviar sugerencias e ideas para historias a Greg.Wehner@Fox.com y en Twitter @GregWehner.<\/p>\n<\/div>\n<\/div><\/div>\n\n","protected":false},"excerpt":{"rendered":"<p>El primer ministro canadiense, Justin Trudeau, dijo el martes que no hay una \u00abposibilidad de bola de nieve en el infierno\u00bb de que su pa\u00eds se convierta en parte de Estados Unidos, mientras el presidente electo Trump contin\u00faa presionando para convertir al vecino del norte en el estado n\u00famero 51 de Estados Unidos. \u00abNo existe &hellip;<\/p>\n","protected":false},"author":1,"featured_media":9502,"comment_status":"open","ping_status":"open","sticky":false,"template":"","format":"standard","meta":{"fifu_image_url":"https:\/\/static.foxnews.com\/foxnews.com\/content\/uploads\/2024\/12\/trump-trudeau.jpg","fifu_image_alt":"","footnotes":""},"categories":[13],"tags":[],"class_list":["post-9500","post","type-post","status-publish","format-standard","has-post-thumbnail","","category-mundo"],"_links":{"self":[{"href":"https:\/\/noticiasveraces.com\/index.php?rest_route=\/wp\/v2\/posts\/9500","targetHints":{"allow":["GET"]}}],"collection":[{"href":"https:\/\/noticiasveraces.com\/index.php?rest_route=\/wp\/v2\/posts"}],"about":[{"href":"https:\/\/noticiasveraces.com\/index.php?rest_route=\/wp\/v2\/types\/post"}],"author":[{"embeddable":true,"href":"https:\/\/noticiasveraces.com\/index.php?rest_route=\/wp\/v2\/users\/1"}],"replies":[{"embeddable":true,"href":"https:\/\/noticiasveraces.com\/index.php?rest_route=%2Fwp%2Fv2%2Fcomments&post=9500"}],"version-history":[{"count":0,"href":"https:\/\/noticiasveraces.com\/index.php?rest_route=\/wp\/v2\/posts\/9500\/revisions"}],"wp:featuredmedia":[{"embeddable":true,"href":"https:\/\/noticiasveraces.com\/index.php?rest_route=\/wp\/v2\/media\/9502"}],"wp:attachment":[{"href":"https:\/\/noticiasveraces.com\/index.php?rest_route=%2Fwp%2Fv2%2Fmedia&parent=9500"}],"wp:term":[{"taxonomy":"category","embeddable":true,"href":"https:\/\/noticiasveraces.com\/index.php?rest_route=%2Fwp%2Fv2%2Fcategories&post=9500"},{"taxonomy":"post_tag","embeddable":true,"href":"https:\/\/noticiasveraces.com\/index.php?rest_route=%2Fwp%2Fv2%2Ftags&post=9500"}],"curies":[{"name":"wp","href":"https:\/\/api.w.org\/{rel}","templated":true}]}}