{"id":9472,"date":"2025-01-07T15:15:45","date_gmt":"2025-01-07T19:15:45","guid":{"rendered":"https:\/\/noticiasveraces.com\/?p=9472"},"modified":"2025-01-07T15:15:45","modified_gmt":"2025-01-07T19:15:45","slug":"el-programa-nuclear-de-iran-se-esta-acercando-a-un-punto-sin-retorno-dice-macron","status":"publish","type":"post","link":"https:\/\/noticiasveraces.com\/?p=9472","title":{"rendered":"El programa nuclear de Ir\u00e1n se est\u00e1 acercando a \u00abun punto sin retorno\u00bb, dice Macron"},"content":{"rendered":"<p> \n<\/p>\n<div>\n<p class=\"speakable\">El programa nuclear de Ir\u00e1n se acerca al \u00abpunto sin retorno\u00bb, advierte ahora el presidente franc\u00e9s, Emmanuel Macron. <\/p>\n<p class=\"speakable\">Ir\u00e1n es el principal \u00abdesaf\u00edo estrat\u00e9gico y de seguridad\u00bb para Francia y Europa este a\u00f1o, dijo Macron esta semana durante una conferencia anual de pol\u00edtica exterior con embajadores franceses, seg\u00fan Reuters. <\/p>\n<p>\u00abLa aceleraci\u00f3n del programa nuclear nos lleva casi a un punto sin retorno\u00bb, afirm\u00f3 el l\u00edder franc\u00e9s. <\/p>\n<p>\u00abEn los pr\u00f3ximos meses tendremos que preguntarnos si debemos utilizar&#8230; el mecanismo para restablecer las sanciones\u00bb, a\u00f1adi\u00f3 Macron. <\/p>\n<p><strong>BIDEN, JAKE SULLIVAN DISCUTI\u00d3 LA POSIBILIDAD DE GOLPEAR EL PROGRAMA NUCLEAR DE IR\u00c1N: INFORME<\/strong><strong> <\/strong><\/p>\n<div class=\"image-ct inline\">\n<div class=\"m\"><picture><source media=\"(max-width: 767px)\" srcset=\"https:\/\/a57.foxnews.com\/static.foxnews.com\/foxnews.com\/content\/uploads\/2025\/01\/343\/192\/khamenei-macron.png?ve=1&amp;tl=1, https:\/\/a57.foxnews.com\/static.foxnews.com\/foxnews.com\/content\/uploads\/2025\/01\/686\/384\/khamenei-macron.png?ve=1&amp;tl=1 2x\" height=\"192\" width=\"343\"><source media=\"(min-width: 768px) and (max-width: 1023px)\" srcset=\"https:\/\/a57.foxnews.com\/static.foxnews.com\/foxnews.com\/content\/uploads\/2025\/01\/672\/378\/khamenei-macron.png?ve=1&amp;tl=1, https:\/\/a57.foxnews.com\/static.foxnews.com\/foxnews.com\/content\/uploads\/2025\/01\/1344\/756\/khamenei-macron.png?ve=1&amp;tl=1 2x\" height=\"378\" width=\"672\"><source media=\"(min-width: 1024px) and (max-width: 1279px)\" srcset=\"https:\/\/a57.foxnews.com\/static.foxnews.com\/foxnews.com\/content\/uploads\/2025\/01\/931\/523\/khamenei-macron.png?ve=1&amp;tl=1, https:\/\/a57.foxnews.com\/static.foxnews.com\/foxnews.com\/content\/uploads\/2025\/01\/1862\/1046\/khamenei-macron.png?ve=1&amp;tl=1 2x\" height=\"523\" width=\"931\"><source media=\"(min-width: 1280px)\" srcset=\"https:\/\/a57.foxnews.com\/static.foxnews.com\/foxnews.com\/content\/uploads\/2025\/01\/720\/405\/khamenei-macron.png?ve=1&amp;tl=1, https:\/\/a57.foxnews.com\/static.foxnews.com\/foxnews.com\/content\/uploads\/2025\/01\/1440\/810\/khamenei-macron.png?ve=1&amp;tl=1 2x\" height=\"405\" width=\"720\"><img loading=\"lazy\" decoding=\"async\" src=\"https:\/\/a57.foxnews.com\/static.foxnews.com\/foxnews.com\/content\/uploads\/2025\/01\/1200\/675\/khamenei-macron.png?ve=1&amp;tl=1\" alt=\"Jamenei y Macron\" width=\"1200\" height=\"675\"\/><\/source><\/source><\/source><\/source><\/picture><\/div>\n<div class=\"info\">\n<div class=\"caption\">\n<p><span>El l\u00edder supremo, el ayatol\u00e1 Ali Jamenei, izquierda, y el presidente franc\u00e9s, Emmanuel Macron.<\/span> <span>(Oficina del L\u00edder Supremo iran\u00ed\/Aurelien Morissard\/Reuters)<\/span><\/p>\n<\/div>\n<\/div>\n<\/div>\n<p>Los comentarios se producen despu\u00e9s de que el director general de la Agencia Internacional de Energ\u00eda At\u00f3mica, Rafael Grossi, dijera a Reuters en diciembre que Ir\u00e1n est\u00e1 enriqueciendo uranio cerca del nivel del 90% requerido para su grado armament\u00edstico. <\/p>\n<p>Seg\u00fan Reuters, los diplom\u00e1ticos franceses, alemanes y brit\u00e1nicos se reunir\u00e1n con sus hom\u00f3logos iran\u00edes el 13 de enero en un esfuerzo por calmar las tensiones. <\/p>\n<p>Ir\u00e1n ha argumentado que su programa nuclear tiene fines pac\u00edficos. <\/p>\n<p><strong>IR\u00c1N EJECUTA A M\u00c1S DE 1.000 PRISIONEROS EN 2024, EL TOTAL M\u00c1S ALTO EN 30 A\u00d1OS, DICE UN INFORME<\/strong><strong> <\/strong><\/p>\n<div class=\"image-ct inline\">\n<div class=\"m\"><picture><source media=\"(max-width: 767px)\" srcset=\"https:\/\/a57.foxnews.com\/static.foxnews.com\/foxnews.com\/content\/uploads\/2024\/12\/343\/192\/iran-rocket-2.jpg?ve=1&amp;tl=1, https:\/\/a57.foxnews.com\/static.foxnews.com\/foxnews.com\/content\/uploads\/2024\/12\/686\/384\/iran-rocket-2.jpg?ve=1&amp;tl=1 2x\" height=\"192\" width=\"343\"><source media=\"(min-width: 768px) and (max-width: 1023px)\" srcset=\"https:\/\/a57.foxnews.com\/static.foxnews.com\/foxnews.com\/content\/uploads\/2024\/12\/672\/378\/iran-rocket-2.jpg?ve=1&amp;tl=1, https:\/\/a57.foxnews.com\/static.foxnews.com\/foxnews.com\/content\/uploads\/2024\/12\/1344\/756\/iran-rocket-2.jpg?ve=1&amp;tl=1 2x\" height=\"378\" width=\"672\"><source media=\"(min-width: 1024px) and (max-width: 1279px)\" srcset=\"https:\/\/a57.foxnews.com\/static.foxnews.com\/foxnews.com\/content\/uploads\/2024\/12\/931\/523\/iran-rocket-2.jpg?ve=1&amp;tl=1, https:\/\/a57.foxnews.com\/static.foxnews.com\/foxnews.com\/content\/uploads\/2024\/12\/1862\/1046\/iran-rocket-2.jpg?ve=1&amp;tl=1 2x\" height=\"523\" width=\"931\"><source media=\"(min-width: 1280px)\" srcset=\"https:\/\/a57.foxnews.com\/static.foxnews.com\/foxnews.com\/content\/uploads\/2024\/12\/720\/405\/iran-rocket-2.jpg?ve=1&amp;tl=1, https:\/\/a57.foxnews.com\/static.foxnews.com\/foxnews.com\/content\/uploads\/2024\/12\/1440\/810\/iran-rocket-2.jpg?ve=1&amp;tl=1 2x\" height=\"405\" width=\"720\"><img loading=\"lazy\" decoding=\"async\" src=\"https:\/\/a57.foxnews.com\/static.foxnews.com\/foxnews.com\/content\/uploads\/2024\/12\/1200\/675\/iran-rocket-2.jpg?ve=1&amp;tl=1\" alt=\"Ir\u00e1n nuclear\" width=\"1200\" height=\"675\"\/><\/source><\/source><\/source><\/source><\/picture><\/div>\n<div class=\"info\">\n<div class=\"caption\">\n<p><span>Esta fotograf\u00eda publicada en noviembre de 2019 por la Organizaci\u00f3n de Energ\u00eda At\u00f3mica de Ir\u00e1n muestra m\u00e1quinas centr\u00edfugas en la instalaci\u00f3n de enriquecimiento de uranio de Natanz, en el centro de Ir\u00e1n. <\/span> <span>(Organizaci\u00f3n de Energ\u00eda At\u00f3mica de Ir\u00e1n v\u00eda AP, Archivo)<\/span><\/p>\n<\/div>\n<\/div>\n<\/div>\n<p>Axios inform\u00f3 recientemente que en una reuni\u00f3n de alto nivel con el Asesor de Seguridad Nacional Jake Sullivan hace aproximadamente un mes, al presidente Biden se le present\u00f3 una serie de opciones de ataque en caso de que Ir\u00e1n tomara medidas para desarrollar un arma nuclear.<\/p>\n<p>Biden ha prometido no permitir que Ir\u00e1n desarrolle un arma nuclear bajo su mandato, pero a\u00fan no est\u00e1 claro qu\u00e9 medidas tendr\u00eda que tomar Ir\u00e1n para que la administraci\u00f3n Biden responda con ataques directos, dado que ya se ha informado que Teher\u00e1n ha almacenado casi uranio apto para armas y reforzar sus capacidades de armamento.<\/p>\n<p>Seg\u00fan se informa, al presidente se le present\u00f3 una serie de escenarios y opciones de respuesta durante la reuni\u00f3n, aunque las fuentes dijeron al medio que Biden no ha tomado ninguna decisi\u00f3n final con respecto a la informaci\u00f3n que se le proporcion\u00f3.  <\/p>\n<div class=\"image-ct inline\">\n<div class=\"m\"><picture><source media=\"(max-width: 767px)\" srcset=\"https:\/\/a57.foxnews.com\/static.foxnews.com\/foxnews.com\/content\/uploads\/2025\/01\/343\/192\/macron-ambassadors.jpg?ve=1&amp;tl=1, https:\/\/a57.foxnews.com\/static.foxnews.com\/foxnews.com\/content\/uploads\/2025\/01\/686\/384\/macron-ambassadors.jpg?ve=1&amp;tl=1 2x\" height=\"192\" width=\"343\"><source media=\"(min-width: 768px) and (max-width: 1023px)\" srcset=\"https:\/\/a57.foxnews.com\/static.foxnews.com\/foxnews.com\/content\/uploads\/2025\/01\/672\/378\/macron-ambassadors.jpg?ve=1&amp;tl=1, https:\/\/a57.foxnews.com\/static.foxnews.com\/foxnews.com\/content\/uploads\/2025\/01\/1344\/756\/macron-ambassadors.jpg?ve=1&amp;tl=1 2x\" height=\"378\" width=\"672\"><source media=\"(min-width: 1024px) and (max-width: 1279px)\" srcset=\"https:\/\/a57.foxnews.com\/static.foxnews.com\/foxnews.com\/content\/uploads\/2025\/01\/931\/523\/macron-ambassadors.jpg?ve=1&amp;tl=1, https:\/\/a57.foxnews.com\/static.foxnews.com\/foxnews.com\/content\/uploads\/2025\/01\/1862\/1046\/macron-ambassadors.jpg?ve=1&amp;tl=1 2x\" height=\"523\" width=\"931\"><source media=\"(min-width: 1280px)\" srcset=\"https:\/\/a57.foxnews.com\/static.foxnews.com\/foxnews.com\/content\/uploads\/2025\/01\/720\/405\/macron-ambassadors.jpg?ve=1&amp;tl=1, https:\/\/a57.foxnews.com\/static.foxnews.com\/foxnews.com\/content\/uploads\/2025\/01\/1440\/810\/macron-ambassadors.jpg?ve=1&amp;tl=1 2x\" height=\"405\" width=\"720\"><img loading=\"lazy\" decoding=\"async\" src=\"https:\/\/a57.foxnews.com\/static.foxnews.com\/foxnews.com\/content\/uploads\/2025\/01\/1200\/675\/macron-ambassadors.jpg?ve=1&amp;tl=1\" alt=\"Macron se dirige a los embajadores\" width=\"1200\" height=\"675\"\/><\/source><\/source><\/source><\/source><\/picture><\/div>\n<div class=\"info\">\n<div class=\"caption\">\n<p><span>El presidente franc\u00e9s, Emmanuel Macron, pronuncia su discurso ante los embajadores franceses destacados en todo el mundo el lunes 6 de enero en el Palacio del El\u00edseo en Par\u00eds.      <\/span> <span>(Aurelien Morissard\/Reuters)<\/span><\/p>\n<\/div>\n<\/div>\n<\/div>\n<p><strong>HAGA CLIC AQU\u00cd PARA OBTENER LA APLICACI\u00d3N FOX NEWS<\/strong><strong> <\/strong><\/p>\n<p>Seg\u00fan se informa, otra fuente le dijo a Axios que actualmente no hay discusiones activas sobre un ataque militar al programa de Ir\u00e1n.<\/p>\n<p><i>Caitlin McFall de Fox News contribuy\u00f3 a este informe. <\/i><\/p>\n<p> <!----> <\/p>\n<div class=\"article-meta\">\n<div class=\"author-bio\">\n<p>Greg Norman es reportero de Fox News Digital.<\/p>\n<\/div>\n<\/div><\/div>\n\n","protected":false},"excerpt":{"rendered":"<p>El programa nuclear de Ir\u00e1n se acerca al \u00abpunto sin retorno\u00bb, advierte ahora el presidente franc\u00e9s, Emmanuel Macron. Ir\u00e1n es el principal \u00abdesaf\u00edo estrat\u00e9gico y de seguridad\u00bb para Francia y Europa este a\u00f1o, dijo Macron esta semana durante una conferencia anual de pol\u00edtica exterior con embajadores franceses, seg\u00fan Reuters. \u00abLa aceleraci\u00f3n del programa nuclear nos &hellip;<\/p>\n","protected":false},"author":1,"featured_media":9474,"comment_status":"open","ping_status":"open","sticky":false,"template":"","format":"standard","meta":{"fifu_image_url":"https:\/\/static.foxnews.com\/foxnews.com\/content\/uploads\/2025\/01\/khamenei-macron.png","fifu_image_alt":"","footnotes":""},"categories":[13],"tags":[],"class_list":["post-9472","post","type-post","status-publish","format-standard","has-post-thumbnail","","category-mundo"],"_links":{"self":[{"href":"https:\/\/noticiasveraces.com\/index.php?rest_route=\/wp\/v2\/posts\/9472","targetHints":{"allow":["GET"]}}],"collection":[{"href":"https:\/\/noticiasveraces.com\/index.php?rest_route=\/wp\/v2\/posts"}],"about":[{"href":"https:\/\/noticiasveraces.com\/index.php?rest_route=\/wp\/v2\/types\/post"}],"author":[{"embeddable":true,"href":"https:\/\/noticiasveraces.com\/index.php?rest_route=\/wp\/v2\/users\/1"}],"replies":[{"embeddable":true,"href":"https:\/\/noticiasveraces.com\/index.php?rest_route=%2Fwp%2Fv2%2Fcomments&post=9472"}],"version-history":[{"count":0,"href":"https:\/\/noticiasveraces.com\/index.php?rest_route=\/wp\/v2\/posts\/9472\/revisions"}],"wp:featuredmedia":[{"embeddable":true,"href":"https:\/\/noticiasveraces.com\/index.php?rest_route=\/wp\/v2\/media\/9474"}],"wp:attachment":[{"href":"https:\/\/noticiasveraces.com\/index.php?rest_route=%2Fwp%2Fv2%2Fmedia&parent=9472"}],"wp:term":[{"taxonomy":"category","embeddable":true,"href":"https:\/\/noticiasveraces.com\/index.php?rest_route=%2Fwp%2Fv2%2Fcategories&post=9472"},{"taxonomy":"post_tag","embeddable":true,"href":"https:\/\/noticiasveraces.com\/index.php?rest_route=%2Fwp%2Fv2%2Ftags&post=9472"}],"curies":[{"name":"wp","href":"https:\/\/api.w.org\/{rel}","templated":true}]}}