{"id":9469,"date":"2025-01-07T14:45:10","date_gmt":"2025-01-07T18:45:10","guid":{"rendered":"https:\/\/noticiasveraces.com\/?p=9469"},"modified":"2025-01-07T14:45:10","modified_gmt":"2025-01-07T18:45:10","slug":"si-yo-estuviera-en-otro-club-quizas-pensaria-que-si-lo-mejor-seria-estar-aqui","status":"publish","type":"post","link":"https:\/\/noticiasveraces.com\/?p=9469","title":{"rendered":"\u00abSi yo estuviera en otro club, quiz\u00e1s pensar\u00eda que si lo mejor ser\u00eda estar aqu\u00ed\u00bb"},"content":{"rendered":"<p> \n<\/p>\n<div id=\"intext\">\n<p>El delantero y capit\u00e1n del Barcelona, <b>rafina<\/b>ha atendido a los medios de comunicaci\u00f3n en la rueda de prensa previa al choque contra el Athletic de la Supercopa de Espa\u00f1a. El brasile\u00f1o ha analizado toda la actualidad del conjunto azulgrana, desde la situaci\u00f3n que viven sus compa\u00f1eros Dani Olmo y Pau V\u00edctor hasta el bache de resultados que vive el equipo de Hansi Flick.<\/p>\n<p>Raphinha ha comentado que el mensaje que transmite el club sobre la situaci\u00f3n de <b>Olmo y Pau V\u00edctor<\/b> es <b>\u00abbastante positivo\u00bb<\/b>\u00bb y que desde el club se encuentran trabajando para que \u00ablas cosas se resuelvan lo antes posible\u00bb. Asimismo, el delantero brasile\u00f1o ha lanzado una confesi\u00f3n personal sobre c\u00f3mo vive \u00e9l las no inscripciones de sus dos compa\u00f1eros y la manera en la que le podr\u00eda afectar al club en un futuro \u00abS\u00ed, no te puedo decir que no. Estar\u00eda mintiendo ya m\u00ed no me gusta mentir. Si yo estuviera en otro club y estuviera viviendo la situaci\u00f3n de Pau y Dani, <b>Quiz\u00e1s pensar\u00eda si lo mejor ser\u00eda estar aqu\u00ed.<\/b>\u00ab, ha comentado el capit\u00e1n azulgrana.<\/p>\n<h2 class=\"title-h2\">Raphinha, optimista con las inscripciones<\/h2>\n<p>El extremo ha expresado su optimismo en rueda de prensa aunque no ha negado que se trata de una situaci\u00f3n econ\u00f3mica compleja. \u00abLa verdad es que es una <b>situaci\u00f3n complicada<\/b>. Solo quien est\u00e1 en esta situaci\u00f3n te puede decir lo que siente o puede decidir sobre su futuro. Es una situaci\u00f3n en la que hay que esperar a ver lo que va a pasar. El club nos dice que est\u00e1n bastante positivos para que las cosas se van a resolver lo m\u00e1s r\u00e1pido posible, pero esta situaci\u00f3n es complicada para Dani y Pau. <b>Es bastante dif\u00edcil lidiar<\/b>\u00ab, admiti\u00f3 el futbolista.<\/p>\n<p>En cuanto al baj\u00f3n de resultados que viven los cul\u00e9s ha se\u00f1alado que \u00ab<b>es complicado decir un porqu\u00e9<\/b>\u00bb y que en un deporte como el f\u00fatbol \u00abhay bajos y nosotros bajamos el nivel a final de a\u00f1o. Pero hemos vuelto a hacer buenos partidos y queremos seguir en esa din\u00e1mica\u00bb.<\/p>\n<h2 class=\"title-h2\">Flick &#8216;echa de menos&#8217; a Olmo<\/h2>\n<p>Tambi\u00e9n ha comparado en rueda de prensa el entrenador del FC Barcelona <b>Hansi Flick<\/b> y ha hablado sobre el futuro inmediato de Olmo y Pau V\u00edctor despu\u00e9s de las declaraciones de Raphinha. \u00abDani Olmo es un jugador excelente, <b>claro que le echamos de menos<\/b>\u00ab, ha se\u00f1alado el m\u00edster alem\u00e1n, a lo que ha a\u00f1adido que \u00abclaro que nos va a afectar\u00bb la no presencia del espa\u00f1ol pero que esa situaci\u00f3n les \u00abdar\u00e1 la oportunidad de ser m\u00e1s cercanos como equipo. Tenemos que ense\u00f1ar que <b>somos un equipo<\/b>\u00ab.<\/p>\n<p>El alem\u00e1n, entre risas, no ha querido desvelar si ma\u00f1ana. <b>Lamina Yamal<\/b> Ser\u00e1 parte del once inicial o esperar\u00e1 su oportunidad desde el banquillo. \u00abEst\u00e1 listo, puede jugar ma\u00f1ana. \u00bfNico? No lo sab\u00eda, muchas gracias por la informaci\u00f3n. Ellos tienen un equipo grand\u00edsimo, no depende s\u00f3lo de un jugador\u00bb, ha comentado Flick.<\/p>\n<p><i>S\u00edguenos en nuestro canal de WhatsApp y no te pierdas la \u00faltima hora y toda la actualidad de antena3noticias.com<\/i><\/p>\n<div class=\"recirculation-video\" data-mod=\"a3mod_recirculation_video\">\n<div class=\"recirculation-video-wrapper\">\n<div>\n<div class=\"video-wrapper\">\n  <picture class=\"video-main-picture\"><source media=\"(min-width: 481px)\" srcset=\"https:\/\/fotografias.antena3.com\/clipping\/cmsimages01\/2025\/01\/03\/2A0FCCDC-F14F-47BA-9BE8-50B4D87C660F\/caesars-superdome-sugar-bowl_94.jpg?crop=6000,3375,x0,y267&amp;width=800&amp;height=450&amp;optimize=medium&amp;format=webply\" width=\"800\" height=\"450\"><source media=\"(min-width: 391px) and (max-width: 480px)\" srcset=\"https:\/\/fotografias.antena3.com\/clipping\/cmsimages01\/2025\/01\/03\/2A0FCCDC-F14F-47BA-9BE8-50B4D87C660F\/caesars-superdome-sugar-bowl_70.jpg?crop=6000,3375,x0,y267&amp;width=480&amp;height=270&amp;optimize=high&amp;format=webply\" width=\"480\" height=\"270\"><source media=\"(min-width: 321px) and (max-width: 390px)\" srcset=\"https:\/\/fotografias.antena3.com\/clipping\/cmsimages01\/2025\/01\/03\/2A0FCCDC-F14F-47BA-9BE8-50B4D87C660F\/caesars-superdome-sugar-bowl_92.jpg?crop=6000,3369,x0,y269&amp;width=390&amp;height=219&amp;optimize=high&amp;format=webply\" width=\"390\" height=\"219\"><source media=\"(max-width: 320px)\" srcset=\"https:\/\/fotografias.antena3.com\/clipping\/cmsimages01\/2025\/01\/03\/2A0FCCDC-F14F-47BA-9BE8-50B4D87C660F\/caesars-superdome-sugar-bowl_52.jpg?crop=6000,3375,x0,y267&amp;width=320&amp;height=180&amp;optimize=high&amp;format=webply\" width=\"320\" height=\"180\"><img decoding=\"async\" title=\"El Caesars Superdome durante la Sugar Bowl\" alt=\"El Caesars Superdome durante la Sugar Bowl\" width=\"480\" height=\"270\" src=\"https:\/\/fotografias.antena3.com\/clipping\/cmsimages01\/2025\/01\/03\/2A0FCCDC-F14F-47BA-9BE8-50B4D87C660F\/caesars-superdome-sugar-bowl_70.jpg?crop=6000,3375,x0,y267&amp;width=480&amp;height=270&amp;optimize=high&amp;format=webply\" loading=\"lazy\" class=\"lazy\"\/><br \/>\n  <\/source><\/source><\/source><\/source><\/picture>\n <\/div>\n<\/div><\/div>\n<\/p><\/div>\n<\/div>\n\n","protected":false},"excerpt":{"rendered":"<p>El delantero y capit\u00e1n del Barcelona, rafinaha atendido a los medios de comunicaci\u00f3n en la rueda de prensa previa al choque contra el Athletic de la Supercopa de Espa\u00f1a. El brasile\u00f1o ha analizado toda la actualidad del conjunto azulgrana, desde la situaci\u00f3n que viven sus compa\u00f1eros Dani Olmo y Pau V\u00edctor hasta el bache de &hellip;<\/p>\n","protected":false},"author":1,"featured_media":9471,"comment_status":"open","ping_status":"open","sticky":false,"template":"","format":"standard","meta":{"fifu_image_url":"https:\/\/fotografias.antena3.com\/clipping\/cmsimages01\/2025\/01\/07\/6187C6FE-B116-4AE6-86F4-7FE8347A8E9E\/raphinha-rueda-prensa_69.jpg?crop=1920,1080,x0,y102&width=1280&height=720&optimize=low&format=jpg","fifu_image_alt":"","footnotes":""},"categories":[6],"tags":[],"class_list":["post-9469","post","type-post","status-publish","format-standard","has-post-thumbnail","","category-deportes"],"_links":{"self":[{"href":"https:\/\/noticiasveraces.com\/index.php?rest_route=\/wp\/v2\/posts\/9469","targetHints":{"allow":["GET"]}}],"collection":[{"href":"https:\/\/noticiasveraces.com\/index.php?rest_route=\/wp\/v2\/posts"}],"about":[{"href":"https:\/\/noticiasveraces.com\/index.php?rest_route=\/wp\/v2\/types\/post"}],"author":[{"embeddable":true,"href":"https:\/\/noticiasveraces.com\/index.php?rest_route=\/wp\/v2\/users\/1"}],"replies":[{"embeddable":true,"href":"https:\/\/noticiasveraces.com\/index.php?rest_route=%2Fwp%2Fv2%2Fcomments&post=9469"}],"version-history":[{"count":0,"href":"https:\/\/noticiasveraces.com\/index.php?rest_route=\/wp\/v2\/posts\/9469\/revisions"}],"wp:featuredmedia":[{"embeddable":true,"href":"https:\/\/noticiasveraces.com\/index.php?rest_route=\/wp\/v2\/media\/9471"}],"wp:attachment":[{"href":"https:\/\/noticiasveraces.com\/index.php?rest_route=%2Fwp%2Fv2%2Fmedia&parent=9469"}],"wp:term":[{"taxonomy":"category","embeddable":true,"href":"https:\/\/noticiasveraces.com\/index.php?rest_route=%2Fwp%2Fv2%2Fcategories&post=9469"},{"taxonomy":"post_tag","embeddable":true,"href":"https:\/\/noticiasveraces.com\/index.php?rest_route=%2Fwp%2Fv2%2Ftags&post=9469"}],"curies":[{"name":"wp","href":"https:\/\/api.w.org\/{rel}","templated":true}]}}