{"id":9458,"date":"2025-01-07T13:12:50","date_gmt":"2025-01-07T17:12:50","guid":{"rendered":"https:\/\/noticiasveraces.com\/?p=9458"},"modified":"2025-01-07T13:12:50","modified_gmt":"2025-01-07T17:12:50","slug":"quien-podria-reemplazar-a-trudeau-como-primer-ministro-canadiense-mientras-trump-amenaza-con-imponer-aranceles","status":"publish","type":"post","link":"https:\/\/noticiasveraces.com\/?p=9458","title":{"rendered":"\u00bfQui\u00e9n podr\u00eda reemplazar a Trudeau como primer ministro canadiense, mientras Trump amenaza con imponer aranceles?"},"content":{"rendered":"<p> \n<\/p>\n<div>\n<p class=\"speakable\">Justin Trudeau de Canad\u00e1 anunci\u00f3 su renuncia como primer ministro el lunes, mientras su Partido Liberal est\u00e1 en crisis en medio de cifras decrecientes en las encuestas y una elecci\u00f3n en el horizonte. <\/p>\n<p class=\"speakable\">Quien asuma el liderazgo del impopular partido gobernante se convertir\u00e1 en el pr\u00f3ximo primer ministro, y esa persona debe hacer frente al creciente costo de la vida, a una crisis migratoria y a una agresiva presi\u00f3n econ\u00f3mica por parte del presidente electo Trump, sin mencionar el desaf\u00edo del creciente Partido Conservador de Canad\u00e1 en los \u00faltimos a\u00f1os. pr\u00f3ximas elecciones, que se celebrar\u00e1n a m\u00e1s tardar en octubre. <\/p>\n<p>El pr\u00f3ximo l\u00edder del Partido Liberal ser\u00e1 elegido en un concurso de liderazgo nacional, seg\u00fan la Canadian Broadcasting Corporation. El presidente del partido, Sachit Mehra, dijo el lunes que convocar\u00eda una reuni\u00f3n \u00abque se celebrar\u00e1 esta semana para comenzar el proceso democr\u00e1tico a nivel nacional de selecci\u00f3n de un nuevo l\u00edder del partido\u00bb.<\/p>\n<p><strong>TRUMP REACCIONA A LA RENUNCIA DE TRUDEAU: &#8216;MUCHAS PERSONAS EN CANAD\u00c1 AMAN SER EL ESTADO 51&#8217;<\/strong><\/p>\n<p>Varios de los actuales ministros de Trudeau y ex figuras del Partido Liberal est\u00e1n en la lista para reemplazarlo. He aqu\u00ed un vistazo r\u00e1pido a los principales contendientes: <\/p>\n<h3>cristia freeland<\/h3>\n<div class=\"image-ct inline\">\n<div class=\"m\"><picture><source media=\"(max-width: 767px)\" srcset=\"https:\/\/a57.foxnews.com\/static.foxnews.com\/foxnews.com\/content\/uploads\/2024\/12\/343\/192\/ap24347008840016.jpg?ve=1&amp;tl=1, https:\/\/a57.foxnews.com\/static.foxnews.com\/foxnews.com\/content\/uploads\/2024\/12\/686\/384\/ap24347008840016.jpg?ve=1&amp;tl=1 2x\" height=\"192\" width=\"343\"><source media=\"(min-width: 768px) and (max-width: 1023px)\" srcset=\"https:\/\/a57.foxnews.com\/static.foxnews.com\/foxnews.com\/content\/uploads\/2024\/12\/672\/378\/ap24347008840016.jpg?ve=1&amp;tl=1, https:\/\/a57.foxnews.com\/static.foxnews.com\/foxnews.com\/content\/uploads\/2024\/12\/1344\/756\/ap24347008840016.jpg?ve=1&amp;tl=1 2x\" height=\"378\" width=\"672\"><source media=\"(min-width: 1024px) and (max-width: 1279px)\" srcset=\"https:\/\/a57.foxnews.com\/static.foxnews.com\/foxnews.com\/content\/uploads\/2024\/12\/931\/523\/ap24347008840016.jpg?ve=1&amp;tl=1, https:\/\/a57.foxnews.com\/static.foxnews.com\/foxnews.com\/content\/uploads\/2024\/12\/1862\/1046\/ap24347008840016.jpg?ve=1&amp;tl=1 2x\" height=\"523\" width=\"931\"><source media=\"(min-width: 1280px)\" srcset=\"https:\/\/a57.foxnews.com\/static.foxnews.com\/foxnews.com\/content\/uploads\/2024\/12\/720\/405\/ap24347008840016.jpg?ve=1&amp;tl=1, https:\/\/a57.foxnews.com\/static.foxnews.com\/foxnews.com\/content\/uploads\/2024\/12\/1440\/810\/ap24347008840016.jpg?ve=1&amp;tl=1 2x\" height=\"405\" width=\"720\"><img loading=\"lazy\" decoding=\"async\" src=\"https:\/\/a57.foxnews.com\/static.foxnews.com\/foxnews.com\/content\/uploads\/2024\/12\/1200\/675\/ap24347008840016.jpg?ve=1&amp;tl=1\" alt=\"cristia freeland\" width=\"1200\" height=\"675\"\/><\/source><\/source><\/source><\/source><\/picture><\/div>\n<div class=\"info\">\n<div class=\"caption\">\n<p><span>La Ministra de Finanzas y Viceprimera Ministra, Chrystia Freeland, pronuncia un discurso en la Colina del Parlamento en Ottawa, Ontario, el 11 de diciembre de 2024.<\/span> <span>(Spencer Colby\/The Canadian Press v\u00eda AP)<\/span><\/p>\n<\/div>\n<\/div>\n<\/div>\n<p>La ex ministra de Finanzas, Chrystia Freeland, anunci\u00f3 el fin de los 11 a\u00f1os de control del poder del partido por parte de Trudeau cuando ella, una de sus ministras m\u00e1s poderosas y leales, renunci\u00f3 al gabinete el mes pasado. <\/p>\n<p>Freeland, quien fue viceprimera ministra, dijo que se encontraba \u00aben desacuerdo\u00bb con Trudeau por sus pol\u00edticas econ\u00f3micas, incluida una exenci\u00f3n de impuestos sobre las ventas de dos meses y cheques de 250 d\u00f3lares canadienses (175 d\u00f3lares) a los canadienses. Llam\u00f3 a estos planes \u00abtrucos pol\u00edticos costosos\u00bb que Canad\u00e1 \u00abno podr\u00eda permitirse\u00bb ante la amenaza de Trump de imponer un amplio arancel del 25% a las importaciones canadienses.<\/p>\n<p>Como el ex-No. Como funcionaria n\u00famero 2, Freeland es una de las favoritas para asumir el liderazgo, pero tambi\u00e9n puede estar demasiado cerca de Trudeau y sus pol\u00edticas para liderar con \u00e9xito el Partido Liberal en las pr\u00f3ximas elecciones. Trump tampoco le agrada, quien la llam\u00f3 \u00abtotalmente t\u00f3xica\u00bb y \u00abnada propicia para hacer tratos\u00bb. <\/p>\n<p>Como ex periodista liberal canadiense que forma parte de la junta directiva del Foro Econ\u00f3mico Mundial, los antecedentes y la visi\u00f3n del mundo de Freeland parecer\u00edan chocar directamente con Trump y sus prioridades.<\/p>\n<h3>Marcos Carney<\/h3>\n<div class=\"image-ct inline\">\n<div class=\"m\"><picture><source media=\"(max-width: 767px)\" srcset=\"https:\/\/a57.foxnews.com\/static.foxnews.com\/foxnews.com\/content\/uploads\/2025\/01\/343\/192\/mark-carney.jpg?ve=1&amp;tl=1, https:\/\/a57.foxnews.com\/static.foxnews.com\/foxnews.com\/content\/uploads\/2025\/01\/686\/384\/mark-carney.jpg?ve=1&amp;tl=1 2x\" height=\"192\" width=\"343\"><source media=\"(min-width: 768px) and (max-width: 1023px)\" srcset=\"https:\/\/a57.foxnews.com\/static.foxnews.com\/foxnews.com\/content\/uploads\/2025\/01\/672\/378\/mark-carney.jpg?ve=1&amp;tl=1, https:\/\/a57.foxnews.com\/static.foxnews.com\/foxnews.com\/content\/uploads\/2025\/01\/1344\/756\/mark-carney.jpg?ve=1&amp;tl=1 2x\" height=\"378\" width=\"672\"><source media=\"(min-width: 1024px) and (max-width: 1279px)\" srcset=\"https:\/\/a57.foxnews.com\/static.foxnews.com\/foxnews.com\/content\/uploads\/2025\/01\/931\/523\/mark-carney.jpg?ve=1&amp;tl=1, https:\/\/a57.foxnews.com\/static.foxnews.com\/foxnews.com\/content\/uploads\/2025\/01\/1862\/1046\/mark-carney.jpg?ve=1&amp;tl=1 2x\" height=\"523\" width=\"931\"><source media=\"(min-width: 1280px)\" srcset=\"https:\/\/a57.foxnews.com\/static.foxnews.com\/foxnews.com\/content\/uploads\/2025\/01\/720\/405\/mark-carney.jpg?ve=1&amp;tl=1, https:\/\/a57.foxnews.com\/static.foxnews.com\/foxnews.com\/content\/uploads\/2025\/01\/1440\/810\/mark-carney.jpg?ve=1&amp;tl=1 2x\" height=\"405\" width=\"720\"><img loading=\"lazy\" decoding=\"async\" src=\"https:\/\/a57.foxnews.com\/static.foxnews.com\/foxnews.com\/content\/uploads\/2025\/01\/1200\/675\/mark-carney.jpg?ve=1&amp;tl=1\" alt=\"Marcos Carney\" width=\"1200\" height=\"675\"\/><\/source><\/source><\/source><\/source><\/picture><\/div>\n<div class=\"info\">\n<div class=\"caption\">\n<p><span>Mark Carney, quien se desempe\u00f1\u00f3 como gobernador del Banco de Canad\u00e1 y del Banco de Inglaterra, habla en la conferencia sobre Finanzas Sostenibles, el 28 de noviembre de 2024.<\/span> <span>(Adrian Wyld\/The Canadian Press v\u00eda AP, archivo)<\/span><\/p>\n<\/div>\n<\/div>\n<\/div>\n<p>Otro de los principales candidatos de los liberales (y, seg\u00fan el New York Times, el favorito de Trudeau) es Mark Carney, ex gobernador del Banco de Canad\u00e1. Carney ha estado en contacto con parlamentarios liberales antes de una apuesta por el liderazgo, inform\u00f3 el Toronto Star.<\/p>\n<p>Es un economista profundamente respetado y el primer extranjero en ocupar el cargo de gobernador del Banco de Inglaterra desde su fundaci\u00f3n en 1694. A Carney se le atribuye ampliamente haber ayudado a Canad\u00e1 a recuperarse r\u00e1pidamente de la crisis financiera mundial de 2008 y haber ayudado al Reino Unido a gestionar el Brexit.<\/p>\n<p>Sin embargo, nunca ocup\u00f3 un cargo electo y los cr\u00edticos conservadores ya han comenzado a definirlo como un clon de Trudeau.<\/p>\n<p><strong>LA RENUNCIA DE JUSTIN TRUDEAU SE ENCONTR\u00d3 CON UNA REACCI\u00d3N ALEGRADA DE LOS CONSERVADORES EN L\u00cdNEA: &#8216;\u00a1LA GANANCIA CONTIN\u00daA!&#8217;<\/strong><\/p>\n<h3>Dominic LeBlanc<\/h3>\n<div class=\"image-ct inline\">\n<div class=\"m\"><picture><source media=\"(max-width: 767px)\" srcset=\"https:\/\/a57.foxnews.com\/static.foxnews.com\/foxnews.com\/content\/uploads\/2025\/01\/343\/192\/dominic-leblanc.jpg?ve=1&amp;tl=1, https:\/\/a57.foxnews.com\/static.foxnews.com\/foxnews.com\/content\/uploads\/2025\/01\/686\/384\/dominic-leblanc.jpg?ve=1&amp;tl=1 2x\" height=\"192\" width=\"343\"><source media=\"(min-width: 768px) and (max-width: 1023px)\" srcset=\"https:\/\/a57.foxnews.com\/static.foxnews.com\/foxnews.com\/content\/uploads\/2025\/01\/672\/378\/dominic-leblanc.jpg?ve=1&amp;tl=1, https:\/\/a57.foxnews.com\/static.foxnews.com\/foxnews.com\/content\/uploads\/2025\/01\/1344\/756\/dominic-leblanc.jpg?ve=1&amp;tl=1 2x\" height=\"378\" width=\"672\"><source media=\"(min-width: 1024px) and (max-width: 1279px)\" srcset=\"https:\/\/a57.foxnews.com\/static.foxnews.com\/foxnews.com\/content\/uploads\/2025\/01\/931\/523\/dominic-leblanc.jpg?ve=1&amp;tl=1, https:\/\/a57.foxnews.com\/static.foxnews.com\/foxnews.com\/content\/uploads\/2025\/01\/1862\/1046\/dominic-leblanc.jpg?ve=1&amp;tl=1 2x\" height=\"523\" width=\"931\"><source media=\"(min-width: 1280px)\" srcset=\"https:\/\/a57.foxnews.com\/static.foxnews.com\/foxnews.com\/content\/uploads\/2025\/01\/720\/405\/dominic-leblanc.jpg?ve=1&amp;tl=1, https:\/\/a57.foxnews.com\/static.foxnews.com\/foxnews.com\/content\/uploads\/2025\/01\/1440\/810\/dominic-leblanc.jpg?ve=1&amp;tl=1 2x\" height=\"405\" width=\"720\"><img loading=\"lazy\" decoding=\"async\" src=\"https:\/\/a57.foxnews.com\/static.foxnews.com\/foxnews.com\/content\/uploads\/2025\/01\/1200\/675\/dominic-leblanc.jpg?ve=1&amp;tl=1\" alt=\"Dominic LeBlanc\" width=\"1200\" height=\"675\"\/><\/source><\/source><\/source><\/source><\/picture><\/div>\n<div class=\"info\">\n<div class=\"caption\">\n<p><span>Dominic LeBlanc, ministro de Finanzas y Asuntos Intergubernamentales de Canad\u00e1, habla durante una conferencia de prensa en Ottawa el 17 de diciembre de 2024.<\/span> <span>(Kamara Morozuk\/Bloomberg v\u00eda Getty Images)<\/span><\/p>\n<\/div>\n<\/div>\n<\/div>\n<p>El ministro de Finanzas, Dominic LeBlanc, que sucedi\u00f3 a Freeland tras su dimisi\u00f3n, tambi\u00e9n es uno de los principales candidatos.<\/p>\n<p>LeBlanc, ex ministro de Seguridad P\u00fablica, es un amigo cercano de Trudeau. Fue ni\u00f1era de Trudeau cuando ambos eran m\u00e1s peque\u00f1os. Ahora, opera como el \u00abreparador\u00bb de Trudeau, a menudo asumiendo carteras de pol\u00edticas que otros han estropeado: LeBlanc se convirti\u00f3 en ministro de Seguridad P\u00fablica despu\u00e9s de que el ministro anterior, Marco Mendicino, fuera ampliamente criticado por su manejo del Freedom Convoy, inform\u00f3 el Observador Nacional de Canad\u00e1.<\/p>\n<p>LeBlanc acompa\u00f1\u00f3 recientemente a Trudeau en un viaje a Mar-a-Lago para reunirse con Trump para mantener conversaciones sobre aranceles. Ha recibido elogios como un talentoso comunicador, aunque sus estrechos v\u00ednculos con Trudeau podr\u00edan ser una desventaja para los liberales en las pr\u00f3ximas elecciones.<\/p>\n<h3>M\u00e9lanie Joly<\/h3>\n<div class=\"image-ct inline\">\n<div class=\"m\"><picture><source media=\"(max-width: 767px)\" srcset=\"https:\/\/a57.foxnews.com\/static.foxnews.com\/foxnews.com\/content\/uploads\/2023\/08\/343\/192\/Melanie-Joly.png?ve=1&amp;tl=1, https:\/\/a57.foxnews.com\/static.foxnews.com\/foxnews.com\/content\/uploads\/2023\/08\/686\/384\/Melanie-Joly.png?ve=1&amp;tl=1 2x\" height=\"192\" width=\"343\"><source media=\"(min-width: 768px) and (max-width: 1023px)\" srcset=\"https:\/\/a57.foxnews.com\/static.foxnews.com\/foxnews.com\/content\/uploads\/2023\/08\/672\/378\/Melanie-Joly.png?ve=1&amp;tl=1, https:\/\/a57.foxnews.com\/static.foxnews.com\/foxnews.com\/content\/uploads\/2023\/08\/1344\/756\/Melanie-Joly.png?ve=1&amp;tl=1 2x\" height=\"378\" width=\"672\"><source media=\"(min-width: 1024px) and (max-width: 1279px)\" srcset=\"https:\/\/a57.foxnews.com\/static.foxnews.com\/foxnews.com\/content\/uploads\/2023\/08\/931\/523\/Melanie-Joly.png?ve=1&amp;tl=1, https:\/\/a57.foxnews.com\/static.foxnews.com\/foxnews.com\/content\/uploads\/2023\/08\/1862\/1046\/Melanie-Joly.png?ve=1&amp;tl=1 2x\" height=\"523\" width=\"931\"><source media=\"(min-width: 1280px)\" srcset=\"https:\/\/a57.foxnews.com\/static.foxnews.com\/foxnews.com\/content\/uploads\/2023\/08\/720\/405\/Melanie-Joly.png?ve=1&amp;tl=1, https:\/\/a57.foxnews.com\/static.foxnews.com\/foxnews.com\/content\/uploads\/2023\/08\/1440\/810\/Melanie-Joly.png?ve=1&amp;tl=1 2x\" height=\"405\" width=\"720\"><img loading=\"lazy\" decoding=\"async\" src=\"https:\/\/a57.foxnews.com\/static.foxnews.com\/foxnews.com\/content\/uploads\/2023\/08\/1200\/675\/Melanie-Joly.png?ve=1&amp;tl=1\" alt=\"melanie joly\" width=\"1200\" height=\"675\"\/><\/source><\/source><\/source><\/source><\/picture><\/div>\n<div class=\"info\">\n<div class=\"caption\">\n<p><span>Melanie Joly, ministra de Asuntos Exteriores de Canad\u00e1, durante una entrevista en Montreal el 25 de noviembre de 2022.<\/span> <span>(Christinne Muschi\/Bloomberg v\u00eda Getty Images)<\/span><\/p>\n<\/div>\n<\/div>\n<\/div>\n<p>La ministra de Asuntos Exteriores, M\u00e9lanie Joly, tambi\u00e9n viaj\u00f3 a Mar-a-Lago el mes pasado para discutir planes para asegurar la frontera entre Estados Unidos y Canad\u00e1 con el \u00abzar fronterizo\u00bb entrante de Trump, Tom Homan. <\/p>\n<p>Joly es una estrella en ascenso en el Partido Liberal que forma parte del comit\u00e9 del gabinete de Trudeau sobre relaciones con Estados Unidos, formado despu\u00e9s de la victoria de Trump en 2024. Como m\u00e1xima diplom\u00e1tica de Canad\u00e1, fue puesta a prueba por la invasi\u00f3n rusa de Ucrania y manej\u00f3 cuestiones espec\u00edficas de Canad\u00e1, incluido el deterioro de las relaciones con China y una controversia con la India relacionada con el presunto asesinato de ciudadanos canadienses, inform\u00f3 el New York Times.<\/p>\n<p>Joly, abogada y especialista en relaciones p\u00fablicas educada en Oxford, ascendi\u00f3 r\u00e1pidamente en las filas del liderazgo del Partido Liberal desde que se convirti\u00f3 en diputada en 2015. Ha instado a la \u00abdiplomacia pragm\u00e1tica\u00bb para interactuar con pa\u00edses de todo el mundo y prevenir conflictos.<\/p>\n<p><strong>\u00bfQUI\u00c9N ES PIERRE POILI\u00c9VRE? EL L\u00cdDER CONSERVADOR DE CANAD\u00c1 BUSCA CONVERTIRSE EN EL PR\u00d3XIMO PRIMER MINISTRO TRAS LA SALIDA DE TRUDEAU<\/strong><\/p>\n<h3>cristian clark<\/h3>\n<div class=\"image-ct inline\">\n<div class=\"m\"><picture><source media=\"(max-width: 767px)\" srcset=\"https:\/\/a57.foxnews.com\/static.foxnews.com\/foxnews.com\/content\/uploads\/2025\/01\/343\/192\/christy-clark-british-columbia.jpg?ve=1&amp;tl=1, https:\/\/a57.foxnews.com\/static.foxnews.com\/foxnews.com\/content\/uploads\/2025\/01\/686\/384\/christy-clark-british-columbia.jpg?ve=1&amp;tl=1 2x\" height=\"192\" width=\"343\"><source media=\"(min-width: 768px) and (max-width: 1023px)\" srcset=\"https:\/\/a57.foxnews.com\/static.foxnews.com\/foxnews.com\/content\/uploads\/2025\/01\/672\/378\/christy-clark-british-columbia.jpg?ve=1&amp;tl=1, https:\/\/a57.foxnews.com\/static.foxnews.com\/foxnews.com\/content\/uploads\/2025\/01\/1344\/756\/christy-clark-british-columbia.jpg?ve=1&amp;tl=1 2x\" height=\"378\" width=\"672\"><source media=\"(min-width: 1024px) and (max-width: 1279px)\" srcset=\"https:\/\/a57.foxnews.com\/static.foxnews.com\/foxnews.com\/content\/uploads\/2025\/01\/931\/523\/christy-clark-british-columbia.jpg?ve=1&amp;tl=1, https:\/\/a57.foxnews.com\/static.foxnews.com\/foxnews.com\/content\/uploads\/2025\/01\/1862\/1046\/christy-clark-british-columbia.jpg?ve=1&amp;tl=1 2x\" height=\"523\" width=\"931\"><source media=\"(min-width: 1280px)\" srcset=\"https:\/\/a57.foxnews.com\/static.foxnews.com\/foxnews.com\/content\/uploads\/2025\/01\/720\/405\/christy-clark-british-columbia.jpg?ve=1&amp;tl=1, https:\/\/a57.foxnews.com\/static.foxnews.com\/foxnews.com\/content\/uploads\/2025\/01\/1440\/810\/christy-clark-british-columbia.jpg?ve=1&amp;tl=1 2x\" height=\"405\" width=\"720\"><img loading=\"lazy\" decoding=\"async\" src=\"https:\/\/a57.foxnews.com\/static.foxnews.com\/foxnews.com\/content\/uploads\/2025\/01\/1200\/675\/christy-clark-british-columbia.jpg?ve=1&amp;tl=1\" alt=\"cristian clark\" width=\"1200\" height=\"675\"\/><\/source><\/source><\/source><\/source><\/picture><\/div>\n<div class=\"info\">\n<div class=\"caption\">\n<p><span>La primera ministra de Columbia Brit\u00e1nica, Christy Clark, saluda a la multitud antes de pronunciar un discurso en Vancouver, el 10 de mayo de 2017.<\/span> <span>(Reuters\/Ben Nelms)<\/span><\/p>\n<\/div>\n<\/div>\n<\/div>\n<p>Christy Clark, ex primera ministra de Columbia Brit\u00e1nica, ha expresado p\u00fablicamente inter\u00e9s en liderar el Partido Liberal. En octubre pasado, en un momento en que varios parlamentarios cuestionaban el liderazgo de Trudeau, ella dijo: \u00abMe gustar\u00eda ser parte de la conversaci\u00f3n sobre la direcci\u00f3n futura del Partido Liberal y del pa\u00eds\u00bb.<\/p>\n<p>El martes, tras la dimisi\u00f3n de Trudeau, public\u00f3 un mensaje en las redes sociales agradeciendo al primer ministro saliente por su servicio.<\/p>\n<p>\u00abComo liberal de toda la vida, espero unirme a decenas de miles de canadienses para elegir a nuestro pr\u00f3ximo l\u00edder\u00bb, dijo. \u00abEsta es la mayor oportunidad que hemos tenido en m\u00e1s de una d\u00e9cada para hacer crecer nuestro Partido y dar la bienvenida a nuevos liberales, incluidos canadienses preocupados por el futuro de nuestro pa\u00eds. Aprovech\u00e9mosla\u00bb. <\/p>\n<p>Los expertos canadienses han observado que Clark puede ser una buena opci\u00f3n para los liberales dada su condici\u00f3n de outsider y su distancia del gobierno de Trudeau. <\/p>\n<h3><strong>Frank Baylis<\/strong><\/h3>\n<div class=\"image-ct inline\">\n<div class=\"m\"><picture><source media=\"(max-width: 767px)\" srcset=\"https:\/\/a57.foxnews.com\/static.foxnews.com\/foxnews.com\/content\/uploads\/2025\/01\/343\/192\/former-canadian-liberal-mp-frank-baylis.jpg?ve=1&amp;tl=1, https:\/\/a57.foxnews.com\/static.foxnews.com\/foxnews.com\/content\/uploads\/2025\/01\/686\/384\/former-canadian-liberal-mp-frank-baylis.jpg?ve=1&amp;tl=1 2x\" height=\"192\" width=\"343\"><source media=\"(min-width: 768px) and (max-width: 1023px)\" srcset=\"https:\/\/a57.foxnews.com\/static.foxnews.com\/foxnews.com\/content\/uploads\/2025\/01\/672\/378\/former-canadian-liberal-mp-frank-baylis.jpg?ve=1&amp;tl=1, https:\/\/a57.foxnews.com\/static.foxnews.com\/foxnews.com\/content\/uploads\/2025\/01\/1344\/756\/former-canadian-liberal-mp-frank-baylis.jpg?ve=1&amp;tl=1 2x\" height=\"378\" width=\"672\"><source media=\"(min-width: 1024px) and (max-width: 1279px)\" srcset=\"https:\/\/a57.foxnews.com\/static.foxnews.com\/foxnews.com\/content\/uploads\/2025\/01\/931\/523\/former-canadian-liberal-mp-frank-baylis.jpg?ve=1&amp;tl=1, https:\/\/a57.foxnews.com\/static.foxnews.com\/foxnews.com\/content\/uploads\/2025\/01\/1862\/1046\/former-canadian-liberal-mp-frank-baylis.jpg?ve=1&amp;tl=1 2x\" height=\"523\" width=\"931\"><source media=\"(min-width: 1280px)\" srcset=\"https:\/\/a57.foxnews.com\/static.foxnews.com\/foxnews.com\/content\/uploads\/2025\/01\/720\/405\/former-canadian-liberal-mp-frank-baylis.jpg?ve=1&amp;tl=1, https:\/\/a57.foxnews.com\/static.foxnews.com\/foxnews.com\/content\/uploads\/2025\/01\/1440\/810\/former-canadian-liberal-mp-frank-baylis.jpg?ve=1&amp;tl=1 2x\" height=\"405\" width=\"720\"><img loading=\"lazy\" decoding=\"async\" src=\"https:\/\/a57.foxnews.com\/static.foxnews.com\/foxnews.com\/content\/uploads\/2025\/01\/1200\/675\/former-canadian-liberal-mp-frank-baylis.jpg?ve=1&amp;tl=1\" alt=\"El ex diputado liberal canadiense Frank Baylis sonr\u00ede en un retrato para el Parlamento de Canad\u00e1.\" width=\"1200\" height=\"675\"\/><\/source><\/source><\/source><\/source><\/picture><\/div>\n<div class=\"info\">\n<div class=\"caption\">\n<p><span>El exdiputado liberal canadiense Frank Baylis podr\u00eda estar en la carrera para reemplazar al primer ministro canadiense Justin Trudeau.<\/span> <span>(Parlamento de Canad\u00e1)<\/span><\/p>\n<\/div>\n<\/div>\n<\/div>\n<p>El ex diputado y empresario de Montreal Frank Baylis es el primero en declarar su candidatura a la direcci\u00f3n del Partido Laborista.<\/p>\n<p>\u00abTengo la intenci\u00f3n de postularme, pero lo anunciar\u00e9 formalmente cuando se publiquen las reglas\u00bb, dijo Baylis a The Hill Times en una entrevista. \u00abPero s\u00ed, mi intenci\u00f3n es correr. Estoy corriendo\u00bb. <\/p>\n<p><strong><u>HAGA CLIC AQU\u00cd PARA OBTENER LA APLICACI\u00d3N FOX NEWS<\/u><\/strong><\/p>\n<p>Baylis sirvi\u00f3 en el Parlamento de 2015 a 2019. Es ingeniero el\u00e9ctrico de formaci\u00f3n y actualmente es presidente ejecutivo de Baylis Medical Technologies. Ha argumentado que su exitosa carrera en los negocios, negociando contratos con partes tanto en Canad\u00e1 como en Estados Unidos, lo convierte en una persona ideal para tratar con Trump. <\/p>\n<p>\u00abFrancamente, se necesita un pol\u00edtico no profesional\u00bb, dijo a The Hill Times.  <\/p>\n<p><i>La Prensa Asociada contribuy\u00f3 a este informe.<\/i><\/p>\n<div class=\"article-meta\">\n<div class=\"author-bio\">\n<p>Chris Pandolfo es reportero de noticias de \u00faltima hora de Fox News Digital. Env\u00ede sugerencias a chris.pandolfo@fox.com y s\u00edgalo en Twitter @ChrisCPandolfo.<\/p>\n<\/div>\n<\/div><\/div>\n\n","protected":false},"excerpt":{"rendered":"<p>Justin Trudeau de Canad\u00e1 anunci\u00f3 su renuncia como primer ministro el lunes, mientras su Partido Liberal est\u00e1 en crisis en medio de cifras decrecientes en las encuestas y una elecci\u00f3n en el horizonte. Quien asuma el liderazgo del impopular partido gobernante se convertir\u00e1 en el pr\u00f3ximo primer ministro, y esa persona debe hacer frente al &hellip;<\/p>\n","protected":false},"author":1,"featured_media":9460,"comment_status":"open","ping_status":"open","sticky":false,"template":"","format":"standard","meta":{"fifu_image_url":"https:\/\/static.foxnews.com\/foxnews.com\/content\/uploads\/2025\/01\/potential-trudeau-replacements.jpg","fifu_image_alt":"","footnotes":""},"categories":[13],"tags":[],"class_list":["post-9458","post","type-post","status-publish","format-standard","has-post-thumbnail","","category-mundo"],"_links":{"self":[{"href":"https:\/\/noticiasveraces.com\/index.php?rest_route=\/wp\/v2\/posts\/9458","targetHints":{"allow":["GET"]}}],"collection":[{"href":"https:\/\/noticiasveraces.com\/index.php?rest_route=\/wp\/v2\/posts"}],"about":[{"href":"https:\/\/noticiasveraces.com\/index.php?rest_route=\/wp\/v2\/types\/post"}],"author":[{"embeddable":true,"href":"https:\/\/noticiasveraces.com\/index.php?rest_route=\/wp\/v2\/users\/1"}],"replies":[{"embeddable":true,"href":"https:\/\/noticiasveraces.com\/index.php?rest_route=%2Fwp%2Fv2%2Fcomments&post=9458"}],"version-history":[{"count":0,"href":"https:\/\/noticiasveraces.com\/index.php?rest_route=\/wp\/v2\/posts\/9458\/revisions"}],"wp:featuredmedia":[{"embeddable":true,"href":"https:\/\/noticiasveraces.com\/index.php?rest_route=\/wp\/v2\/media\/9460"}],"wp:attachment":[{"href":"https:\/\/noticiasveraces.com\/index.php?rest_route=%2Fwp%2Fv2%2Fmedia&parent=9458"}],"wp:term":[{"taxonomy":"category","embeddable":true,"href":"https:\/\/noticiasveraces.com\/index.php?rest_route=%2Fwp%2Fv2%2Fcategories&post=9458"},{"taxonomy":"post_tag","embeddable":true,"href":"https:\/\/noticiasveraces.com\/index.php?rest_route=%2Fwp%2Fv2%2Ftags&post=9458"}],"curies":[{"name":"wp","href":"https:\/\/api.w.org\/{rel}","templated":true}]}}