{"id":9442,"date":"2025-01-07T12:05:10","date_gmt":"2025-01-07T16:05:10","guid":{"rendered":"https:\/\/noticiasveraces.com\/?p=9442"},"modified":"2025-01-07T12:05:10","modified_gmt":"2025-01-07T16:05:10","slug":"muere-jean-marie-le-pen-fundador-de-la-extrema-derecha-francesa-a-los-96-anos","status":"publish","type":"post","link":"https:\/\/noticiasveraces.com\/?p=9442","title":{"rendered":"Muere Jean-Marie Le Pen, fundador de la extrema derecha francesa, a los 96 a\u00f1os"},"content":{"rendered":"<p> \n<\/p>\n<div>\n<ul>\n<li><strong>Jean-Marie Le Pen, fundador del partido de extrema derecha Frente Nacional de Francia, falleci\u00f3 a los 96 a\u00f1os.<\/strong><\/li>\n<li><strong>Le Pen se present\u00f3 a cinco elecciones presidenciales. Lleg\u00f3 a una segunda vuelta en 2002, pero perdi\u00f3 por abrumadora mayor\u00eda ante el conservador Jacques Chi.<\/strong><\/li>\n<li><strong>Le Pen fue sucedido como jefe del partido Frente Nacional por su hija, Marine. Las encuestas de opini\u00f3n la sit\u00faan a la cabeza de las pr\u00f3ximas elecciones presidenciales, previstas para 2027.<\/strong><\/li>\n<\/ul>\n<p class=\"speakable\">Jean-Marie Le Pen, el fundador del partido de extrema derecha Frente Nacional que aprovech\u00f3 las preocupaciones de la clase trabajadora sobre la inmigraci\u00f3n y la globalizaci\u00f3n y construy\u00f3 una carrera sobre la base de una ret\u00f3rica provocativa que muchos consideraron racista y xen\u00f3foba, muri\u00f3 a los 96 a\u00f1os.<\/p>\n<p class=\"speakable\">Su muerte fue confirmada por el partido pol\u00edtico de su hija Marine Le Pen, Rally Nacional (Rassemblement National).<\/p>\n<p>Jean-Marie Le Pen pas\u00f3 su vida luchando, ya sea como soldado en las guerras coloniales de Francia, como fundador del partido de extrema derecha Frente Nacional, por el que particip\u00f3 en cinco elecciones presidenciales, o en enemistades con sus hijas y su ex esposa. a menudo se llevan a cabo p\u00fablicamente y con furia.<\/p>\n<p><strong>FRANC\u00c9S DECLARA CULPABLE EN HORRIBLE JUICIO POR VIOLACI\u00d3N QUE CONMOCION\u00d3 AL MUNDO<\/strong><\/p>\n<p>La controversia fue una constante compa\u00f1era de Le Pen: acusaciones de racismo y antisemitismo persiguieron al Frente Nacional desde que cofund\u00f3 el partido en 1972.<\/p>\n<p>Fue juzgado, condenado y multado en 1996 por impugnar cr\u00edmenes de guerra despu\u00e9s de declarar que las c\u00e1maras de gas nazis eran \u00absimplemente un detalle\u00bb de la historia de la Segunda Guerra Mundial y que la ocupaci\u00f3n nazi de Francia \u00abno fue especialmente inhumana\u00bb.<\/p>\n<p>Esos comentarios provocaron indignaci\u00f3n en Francia, donde la polic\u00eda hab\u00eda detenido a miles de jud\u00edos que fueron deportados al campo de exterminio nazi de Auschwitz.<\/p>\n<div class=\"image-ct inline\">\n<div class=\"m\"><picture><source media=\"(max-width: 767px)\" srcset=\"https:\/\/a57.foxnews.com\/static.foxnews.com\/foxnews.com\/content\/uploads\/2025\/01\/343\/192\/jean-marie-le-pen.jpg?ve=1&amp;tl=1, https:\/\/a57.foxnews.com\/static.foxnews.com\/foxnews.com\/content\/uploads\/2025\/01\/686\/384\/jean-marie-le-pen.jpg?ve=1&amp;tl=1 2x\" height=\"192\" width=\"343\"><source media=\"(min-width: 768px) and (max-width: 1023px)\" srcset=\"https:\/\/a57.foxnews.com\/static.foxnews.com\/foxnews.com\/content\/uploads\/2025\/01\/672\/378\/jean-marie-le-pen.jpg?ve=1&amp;tl=1, https:\/\/a57.foxnews.com\/static.foxnews.com\/foxnews.com\/content\/uploads\/2025\/01\/1344\/756\/jean-marie-le-pen.jpg?ve=1&amp;tl=1 2x\" height=\"378\" width=\"672\"><source media=\"(min-width: 1024px) and (max-width: 1279px)\" srcset=\"https:\/\/a57.foxnews.com\/static.foxnews.com\/foxnews.com\/content\/uploads\/2025\/01\/931\/523\/jean-marie-le-pen.jpg?ve=1&amp;tl=1, https:\/\/a57.foxnews.com\/static.foxnews.com\/foxnews.com\/content\/uploads\/2025\/01\/1862\/1046\/jean-marie-le-pen.jpg?ve=1&amp;tl=1 2x\" height=\"523\" width=\"931\"><source media=\"(min-width: 1280px)\" srcset=\"https:\/\/a57.foxnews.com\/static.foxnews.com\/foxnews.com\/content\/uploads\/2025\/01\/720\/405\/jean-marie-le-pen.jpg?ve=1&amp;tl=1, https:\/\/a57.foxnews.com\/static.foxnews.com\/foxnews.com\/content\/uploads\/2025\/01\/1440\/810\/jean-marie-le-pen.jpg?ve=1&amp;tl=1 2x\" height=\"405\" width=\"720\"><img loading=\"lazy\" decoding=\"async\" src=\"https:\/\/a57.foxnews.com\/static.foxnews.com\/foxnews.com\/content\/uploads\/2025\/01\/1200\/675\/jean-marie-le-pen.jpg?ve=1&amp;tl=1\" alt=\"Jean-Marie Le Pen reacciona durante una entrevista.\" width=\"1200\" height=\"675\"\/><\/source><\/source><\/source><\/source><\/picture><\/div>\n<div class=\"info\">\n<div class=\"caption\">\n<p><span>Jean-Marie Le Pen, fundador del partido pol\u00edtico de extrema derecha Frente Nacional de Francia, falleci\u00f3 a los 96 a\u00f1os.<\/span> <span>(Reuters\/Charles Platiau\/Foto de archivo)<\/span><\/p>\n<\/div>\n<\/div>\n<\/div>\n<p>\u00abMantengo esto porque creo que es la verdad\u00bb, dijo en 2015 cuando se le pregunt\u00f3 si se arrepent\u00eda del comentario sobre la c\u00e1mara de gas.<\/p>\n<p>Al comentar sobre la muerte de Le Pen, el presidente Emmanuel Macron afirm\u00f3: \u00abFigura hist\u00f3rica de la extrema derecha, desempe\u00f1\u00f3 un papel en la vida p\u00fablica de nuestro pa\u00eds durante casi setenta a\u00f1os, que ahora es una cuesti\u00f3n que la historia debe juzgar\u00bb.<\/p>\n<p>Le Pen, una oradora populista y apasionada, ayud\u00f3 a reescribir los par\u00e1metros de la pol\u00edtica francesa en una carrera que dur\u00f3 40 a\u00f1os y que, aprovechando oleadas de descontento de los votantes y aprovechando el descontento por la inmigraci\u00f3n y la seguridad laboral, de alguna manera anunci\u00f3 el ascenso de Donald Trump a la Casa Blanca.<\/p>\n<p>Lleg\u00f3 a una segunda vuelta en las elecciones presidenciales de 2002, pero perdi\u00f3 por abrumadora mayor\u00eda ante Jacques Chi, ya que los votantes respaldaron a un conservador mayoritario en lugar de llevar a la extrema derecha al poder por primera vez desde que gobernaron los colaboradores nazis en la d\u00e9cada de 1940.<\/p>\n<p>Le Pen era el azote de la Uni\u00f3n Europea, a la que ve\u00eda como un proyecto supranacional que usurpaba los poderes de los estados nacionales, aprovechando el tipo de resentimiento que sent\u00edan muchos brit\u00e1nicos que luego votaron a favor de abandonar la UE.<\/p>\n<p>Marine Le Pen se enter\u00f3 de la muerte de su padre durante una escala en Kenia cuando regresaba del territorio franc\u00e9s de ultramar de Mayotte, azotado por el cicl\u00f3n.<\/p>\n<h2>LEGI\u00d3N EXTRANJERA<\/h2>\n<p>Nacida en Breta\u00f1a en 1928, Le Pen estudi\u00f3 derecho en Par\u00eds a principios de la d\u00e9cada de 1950 y se gan\u00f3 la reputaci\u00f3n de rara vez pasar una noche en la ciudad sin una pelea. Luego se uni\u00f3 a la Legi\u00f3n Extranjera como paracaidista luchando en Indochina en 1953.<\/p>\n<p>Le Pen hizo campa\u00f1a a finales de la d\u00e9cada de 1950 para mantener a Argelia como francesa, como miembro electo del parlamento franc\u00e9s y soldado en el territorio entonces controlado por los franceses. Justific\u00f3 p\u00fablicamente el uso de la tortura, pero \u00e9l mismo neg\u00f3 haber utilizado tales pr\u00e1cticas.<\/p>\n<p>En sus memorias dijo que perdi\u00f3 un ojo en 1965 cuando, mientras hac\u00eda campa\u00f1a para un candidato presidencial de extrema derecha, el pilar de una carpa se rompi\u00f3 y lo azot\u00f3 en la cara antes de un mitin.<\/p>\n<p>Despu\u00e9s de a\u00f1os en la periferia de la pol\u00edtica francesa, su suerte cambi\u00f3 en 1977 cuando un patrocinador millonario le leg\u00f3 una mansi\u00f3n en las afueras de Par\u00eds, junto con 30 millones de francos, alrededor de 5,2 millones de d\u00f3lares en dinero actual.<\/p>\n<p>Eso permiti\u00f3 a Le Pen promover sus ambiciones y agenda pol\u00edticas a pesar de ser rechazada por los partidos tradicionales.<\/p>\n<p>\u00abMuchos enemigos, pocos amigos y mucho honor\u00bb, dijo en una entrevista con un sitio web vinculado a la extrema derecha. Escribi\u00f3 en sus memorias: \u00abNo me arrepiento\u00bb.<\/p>\n<h2>TOQUE COM\u00daN<\/h2>\n<p>Su esposa se fug\u00f3 con su bi\u00f3grafo en la d\u00e9cada de 1980 y pos\u00f3 semidesnuda en Playboy para vengar a un hombre al que denunci\u00f3 como violento. Ella se fue con uno de sus ojos de cristal de repuesto y se lo devolvi\u00f3 s\u00f3lo cuando \u00e9l accedi\u00f3 a devolverle las cenizas cremadas de su madre.<\/p>\n<p>Le Pen continu\u00f3 aprovechando la ira de la clase trabajadora blanca por la inmigraci\u00f3n y el resentimiento contra las \u00e9lites empresariales y pol\u00edticas con sede en Par\u00eds y el Frente Nacional surgi\u00f3 en las elecciones locales, regionales y luego europeas.<\/p>\n<p>Los partidos tradicionales intentaron recuperar a los votantes con un discurso m\u00e1s duro sobre la inmigraci\u00f3n. Esa t\u00e1ctica ayud\u00f3 al conservador Nicolas Sarkozy a asegurar la presidencia en 2007, y ahora es m\u00e1s com\u00fan ser duro con el crimen y la inmigraci\u00f3n.<\/p>\n<p><strong><u>HAGA CLIC AQU\u00cd PARA OBTENER LA APLICACI\u00d3N FOX NEWS<\/u><\/strong><\/p>\n<p>En 2011, despu\u00e9s de mantener un estricto control personal sobre el Frente Nacional, Le Pen fue reemplazada como jefa del partido por su hija Marine, quien hizo campa\u00f1a para deshacerse de la perdurable imagen antisemita del partido y rebautizarlo como un defensor de la clase trabajadora.<\/p>\n<p>Ha llegado (y perdido) a dos segundas vueltas de las elecciones presidenciales, pero las encuestas de opini\u00f3n la sit\u00faan como la favorita para las pr\u00f3ximas elecciones presidenciales, previstas para 2027.<\/p>\n<p>El cambio de marca no le cay\u00f3 bien a su padre, cuyas declaraciones incendiarias y cr\u00edticas la obligaron a expulsarlo del partido.<\/p>\n<p> <!----> <!----> <\/div>\n\n","protected":false},"excerpt":{"rendered":"<p>Jean-Marie Le Pen, fundador del partido de extrema derecha Frente Nacional de Francia, falleci\u00f3 a los 96 a\u00f1os. Le Pen se present\u00f3 a cinco elecciones presidenciales. Lleg\u00f3 a una segunda vuelta en 2002, pero perdi\u00f3 por abrumadora mayor\u00eda ante el conservador Jacques Chi. Le Pen fue sucedido como jefe del partido Frente Nacional por su &hellip;<\/p>\n","protected":false},"author":1,"featured_media":9444,"comment_status":"open","ping_status":"open","sticky":false,"template":"","format":"standard","meta":{"fifu_image_url":"https:\/\/static.foxnews.com\/foxnews.com\/content\/uploads\/2025\/01\/jean-marie-le-pen.jpg","fifu_image_alt":"","footnotes":""},"categories":[13],"tags":[],"class_list":["post-9442","post","type-post","status-publish","format-standard","has-post-thumbnail","","category-mundo"],"_links":{"self":[{"href":"https:\/\/noticiasveraces.com\/index.php?rest_route=\/wp\/v2\/posts\/9442","targetHints":{"allow":["GET"]}}],"collection":[{"href":"https:\/\/noticiasveraces.com\/index.php?rest_route=\/wp\/v2\/posts"}],"about":[{"href":"https:\/\/noticiasveraces.com\/index.php?rest_route=\/wp\/v2\/types\/post"}],"author":[{"embeddable":true,"href":"https:\/\/noticiasveraces.com\/index.php?rest_route=\/wp\/v2\/users\/1"}],"replies":[{"embeddable":true,"href":"https:\/\/noticiasveraces.com\/index.php?rest_route=%2Fwp%2Fv2%2Fcomments&post=9442"}],"version-history":[{"count":0,"href":"https:\/\/noticiasveraces.com\/index.php?rest_route=\/wp\/v2\/posts\/9442\/revisions"}],"wp:featuredmedia":[{"embeddable":true,"href":"https:\/\/noticiasveraces.com\/index.php?rest_route=\/wp\/v2\/media\/9444"}],"wp:attachment":[{"href":"https:\/\/noticiasveraces.com\/index.php?rest_route=%2Fwp%2Fv2%2Fmedia&parent=9442"}],"wp:term":[{"taxonomy":"category","embeddable":true,"href":"https:\/\/noticiasveraces.com\/index.php?rest_route=%2Fwp%2Fv2%2Fcategories&post=9442"},{"taxonomy":"post_tag","embeddable":true,"href":"https:\/\/noticiasveraces.com\/index.php?rest_route=%2Fwp%2Fv2%2Ftags&post=9442"}],"curies":[{"name":"wp","href":"https:\/\/api.w.org\/{rel}","templated":true}]}}