{"id":9438,"date":"2025-01-07T10:59:56","date_gmt":"2025-01-07T14:59:56","guid":{"rendered":"https:\/\/noticiasveraces.com\/?p=9438"},"modified":"2025-01-07T10:59:56","modified_gmt":"2025-01-07T14:59:56","slug":"excampeona-de-gimnasia-denuncia-a-entrenadores-en-alemania-dw-01-07-2025","status":"publish","type":"post","link":"https:\/\/noticiasveraces.com\/?p=9438","title":{"rendered":"Excampeona de gimnasia denuncia a entrenadores en Alemania \u2013 DW \u2013 01\/07\/2025"},"content":{"rendered":"<p> \n<\/p>\n<div>\n<p>La excampeona alemana juvenil Kim Janas se sum\u00f3 a las denuncias p\u00fablicas sobre presuntos abusos en la gimnasia alemana. La joven, hoy de 25 a\u00f1os, critic\u00f3 a trav\u00e9s de Instagram principalmente la forma en que tuvo que afrontar las lesiones, la dieta y el peso durante su carrera, que termin\u00f3 a finales de noviembre de 2016 tras tres roturas del ligamento cruzado.<\/p>\n<p>Incluso ocho a\u00f1os despu\u00e9s, escribi\u00f3 Janas, \u00abno estoy completamente curada\u201d de lo que entonces le toc\u00f3 vivir. Pero al menos \u00abencontr\u00e9 una manera de afrontarlo mejor\u00bb. Janas mencion\u00f3 temas como el control diario de bolsos. Temas de alimentaci\u00f3n y peso estaban en el orden del d\u00eda \u00abDesde el pesaje diario hasta el control de las bolsas para asegurarse de que no hubiera dulces, hab\u00eda de todo\u00bb, escribi\u00f3 la excampeona juvenil alemana.<\/p>\n<blockquote class=\"instagram embed\" data-href=\"https:\/\/www.instagram.com\/p\/DEc6wotqBlB\/?img_index=3\"\/>\n<p>Janas recuerda que a veces saltaba sobre la cama durante los cursos de entrenamiento \u00abpara perder algunos gramos. Por miedo a que te insultaran en el siguiente pesaje y volvieras a exponerte\u00bb. Fue estigmatizada como \u201cgorda\u201d porque ten\u00eda un nueve por ciento de grasa corporal. Janas inform\u00f3 que se le prohibi\u00f3 comer alimentos como pan, pastas para untar, salchichas e incluso tomar agua en algunas ocasiones.<\/p>\n<h2><strong>Soportar el dolor, por miedo<\/strong><\/h2>\n<p>Tambi\u00e9n escribi\u00f3 sobre el final temprano de su carrera: \u00abTal vez mi cuerpo lo habr\u00eda logrado. Pero no mi cabeza. Los temores eran demasiado grandes. No s\u00f3lo lesionarte una y otra vez y tener que soportar el dolor mientras entrenas. No, tambi\u00e9n est\u00e1 El miedo a volver a no ser tomado en serio ya que te dejen caer, a tener que seguir entrenando aunque no sepas si acabar\u00e1s de nuevo de pie o de cabeza despu\u00e9s de saltar para hacer el doble salto mortal.<\/p>\n<p>Janas naci\u00f3 en Halle an der Saale y m\u00e1s tarde tambi\u00e9n se form\u00f3 en Stuttgart. Ella es una de varias exatletas que en los \u00faltimos d\u00edas han hecho p\u00fablicas sus denuncias en la gimnasia alemana. Encabezadas por las exgimnastas alemanas Tabea Alt y Michelle Timm, hicieron graves acusaciones, especialmente contra el centro de entrenamiento en Stuttgart. La Asociaci\u00f3n Alemana de Gimnasia y la Asociaci\u00f3n de Gimnasia de Suabia han afirmado que est\u00e1n trabajando en la investigaci\u00f3n de estos casos. Dos entrenadores fueron separados temporalmente de sus cargas.<\/p>\n<p>el(DPA, Instagram)<\/p>\n<\/div>\n<p><script async src=\"\/\/www.instagram.com\/embed.js\"><\/script><br \/>\n<br \/>\n","protected":false},"excerpt":{"rendered":"<p>La excampeona alemana juvenil Kim Janas se sum\u00f3 a las denuncias p\u00fablicas sobre presuntos abusos en la gimnasia alemana. La joven, hoy de 25 a\u00f1os, critic\u00f3 a trav\u00e9s de Instagram principalmente la forma en que tuvo que afrontar las lesiones, la dieta y el peso durante su carrera, que termin\u00f3 a finales de noviembre de &hellip;<\/p>\n","protected":false},"author":1,"featured_media":9439,"comment_status":"open","ping_status":"open","sticky":false,"template":"","format":"standard","meta":{"fifu_image_url":"https:\/\/static.dw.com\/image\/71238967_6.jpg","fifu_image_alt":"","footnotes":""},"categories":[13],"tags":[],"class_list":["post-9438","post","type-post","status-publish","format-standard","has-post-thumbnail","","category-mundo"],"_links":{"self":[{"href":"https:\/\/noticiasveraces.com\/index.php?rest_route=\/wp\/v2\/posts\/9438","targetHints":{"allow":["GET"]}}],"collection":[{"href":"https:\/\/noticiasveraces.com\/index.php?rest_route=\/wp\/v2\/posts"}],"about":[{"href":"https:\/\/noticiasveraces.com\/index.php?rest_route=\/wp\/v2\/types\/post"}],"author":[{"embeddable":true,"href":"https:\/\/noticiasveraces.com\/index.php?rest_route=\/wp\/v2\/users\/1"}],"replies":[{"embeddable":true,"href":"https:\/\/noticiasveraces.com\/index.php?rest_route=%2Fwp%2Fv2%2Fcomments&post=9438"}],"version-history":[{"count":0,"href":"https:\/\/noticiasveraces.com\/index.php?rest_route=\/wp\/v2\/posts\/9438\/revisions"}],"wp:featuredmedia":[{"embeddable":true,"href":"https:\/\/noticiasveraces.com\/index.php?rest_route=\/wp\/v2\/media\/9439"}],"wp:attachment":[{"href":"https:\/\/noticiasveraces.com\/index.php?rest_route=%2Fwp%2Fv2%2Fmedia&parent=9438"}],"wp:term":[{"taxonomy":"category","embeddable":true,"href":"https:\/\/noticiasveraces.com\/index.php?rest_route=%2Fwp%2Fv2%2Fcategories&post=9438"},{"taxonomy":"post_tag","embeddable":true,"href":"https:\/\/noticiasveraces.com\/index.php?rest_route=%2Fwp%2Fv2%2Ftags&post=9438"}],"curies":[{"name":"wp","href":"https:\/\/api.w.org\/{rel}","templated":true}]}}