{"id":9418,"date":"2025-01-07T06:50:13","date_gmt":"2025-01-07T10:50:13","guid":{"rendered":"https:\/\/noticiasveraces.com\/?p=9418"},"modified":"2025-01-07T06:50:13","modified_gmt":"2025-01-07T10:50:13","slug":"francia-conmemora-10-anos-de-los-ataques-a-charlie-hebdo-dw-01-07-2025","status":"publish","type":"post","link":"https:\/\/noticiasveraces.com\/?p=9418","title":{"rendered":"Francia conmemora 10 a\u00f1os de los ataques a \u00abCharlie Hebdo\u00bb \u2013 DW \u2013 01\/07\/2025"},"content":{"rendered":"<p> \n<\/p>\n<div>\n<p>El 7 de enero de 2015, dos hermanos franceses de origen argelino, radicalizados, que hab\u00edan prestado juramento de fidelidad a Al Qaeda, penetraron con rifles de asalto en la sede de la revista. <em>charlie hebdo<\/em>.<\/p>\n<p>Lograron ingresar a pesar de las medidas de seguridad y llevaron a cabo un ataque en el que fallecieron 8 personas y despu\u00e9s otras 4, hasta que la Polic\u00eda abati\u00f3 a los hermanos Ch\u00e9rif y Said Kouachi en las afueras de Par\u00eds.<\/p>\n<h2>A\u00f1os de amenaza islamista<\/h2>\n<p>Durante nueve a\u00f1os, desde que Charlie Hebdo public\u00f3 caricaturas del profeta Mahoma en 2006, la revista, de tono \u00e1crata, hab\u00eda vivido bajo la amenaza islamista.  <\/p>\n<p>En el ataque sin precedentes de 2015, que provoc\u00f3 consternaci\u00f3n mundial, muri\u00f3 su emblem\u00e1tico director, el dibujante Charb, as\u00ed como dos leyendas de la caricatura en Francia, Cabu y Wolinski.<\/p>\n<p>La violencia yihadista iniciada por los hermanos Kouachi provoc\u00f3 otras muertes a lo largo de dos d\u00edas de terror y persecuci\u00f3n policial, entre el 7 y el 9 de enero de 2015. <\/p>\n<p>Una polic\u00eda y cuatro clientes jud\u00edos de un supermercado kosher murieron en otro ataque separado, protagonizado por otro amigo yihadista de los hermanos Kouachi.<\/p>\n<h2>Otros ataques<\/h2>\n<p>Aunque Francia ya hab\u00eda sufrido atentados yihadistas durante d\u00e9cadas, la tragedia de Charlie Hebdo marc\u00f3 simb\u00f3licamente el inicio de un ciclo especialmente mort\u00edfero, con los sangrientos ataques de noviembre de 2015, que causaron 130 muertos en Par\u00eds, principalmente en la sala de fiestas Bataclan.<\/p>\n<p>Desde entonces, ha habido otros ataques espor\u00e1dicos: en octubre de 2020, un profesor de secundaria que mostr\u00f3 la caricatura de Mahoma de <em>charlie hebdo<\/em> en clase, como parte de un ejercicio sobre la libertad de expresi\u00f3n, fue degollado por un checheno.<\/p>\n<p>Un mes antes, en septiembre de 2020, un hombre de origen pakistan\u00ed hab\u00eda atacado con un machete a dos personas ante la antigua sede de la revista, ya que pens\u00f3 incorrectamente que esas personas trabajaban en <em>charlie hebdo<\/em>. La revista sigue publicando decenas de millas de ejemplares semanalmente, aunque su sede es secreta, y sus dibujantes y periodistas viven bajo extraordinarias medidas de seguridad.<\/p>\n<p><span data-slot-id=\"Article_InContent-1\" class=\"rich-text-ad\"\/><\/p>\n<h2>Homenaje de medios y autoridades<\/h2>\n<p>Este martes, Francia conmemora los diez a\u00f1os de los ataques contra Charlie Hebdo. Hay actos solemnes en Par\u00eds y un n\u00famero especial del semanario sat\u00edrico con nuevas caricaturas sobre la religi\u00f3n. Las ceremonias ser\u00e1n marcadas \u00abpor la sobriedad, de acuerdo al deseo de las familias\u00bb y \u00abcomo cada a\u00f1o\u00bb, indic\u00f3 el ayuntamiento de Par\u00eds. La alcaldesa Anne Hidalgo \u00abrendir\u00e1 homenaje a las v\u00edctimas\u00bb en presencia del presidente Emmanuel Macron y varios ministros. Habr\u00e1 actos ante la antigua sede de la revista y en otros lugares donde se producen ataques. <\/p>\n<p>Desde Berl\u00edn, el canciller alem\u00e1n, Olaf Scholz, asegur\u00f3 compartir \u00abel dolor de nuestros amigos franceses\u00bb. Por su parte, <em>charlie hebdo<\/em> publica un n\u00famero especial de 32 p\u00e1ginas. En la portada el semanario se declara \u00ab\u00a1inquebrantable!\u00bb, con el dibujo de un lector alegre sentado sobre un fusil de asalto mientras lee este peri\u00f3dico \u00abhist\u00f3rico\u00bb.<\/p>\n<p>Junto a la revista, en los quioscos, varios diarios dedican su portada al d\u00e9cimo aniversario del ataque: \u00ab\u00a1Libertad, Libertad Charlie!\u00bb, t\u00edtulo <em>Liberaci\u00f3n<\/em>mientras que <em>El F\u00edgaro<\/em> Advierte que Francia sigue \u00abbajo la amenaza islamista\u00bb diez a\u00f1os despu\u00e9s.      <\/p>\n<p>\u00abLa amenaza terrorista nunca ha estado tan presente\u00bb, afirma el ministro del Interior Bruno Retailleau en la portada de <em>Le Parisien<\/em>mientras que en <em>La Cruz<\/em>la sombra de un l\u00e1piz y una goma perforada por una bala forman un \u00ab10\u00bb en la portada. EM (afp\/ap\/dpa) <\/p>\n<\/p>\n<\/div>\n\n","protected":false},"excerpt":{"rendered":"<p>El 7 de enero de 2015, dos hermanos franceses de origen argelino, radicalizados, que hab\u00edan prestado juramento de fidelidad a Al Qaeda, penetraron con rifles de asalto en la sede de la revista. charlie hebdo. Lograron ingresar a pesar de las medidas de seguridad y llevaron a cabo un ataque en el que fallecieron 8 &hellip;<\/p>\n","protected":false},"author":1,"featured_media":9419,"comment_status":"open","ping_status":"open","sticky":false,"template":"","format":"standard","meta":{"fifu_image_url":"https:\/\/static.dw.com\/image\/71235087_6.jpg","fifu_image_alt":"","footnotes":""},"categories":[13],"tags":[],"class_list":["post-9418","post","type-post","status-publish","format-standard","has-post-thumbnail","","category-mundo"],"_links":{"self":[{"href":"https:\/\/noticiasveraces.com\/index.php?rest_route=\/wp\/v2\/posts\/9418","targetHints":{"allow":["GET"]}}],"collection":[{"href":"https:\/\/noticiasveraces.com\/index.php?rest_route=\/wp\/v2\/posts"}],"about":[{"href":"https:\/\/noticiasveraces.com\/index.php?rest_route=\/wp\/v2\/types\/post"}],"author":[{"embeddable":true,"href":"https:\/\/noticiasveraces.com\/index.php?rest_route=\/wp\/v2\/users\/1"}],"replies":[{"embeddable":true,"href":"https:\/\/noticiasveraces.com\/index.php?rest_route=%2Fwp%2Fv2%2Fcomments&post=9418"}],"version-history":[{"count":0,"href":"https:\/\/noticiasveraces.com\/index.php?rest_route=\/wp\/v2\/posts\/9418\/revisions"}],"wp:featuredmedia":[{"embeddable":true,"href":"https:\/\/noticiasveraces.com\/index.php?rest_route=\/wp\/v2\/media\/9419"}],"wp:attachment":[{"href":"https:\/\/noticiasveraces.com\/index.php?rest_route=%2Fwp%2Fv2%2Fmedia&parent=9418"}],"wp:term":[{"taxonomy":"category","embeddable":true,"href":"https:\/\/noticiasveraces.com\/index.php?rest_route=%2Fwp%2Fv2%2Fcategories&post=9418"},{"taxonomy":"post_tag","embeddable":true,"href":"https:\/\/noticiasveraces.com\/index.php?rest_route=%2Fwp%2Fv2%2Ftags&post=9418"}],"curies":[{"name":"wp","href":"https:\/\/api.w.org\/{rel}","templated":true}]}}