{"id":9404,"date":"2025-01-07T04:41:43","date_gmt":"2025-01-07T08:41:43","guid":{"rendered":"https:\/\/noticiasveraces.com\/?p=9404"},"modified":"2025-01-07T04:41:43","modified_gmt":"2025-01-07T08:41:43","slug":"afganos-aterrizan-en-filipinas-para-tramitar-visas-antes-de-su-reasentamiento-en-ee-uu","status":"publish","type":"post","link":"https:\/\/noticiasveraces.com\/?p=9404","title":{"rendered":"Afganos aterrizan en Filipinas para tramitar visas antes de su reasentamiento en EE.UU."},"content":{"rendered":"<p> \n<\/p>\n<div>\n<p class=\"speakable\">Un grupo de ciudadanos afganos aterriz\u00f3 este lunes en Filipinas para la tramitaci\u00f3n de visas especiales de inmigrante para su reasentamiento en EE.UU.<\/p>\n<p class=\"speakable\">Su llegada se produce como parte de un acuerdo entre los gobiernos filipino y estadounidense.<\/p>\n<p>Filipinas acord\u00f3 en julio albergar temporalmente un centro de procesamiento de visas de inmigrantes estadounidenses para un n\u00famero limitado de ciudadanos afganos que buscan hacer de Estados Unidos su nuevo hogar.<\/p>\n<p>Los ciudadanos afganos que llegaron a Filipinas el lunes recibieron visas de entrada, seg\u00fan Teresita Daza, portavoz del Departamento de Asuntos Exteriores de Filipinas.<\/p>\n<p><strong>BLINKEN DICE QUE &#8216;NO SE DISCULPA&#8217; POR TERMINAR LA &#8216;GUERRA M\u00c1S LARGA DE ESTADOS UNIDOS EN AFGANIST\u00c1N&#8217;<\/strong><\/p>\n<div class=\"image-ct inline\">\n<div class=\"m\"><picture><source media=\"(max-width: 767px)\" srcset=\"https:\/\/a57.foxnews.com\/static.foxnews.com\/foxnews.com\/content\/uploads\/2025\/01\/343\/192\/afghanarrivals.png?ve=1&amp;tl=1, https:\/\/a57.foxnews.com\/static.foxnews.com\/foxnews.com\/content\/uploads\/2025\/01\/686\/384\/afghanarrivals.png?ve=1&amp;tl=1 2x\" height=\"192\" width=\"343\"><source media=\"(min-width: 768px) and (max-width: 1023px)\" srcset=\"https:\/\/a57.foxnews.com\/static.foxnews.com\/foxnews.com\/content\/uploads\/2025\/01\/672\/378\/afghanarrivals.png?ve=1&amp;tl=1, https:\/\/a57.foxnews.com\/static.foxnews.com\/foxnews.com\/content\/uploads\/2025\/01\/1344\/756\/afghanarrivals.png?ve=1&amp;tl=1 2x\" height=\"378\" width=\"672\"><source media=\"(min-width: 1024px) and (max-width: 1279px)\" srcset=\"https:\/\/a57.foxnews.com\/static.foxnews.com\/foxnews.com\/content\/uploads\/2025\/01\/931\/523\/afghanarrivals.png?ve=1&amp;tl=1, https:\/\/a57.foxnews.com\/static.foxnews.com\/foxnews.com\/content\/uploads\/2025\/01\/1862\/1046\/afghanarrivals.png?ve=1&amp;tl=1 2x\" height=\"523\" width=\"931\"><source media=\"(min-width: 1280px)\" srcset=\"https:\/\/a57.foxnews.com\/static.foxnews.com\/foxnews.com\/content\/uploads\/2025\/01\/720\/405\/afghanarrivals.png?ve=1&amp;tl=1, https:\/\/a57.foxnews.com\/static.foxnews.com\/foxnews.com\/content\/uploads\/2025\/01\/1440\/810\/afghanarrivals.png?ve=1&amp;tl=1 2x\" height=\"405\" width=\"720\"><img loading=\"lazy\" decoding=\"async\" src=\"https:\/\/a57.foxnews.com\/static.foxnews.com\/foxnews.com\/content\/uploads\/2025\/01\/1200\/675\/afghanarrivals.png?ve=1&amp;tl=1\" alt=\"Solicitantes de visas de inmigrante especiales afganos estadounidenses en Filipinas\" width=\"1200\" height=\"675\"\/><\/source><\/source><\/source><\/source><\/picture><\/div>\n<div class=\"info\">\n<div class=\"caption\">\n<p><span>Los solicitantes de visas de inmigrante especiales afganos aterrizaron en Filipinas para su procesamiento el lunes antes del reasentamiento en los EE. UU.<\/span> <span>(AP)<\/span><\/p>\n<\/div>\n<\/div>\n<\/div>\n<p>Daza dijo que los ciudadanos afganos hab\u00edan completado una exhaustiva investigaci\u00f3n de seguridad y se hab\u00edan sometido a ex\u00e1menes m\u00e9dicos completos antes de llegar. Tambi\u00e9n dijo que el gobierno de Estados Unidos est\u00e1 cubriendo los costos de su estad\u00eda en Filipinas, incluidos alimentos, alojamiento, seguridad, gastos m\u00e9dicos y de transporte.<\/p>\n<p>No est\u00e1 claro cu\u00e1ntos ciudadanos afganos llegaron a Filipinas o cu\u00e1nto tiempo llevar\u00e1 el procesamiento de la visa, pero las reglas de Filipinas establecen que los solicitantes de visa no pueden permanecer m\u00e1s de 59 d\u00edas.<\/p>\n<div class=\"image-ct inline\">\n<div class=\"m\"><picture><source media=\"(max-width: 767px)\" srcset=\"https:\/\/a57.foxnews.com\/static.foxnews.com\/foxnews.com\/content\/uploads\/2025\/01\/343\/192\/filipinopres.png?ve=1&amp;tl=1, https:\/\/a57.foxnews.com\/static.foxnews.com\/foxnews.com\/content\/uploads\/2025\/01\/686\/384\/filipinopres.png?ve=1&amp;tl=1 2x\" height=\"192\" width=\"343\"><source media=\"(min-width: 768px) and (max-width: 1023px)\" srcset=\"https:\/\/a57.foxnews.com\/static.foxnews.com\/foxnews.com\/content\/uploads\/2025\/01\/672\/378\/filipinopres.png?ve=1&amp;tl=1, https:\/\/a57.foxnews.com\/static.foxnews.com\/foxnews.com\/content\/uploads\/2025\/01\/1344\/756\/filipinopres.png?ve=1&amp;tl=1 2x\" height=\"378\" width=\"672\"><source media=\"(min-width: 1024px) and (max-width: 1279px)\" srcset=\"https:\/\/a57.foxnews.com\/static.foxnews.com\/foxnews.com\/content\/uploads\/2025\/01\/931\/523\/filipinopres.png?ve=1&amp;tl=1, https:\/\/a57.foxnews.com\/static.foxnews.com\/foxnews.com\/content\/uploads\/2025\/01\/1862\/1046\/filipinopres.png?ve=1&amp;tl=1 2x\" height=\"523\" width=\"931\"><source media=\"(min-width: 1280px)\" srcset=\"https:\/\/a57.foxnews.com\/static.foxnews.com\/foxnews.com\/content\/uploads\/2025\/01\/720\/405\/filipinopres.png?ve=1&amp;tl=1, https:\/\/a57.foxnews.com\/static.foxnews.com\/foxnews.com\/content\/uploads\/2025\/01\/1440\/810\/filipinopres.png?ve=1&amp;tl=1 2x\" height=\"405\" width=\"720\"><img loading=\"lazy\" decoding=\"async\" src=\"https:\/\/a57.foxnews.com\/static.foxnews.com\/foxnews.com\/content\/uploads\/2025\/01\/1200\/675\/filipinopres.png?ve=1&amp;tl=1\" alt=\"El presidente de Filipinas, Ferdinand Marcos Jr., y el presidente de Estados Unidos, Joe Biden\" width=\"1200\" height=\"675\"\/><\/source><\/source><\/source><\/source><\/picture><\/div>\n<div class=\"info\">\n<div class=\"caption\">\n<p><span>El presidente Biden discuti\u00f3 el potencial de que Filipinas aloje el centro de procesamiento con el presidente filipino Ferdinand Marcos Jr. cuando visit\u00f3 Estados Unidos el a\u00f1o pasado.<\/span> <span>(AP)<\/span><\/p>\n<\/div>\n<\/div>\n<\/div>\n<p>Un alto funcionario filipino dijo el a\u00f1o pasado que s\u00f3lo entre 150 y 300 solicitantes ser\u00edan alojados en Filipinas bajo el acuerdo \u00ab\u00fanico\u00bb con el gobierno de Estados Unidos.<\/p>\n<p>Los ciudadanos afganos que buscaban reasentarse en Estados Unidos trabajaban principalmente para el gobierno estadounidense en Afganist\u00e1n o eran considerados elegibles para visas especiales de inmigrante estadounidenses, pero se quedaron atr\u00e1s durante la ca\u00f3tica retirada de tropas y civiles del pa\u00eds en 2021, lo que result\u00f3 en que los talibanes recuperaran control de la regi\u00f3n.<\/p>\n<p><strong>EL ASESOR DE SEGURIDAD NACIONAL DE BIDEN, JAKE SULLIVAN, SE OFRECE RENUNCIA POR LA RETIRADA CA\u00d3TICA DE AFGANIST\u00c1N: INFORME<\/strong><\/p>\n<div class=\"image-ct inline\">\n<div class=\"m\"><picture><source media=\"(max-width: 767px)\" srcset=\"https:\/\/a57.foxnews.com\/static.foxnews.com\/foxnews.com\/content\/uploads\/2024\/12\/343\/192\/ap24346590867278-scaled.jpg?ve=1&amp;tl=1, https:\/\/a57.foxnews.com\/static.foxnews.com\/foxnews.com\/content\/uploads\/2024\/12\/686\/384\/ap24346590867278-scaled.jpg?ve=1&amp;tl=1 2x\" height=\"192\" width=\"343\"><source media=\"(min-width: 768px) and (max-width: 1023px)\" srcset=\"https:\/\/a57.foxnews.com\/static.foxnews.com\/foxnews.com\/content\/uploads\/2024\/12\/672\/378\/ap24346590867278-scaled.jpg?ve=1&amp;tl=1, https:\/\/a57.foxnews.com\/static.foxnews.com\/foxnews.com\/content\/uploads\/2024\/12\/1344\/756\/ap24346590867278-scaled.jpg?ve=1&amp;tl=1 2x\" height=\"378\" width=\"672\"><source media=\"(min-width: 1024px) and (max-width: 1279px)\" srcset=\"https:\/\/a57.foxnews.com\/static.foxnews.com\/foxnews.com\/content\/uploads\/2024\/12\/931\/523\/ap24346590867278-scaled.jpg?ve=1&amp;tl=1, https:\/\/a57.foxnews.com\/static.foxnews.com\/foxnews.com\/content\/uploads\/2024\/12\/1862\/1046\/ap24346590867278-scaled.jpg?ve=1&amp;tl=1 2x\" height=\"523\" width=\"931\"><source media=\"(min-width: 1280px)\" srcset=\"https:\/\/a57.foxnews.com\/static.foxnews.com\/foxnews.com\/content\/uploads\/2024\/12\/720\/405\/ap24346590867278-scaled.jpg?ve=1&amp;tl=1, https:\/\/a57.foxnews.com\/static.foxnews.com\/foxnews.com\/content\/uploads\/2024\/12\/1440\/810\/ap24346590867278-scaled.jpg?ve=1&amp;tl=1 2x\" height=\"405\" width=\"720\"><img loading=\"lazy\" decoding=\"async\" src=\"https:\/\/a57.foxnews.com\/static.foxnews.com\/foxnews.com\/content\/uploads\/2024\/12\/1200\/675\/ap24346590867278-scaled.jpg?ve=1&amp;tl=1\" alt=\"Blinken testifica\" width=\"1200\" height=\"675\"\/><\/source><\/source><\/source><\/source><\/picture><\/div>\n<div class=\"info\">\n<div class=\"caption\">\n<p><span>El secretario de Estado, Antony Blinken, plante\u00f3 inicialmente la idea de que Filipinas albergara el centro de procesamiento cuando habl\u00f3 con su hom\u00f3logo filipino en 2022.<\/span> <span>(Foto AP\/J. Scott Applewhite)<\/span><\/p>\n<\/div>\n<\/div>\n<\/div>\n<p><strong><u>HAGA CLIC AQU\u00cd PARA OBTENER LA APLICACI\u00d3N FOX NEWS<\/u><\/strong><\/p>\n<p>El secretario de Estado, Antony Blinken, solicit\u00f3 por primera vez que Filipinas albergara el centro de procesamiento a su hom\u00f3logo filipino en 2022. Posteriormente, el presidente Biden discuti\u00f3 la solicitud con el presidente filipino Ferdinand Marcos Jr. cuando visit\u00f3 Estados Unidos el a\u00f1o pasado.<\/p>\n<p>Marcos Jr. ha renovado sus relaciones con Estados Unidos desde que gan\u00f3 las elecciones presidenciales hace dos a\u00f1os. Hace casi un a\u00f1o, permiti\u00f3 que el ej\u00e9rcito estadounidense ampliara su presencia en virtud de un acuerdo de defensa de 2014, una medida que molest\u00f3 a los funcionarios chinos.<\/p>\n<p><i>La Prensa Asociada contribuy\u00f3 a este informe.<\/i><\/p>\n<p> <!---->  <\/div>\n\n","protected":false},"excerpt":{"rendered":"<p>Un grupo de ciudadanos afganos aterriz\u00f3 este lunes en Filipinas para la tramitaci\u00f3n de visas especiales de inmigrante para su reasentamiento en EE.UU. Su llegada se produce como parte de un acuerdo entre los gobiernos filipino y estadounidense. Filipinas acord\u00f3 en julio albergar temporalmente un centro de procesamiento de visas de inmigrantes estadounidenses para un &hellip;<\/p>\n","protected":false},"author":1,"featured_media":9406,"comment_status":"open","ping_status":"open","sticky":false,"template":"","format":"standard","meta":{"fifu_image_url":"https:\/\/static.foxnews.com\/foxnews.com\/content\/uploads\/2025\/01\/afghanarrivals.png","fifu_image_alt":"","footnotes":""},"categories":[13],"tags":[],"class_list":["post-9404","post","type-post","status-publish","format-standard","has-post-thumbnail","","category-mundo"],"_links":{"self":[{"href":"https:\/\/noticiasveraces.com\/index.php?rest_route=\/wp\/v2\/posts\/9404","targetHints":{"allow":["GET"]}}],"collection":[{"href":"https:\/\/noticiasveraces.com\/index.php?rest_route=\/wp\/v2\/posts"}],"about":[{"href":"https:\/\/noticiasveraces.com\/index.php?rest_route=\/wp\/v2\/types\/post"}],"author":[{"embeddable":true,"href":"https:\/\/noticiasveraces.com\/index.php?rest_route=\/wp\/v2\/users\/1"}],"replies":[{"embeddable":true,"href":"https:\/\/noticiasveraces.com\/index.php?rest_route=%2Fwp%2Fv2%2Fcomments&post=9404"}],"version-history":[{"count":0,"href":"https:\/\/noticiasveraces.com\/index.php?rest_route=\/wp\/v2\/posts\/9404\/revisions"}],"wp:featuredmedia":[{"embeddable":true,"href":"https:\/\/noticiasveraces.com\/index.php?rest_route=\/wp\/v2\/media\/9406"}],"wp:attachment":[{"href":"https:\/\/noticiasveraces.com\/index.php?rest_route=%2Fwp%2Fv2%2Fmedia&parent=9404"}],"wp:term":[{"taxonomy":"category","embeddable":true,"href":"https:\/\/noticiasveraces.com\/index.php?rest_route=%2Fwp%2Fv2%2Fcategories&post=9404"},{"taxonomy":"post_tag","embeddable":true,"href":"https:\/\/noticiasveraces.com\/index.php?rest_route=%2Fwp%2Fv2%2Ftags&post=9404"}],"curies":[{"name":"wp","href":"https:\/\/api.w.org\/{rel}","templated":true}]}}