{"id":9375,"date":"2025-01-06T22:25:12","date_gmt":"2025-01-07T02:25:12","guid":{"rendered":"https:\/\/noticiasveraces.com\/?p=9375"},"modified":"2025-01-06T22:25:12","modified_gmt":"2025-01-07T02:25:12","slug":"el-congo-ejecutara-a-mas-de-170-personas-condenadas-por-robo-a-mano-armada-dice-un-funcionario","status":"publish","type":"post","link":"https:\/\/noticiasveraces.com\/?p=9375","title":{"rendered":"El Congo ejecutar\u00e1 a m\u00e1s de 170 personas condenadas por robo a mano armada, dice un funcionario"},"content":{"rendered":"<p> \n<\/p>\n<div>\n<p class=\"speakable\">M\u00e1s de 170 presos condenados a muerte fueron trasladados en avi\u00f3n desde la capital del Congo a una prisi\u00f3n de alta seguridad en el norte, donde ser\u00e1n ejecutados, dijeron las autoridades congole\u00f1as.<\/p>\n<p class=\"speakable\">Setenta de los presos fueron transportados el domingo, dijo el Ministro de Justicia congole\u00f1o, Constant Mutamba, sum\u00e1ndose a otros 102 presos que ya han sido enviados a la prisi\u00f3n de Angenga, en la provincia norte\u00f1a de Mongala.<\/p>\n<p>Los hombres han sido condenados por robo a mano armada y son conocidos localmente como \u00abKulunas\u00bb o \u00abbandidos urbanos\u00bb. Tienen entre 18 y 35 a\u00f1os, dijo Mutamba en un comunicado. No dijo cu\u00e1ndo se llevar\u00edan a cabo las ejecuciones.<\/p>\n<p>Algunos han acogido con satisfacci\u00f3n la medida como un medio para restablecer el orden y la seguridad en las ciudades, mientras que otros est\u00e1n preocupados por los riesgos de abusos y violaciones de derechos humanos.<\/p>\n<p><strong>3 ESTADOUNIDENSES EN EL CONGO CONDENADOS A MUERTE TRAS INTENTO DE GOLPE<\/strong><\/p>\n<p>\u00abAcogemos con satisfacci\u00f3n esta decisi\u00f3n del ministro porque ayudar\u00e1 a poner fin a la delincuencia urbana. A partir de las 20.00 horas, no puedes moverte libremente porque tienes miedo de toparte con un kuluna\u00bb, dijo Fiston Kakule, residente de la ciudad oriental de Goma.<\/p>\n<p>Espoir Muhinuka, activista de derechos humanos, advirti\u00f3 de la posibilidad de ejecuciones extrajudiciales y pidi\u00f3 un estricto respeto a los procedimientos judiciales y a las garant\u00edas fundamentales. Teme que la presi\u00f3n pol\u00edtica pueda dar lugar a condenas injustas y ejecuciones arbitrarias.<\/p>\n<div class=\"image-ct inline\">\n<div class=\"m\"><picture><source media=\"(max-width: 767px)\" srcset=\"https:\/\/a57.foxnews.com\/static.foxnews.com\/foxnews.com\/content\/uploads\/2023\/07\/343\/192\/drc_flag.jpg?ve=1&amp;tl=1, https:\/\/a57.foxnews.com\/static.foxnews.com\/foxnews.com\/content\/uploads\/2023\/07\/686\/384\/drc_flag.jpg?ve=1&amp;tl=1 2x\" height=\"192\" width=\"343\"><source media=\"(min-width: 768px) and (max-width: 1023px)\" srcset=\"https:\/\/a57.foxnews.com\/static.foxnews.com\/foxnews.com\/content\/uploads\/2023\/07\/672\/378\/drc_flag.jpg?ve=1&amp;tl=1, https:\/\/a57.foxnews.com\/static.foxnews.com\/foxnews.com\/content\/uploads\/2023\/07\/1344\/756\/drc_flag.jpg?ve=1&amp;tl=1 2x\" height=\"378\" width=\"672\"><source media=\"(min-width: 1024px) and (max-width: 1279px)\" srcset=\"https:\/\/a57.foxnews.com\/static.foxnews.com\/foxnews.com\/content\/uploads\/2023\/07\/931\/523\/drc_flag.jpg?ve=1&amp;tl=1, https:\/\/a57.foxnews.com\/static.foxnews.com\/foxnews.com\/content\/uploads\/2023\/07\/1862\/1046\/drc_flag.jpg?ve=1&amp;tl=1 2x\" height=\"523\" width=\"931\"><source media=\"(min-width: 1280px)\" srcset=\"https:\/\/a57.foxnews.com\/static.foxnews.com\/foxnews.com\/content\/uploads\/2023\/07\/720\/405\/drc_flag.jpg?ve=1&amp;tl=1, https:\/\/a57.foxnews.com\/static.foxnews.com\/foxnews.com\/content\/uploads\/2023\/07\/1440\/810\/drc_flag.jpg?ve=1&amp;tl=1 2x\" height=\"405\" width=\"720\"><img loading=\"lazy\" decoding=\"async\" src=\"https:\/\/a57.foxnews.com\/static.foxnews.com\/foxnews.com\/content\/uploads\/2023\/07\/1200\/675\/drc_flag.jpg?ve=1&amp;tl=1\" alt=\"bandera congole\u00f1a\" width=\"1200\" height=\"675\"\/><\/source><\/source><\/source><\/source><\/picture><\/div>\n<div class=\"info\">\n<div class=\"caption\">\n<p><span>La bandera de la Rep\u00fablica Democr\u00e1tica del Congo se ve en Beijing, el 26 de mayo de 2023.<\/span> <span>(Foto de Wang Xin\/VCG)<\/span><\/p>\n<\/div>\n<\/div>\n<\/div>\n<p>\u00abLa situaci\u00f3n en la Rep\u00fablica Democr\u00e1tica del Congo es compleja y requiere un enfoque multidimensional. La lucha contra las pandillas urbanas debe ir de la mano de esfuerzos para combatir la pobreza, el desempleo y la exclusi\u00f3n social, que a menudo son factores que contribuyen a la delincuencia\u00bb, afirm\u00f3.<\/p>\n<p>El Congo aboli\u00f3 la pena de muerte en 1981, pero fue restablecida en 2006. La \u00faltima ejecuci\u00f3n tuvo lugar en 2003.<\/p>\n<p><strong>HAGA CLIC AQU\u00cd PARA OBTENER LA APLICACI\u00d3N FOX NEWS<\/strong><\/p>\n<p>En marzo de 2024, el gobierno congole\u00f1o anunci\u00f3 la reanudaci\u00f3n de la pena capital en casos de traici\u00f3n por parte de personal militar. En mayo, ocho soldados fueron condenados a muerte y, en julio, 25 soldados fueron declarados culpables de delitos similares. No se sabe que ninguno haya sido ejecutado.<\/p>\n<p> <!----> <!----> <\/div>\n\n","protected":false},"excerpt":{"rendered":"<p>M\u00e1s de 170 presos condenados a muerte fueron trasladados en avi\u00f3n desde la capital del Congo a una prisi\u00f3n de alta seguridad en el norte, donde ser\u00e1n ejecutados, dijeron las autoridades congole\u00f1as. Setenta de los presos fueron transportados el domingo, dijo el Ministro de Justicia congole\u00f1o, Constant Mutamba, sum\u00e1ndose a otros 102 presos que ya &hellip;<\/p>\n","protected":false},"author":1,"featured_media":9377,"comment_status":"open","ping_status":"open","sticky":false,"template":"","format":"standard","meta":{"fifu_image_url":"https:\/\/static.foxnews.com\/foxnews.com\/content\/uploads\/2023\/07\/drc_flag.jpg","fifu_image_alt":"","footnotes":""},"categories":[13],"tags":[],"class_list":["post-9375","post","type-post","status-publish","format-standard","has-post-thumbnail","","category-mundo"],"_links":{"self":[{"href":"https:\/\/noticiasveraces.com\/index.php?rest_route=\/wp\/v2\/posts\/9375","targetHints":{"allow":["GET"]}}],"collection":[{"href":"https:\/\/noticiasveraces.com\/index.php?rest_route=\/wp\/v2\/posts"}],"about":[{"href":"https:\/\/noticiasveraces.com\/index.php?rest_route=\/wp\/v2\/types\/post"}],"author":[{"embeddable":true,"href":"https:\/\/noticiasveraces.com\/index.php?rest_route=\/wp\/v2\/users\/1"}],"replies":[{"embeddable":true,"href":"https:\/\/noticiasveraces.com\/index.php?rest_route=%2Fwp%2Fv2%2Fcomments&post=9375"}],"version-history":[{"count":0,"href":"https:\/\/noticiasveraces.com\/index.php?rest_route=\/wp\/v2\/posts\/9375\/revisions"}],"wp:featuredmedia":[{"embeddable":true,"href":"https:\/\/noticiasveraces.com\/index.php?rest_route=\/wp\/v2\/media\/9377"}],"wp:attachment":[{"href":"https:\/\/noticiasveraces.com\/index.php?rest_route=%2Fwp%2Fv2%2Fmedia&parent=9375"}],"wp:term":[{"taxonomy":"category","embeddable":true,"href":"https:\/\/noticiasveraces.com\/index.php?rest_route=%2Fwp%2Fv2%2Fcategories&post=9375"},{"taxonomy":"post_tag","embeddable":true,"href":"https:\/\/noticiasveraces.com\/index.php?rest_route=%2Fwp%2Fv2%2Ftags&post=9375"}],"curies":[{"name":"wp","href":"https:\/\/api.w.org\/{rel}","templated":true}]}}