{"id":9360,"date":"2025-01-06T20:35:11","date_gmt":"2025-01-07T00:35:11","guid":{"rendered":"https:\/\/noticiasveraces.com\/?p=9360"},"modified":"2025-01-06T20:35:11","modified_gmt":"2025-01-07T00:35:11","slug":"carlos-sainz-abandona-el-dakar-la-fia-no-da-opcion-al-espanol","status":"publish","type":"post","link":"https:\/\/noticiasveraces.com\/?p=9360","title":{"rendered":"Carlos Sainz abandona el Dakar: la FIA no da opci\u00f3n al espa\u00f1ol"},"content":{"rendered":"<p> \n<br \/><img decoding=\"async\" src=\"https:\/\/fotografias.antena3.com\/clipping\/cmsimages01\/2025\/01\/05\/AEB043FB-E334-41B2-B088-44C629E96413\/asi-quedado-ford-raptor-carlos-sainz-accidente_96.jpg?crop=4096,2304,x0,y0&amp;width=1200&amp;height=675&amp;optimize=low&amp;format=webply\" \/><\/p>\n<p>La <b>FIA<\/b> ha hecho oficial la no continuidad en el Dakar del raptor de <b>Carlos Sainz y Lucas Cruz.<\/b>. Tras la publicaci\u00f3n de la lista de salida para la tercera etapa, el veh\u00edculo de los espa\u00f1oles no figuraba dentro de ese listado en el que se reconoc\u00edan todos los coches participantes. \u00abDebido a los da\u00f1os en la jaula de seguridad del veh\u00edculo #225 (Carlos Sainz y Lucas Cruz) derivados del accidente en la primera parte de la 48 Horas del Dakar 2025, en consideraci\u00f3n con las regulaciones de la FIA se ha decidido retirar el veh\u00edculo \u00ab, ha se\u00f1alado la marca de coches &#8216;Ford&#8217; en un comunicado. <\/p>\n<p>El vuelco que sufri\u00f3 el coche de los espa\u00f1oles ante una duna dej\u00f3 al veh\u00edculo sin parte de la <b>carrocer\u00eda delantera y trasera,<\/b> sin el cristal delantero del coche y con una de las puertas abri\u00e9ndose de par en par a su marcha. La pareja de espa\u00f1oles ten\u00eda que comenzar la etapa con el h\u00e1ndicap de tener que afrontar todo el recorrido sin parabrisas, protegidos \u00fanicamente con gafas de moto y con una sola rueda de repuesto. Lucas Cruz ya se mostr\u00f3 preocupado con el estado del coche por un chasis que se hab\u00eda quedado afectado tras el impacto. <\/p>\n<p>Alrededor de las 17:00 horas, varios comisarios de la FIA se acercaron al coche hasta el coche de Carlos Sainz y Lucas Cruz para realizar un chequeo del coche. Dos horas m\u00e1s tarde, en torno a las 19:00 horas, se confirma la mala noticia. Desde &#8216;Ford&#8217; han se\u00f1alado que podr\u00edan haberlo reparado pero las normas de la FIA han sido claras: si las partes del chasis afectadas no influyen en la seguridad de los integrantes del veh\u00edculo, la marca tiene margen de reparaci\u00f3n; De lo contrario, el veh\u00edculo abandonar\u00eda el Dakar. La resoluci\u00f3n no ha gustado a &#8216;<b>Vado<\/b>&#8216; que se ha mostrado disconforme con la decisi\u00f3n tomada por la <b>FIA<\/b>. <\/p>\n<p><h2 class=\"title-h2\">Mala &#8216;etapa reina&#8217;<\/h2>\n<\/p>\n<p>Esta edici\u00f3n del <b>dakar<\/b> no ha sido como hab\u00eda esperado la pareja de espa\u00f1oles. Tras el accidente, estaba todo en contra y solo cab\u00eda esperar que la diferencia de tiempo con las que acabaron ayer (59 minutos) se alargaran y as\u00ed fue: antes del kil\u00f3metro 933 se pararon. Asimismo, la pareja de espa\u00f1oles se perdi\u00f3 buscando un &#8216;waypoint&#8217;, lo que provoc\u00f3 que llegasen a la l\u00ednea de meta qued\u00e1ndose a 1 hora y 28 minutos del l\u00edder. <\/p>\n<p><i>S\u00edguenos en nuestro canal de WhatsApp y no te pierdas la \u00faltima hora y toda la actualidad de antena3noticias.com<\/i><\/p>\n\n","protected":false},"excerpt":{"rendered":"<p>La FIA ha hecho oficial la no continuidad en el Dakar del raptor de Carlos Sainz y Lucas Cruz.. Tras la publicaci\u00f3n de la lista de salida para la tercera etapa, el veh\u00edculo de los espa\u00f1oles no figuraba dentro de ese listado en el que se reconoc\u00edan todos los coches participantes. \u00abDebido a los da\u00f1os &hellip;<\/p>\n","protected":false},"author":1,"featured_media":9362,"comment_status":"open","ping_status":"open","sticky":false,"template":"","format":"standard","meta":{"fifu_image_url":"https:\/\/fotografias.antena3.com\/clipping\/cmsimages01\/2025\/01\/05\/AEB043FB-E334-41B2-B088-44C629E96413\/asi-quedado-ford-raptor-carlos-sainz-accidente_69.jpg?crop=4096,2304,x0,y0&width=1280&height=720&optimize=low&format=jpg","fifu_image_alt":"","footnotes":""},"categories":[6],"tags":[],"class_list":["post-9360","post","type-post","status-publish","format-standard","has-post-thumbnail","","category-deportes"],"_links":{"self":[{"href":"https:\/\/noticiasveraces.com\/index.php?rest_route=\/wp\/v2\/posts\/9360","targetHints":{"allow":["GET"]}}],"collection":[{"href":"https:\/\/noticiasveraces.com\/index.php?rest_route=\/wp\/v2\/posts"}],"about":[{"href":"https:\/\/noticiasveraces.com\/index.php?rest_route=\/wp\/v2\/types\/post"}],"author":[{"embeddable":true,"href":"https:\/\/noticiasveraces.com\/index.php?rest_route=\/wp\/v2\/users\/1"}],"replies":[{"embeddable":true,"href":"https:\/\/noticiasveraces.com\/index.php?rest_route=%2Fwp%2Fv2%2Fcomments&post=9360"}],"version-history":[{"count":0,"href":"https:\/\/noticiasveraces.com\/index.php?rest_route=\/wp\/v2\/posts\/9360\/revisions"}],"wp:featuredmedia":[{"embeddable":true,"href":"https:\/\/noticiasveraces.com\/index.php?rest_route=\/wp\/v2\/media\/9362"}],"wp:attachment":[{"href":"https:\/\/noticiasveraces.com\/index.php?rest_route=%2Fwp%2Fv2%2Fmedia&parent=9360"}],"wp:term":[{"taxonomy":"category","embeddable":true,"href":"https:\/\/noticiasveraces.com\/index.php?rest_route=%2Fwp%2Fv2%2Fcategories&post=9360"},{"taxonomy":"post_tag","embeddable":true,"href":"https:\/\/noticiasveraces.com\/index.php?rest_route=%2Fwp%2Fv2%2Ftags&post=9360"}],"curies":[{"name":"wp","href":"https:\/\/api.w.org\/{rel}","templated":true}]}}