{"id":9341,"date":"2025-01-06T18:50:12","date_gmt":"2025-01-06T22:50:12","guid":{"rendered":"https:\/\/noticiasveraces.com\/?p=9341"},"modified":"2025-01-06T18:50:12","modified_gmt":"2025-01-06T22:50:12","slug":"emisario-asegura-que-israel-empezo-a-retirarse-del-libano-dw-01-06-2025","status":"publish","type":"post","link":"https:\/\/noticiasveraces.com\/?p=9341","title":{"rendered":"Emisario asegura que Israel empez\u00f3 a retirarse del L\u00edbano \u2013 DW \u2013 01\/06\/2025"},"content":{"rendered":"<p> \n<\/p>\n<div>\n<p>El emisario estadounidense Amos Hochstein, enviado especial de su pa\u00eds para las negociaciones de paz entre Hezbol\u00e1 e Israel, asegur\u00f3 este lunes (01.06.2025) que las fuerzas israel\u00edes comenzaron a retirarse de la localidad fronteriza de Naqura, en el sur de L\u00edbano, m\u00e1s de un mes despu\u00e9s de la entrada en vigor de un alto al fuego con el grupo islamista liban\u00e9s.<\/p>\n<p>\u00abLos militares israel\u00edes iniciaron su retirada de Naqura -donde est\u00e1 el cuartel general de los cascos azules- y volvieron hoy a Israel, al sur de la l\u00ednea azul\u00bb, declar\u00f3 en referencia a la demarcaci\u00f3n se\u00f1alada por la ONU en la frontera sur de L\u00edbano . \u00abEsta retirada comenzar\u00e1 hasta que las fuerzas israel\u00edes se vayan totalmente de L\u00edbano y el ej\u00e9rcito liban\u00e9s siga su despliegue en el sur ya lo largo de la l\u00ednea azul\u00bb, afirm\u00f3 Hochstein.<\/p>\n<p>Asimismo, tras mantener una reuni\u00f3n con el primer ministro liban\u00e9s, Najib Mikati, Hochstein afirm\u00f3 que la retirada -que debe ocurrir hasta sesenta d\u00edas despu\u00e9s de iniciado el alto al fuego, el pasado 27 de noviembre- ser\u00e1 de forma gradual. \u00abY quiero decir que este no es un proceso f\u00e1cil de implementar. Es un proceso dif\u00edcil\u00bb, dijo el enviado estadounidense.<\/p>\n<h2>Pide fin de ataques<\/h2>\n<p>\u00abEste proceso no es f\u00e1cil, pero es exitoso, y creo que la retirada de hoy del ej\u00e9rcito israel\u00ed hacia Israel en el lado occidental ser\u00e1 seguida por otras retiradas hasta que est\u00e9n completamente fuera del L\u00edbano\u00bb, reiter\u00f3. Asimismo, Hochstein reafirm\u00f3 el compromiso de Washington de apoyar al Ej\u00e9rcito liban\u00e9s y con la implementaci\u00f3n del acuerdo.<\/p>\n<p>Por su parte, Mikati pidi\u00f3 \u00abestablecer un calendario claro para completar la retirada israel\u00ed antes de que finalice el per\u00edodo de 60 d\u00edas\u00bb, seg\u00fan un comunicado de su oficina, en el que tambi\u00e9n exigi\u00f3 \u00abponer fin a las violaciones israel\u00edes del alto al fuego\u00bb. , los continuos ataques a las ciudades del sur y la destrucci\u00f3n sistem\u00e1tica de viviendas e instalaciones\u00bb.<\/p>\n<p>DZC (AFP, EFE)<\/p>\n<\/div>\n\n","protected":false},"excerpt":{"rendered":"<p>El emisario estadounidense Amos Hochstein, enviado especial de su pa\u00eds para las negociaciones de paz entre Hezbol\u00e1 e Israel, asegur\u00f3 este lunes (01.06.2025) que las fuerzas israel\u00edes comenzaron a retirarse de la localidad fronteriza de Naqura, en el sur de L\u00edbano, m\u00e1s de un mes despu\u00e9s de la entrada en vigor de un alto al &hellip;<\/p>\n","protected":false},"author":1,"featured_media":9342,"comment_status":"open","ping_status":"open","sticky":false,"template":"","format":"standard","meta":{"fifu_image_url":"https:\/\/static.dw.com\/image\/70944949_6.jpg","fifu_image_alt":"","footnotes":""},"categories":[13],"tags":[],"class_list":["post-9341","post","type-post","status-publish","format-standard","has-post-thumbnail","","category-mundo"],"_links":{"self":[{"href":"https:\/\/noticiasveraces.com\/index.php?rest_route=\/wp\/v2\/posts\/9341","targetHints":{"allow":["GET"]}}],"collection":[{"href":"https:\/\/noticiasveraces.com\/index.php?rest_route=\/wp\/v2\/posts"}],"about":[{"href":"https:\/\/noticiasveraces.com\/index.php?rest_route=\/wp\/v2\/types\/post"}],"author":[{"embeddable":true,"href":"https:\/\/noticiasveraces.com\/index.php?rest_route=\/wp\/v2\/users\/1"}],"replies":[{"embeddable":true,"href":"https:\/\/noticiasveraces.com\/index.php?rest_route=%2Fwp%2Fv2%2Fcomments&post=9341"}],"version-history":[{"count":0,"href":"https:\/\/noticiasveraces.com\/index.php?rest_route=\/wp\/v2\/posts\/9341\/revisions"}],"wp:featuredmedia":[{"embeddable":true,"href":"https:\/\/noticiasveraces.com\/index.php?rest_route=\/wp\/v2\/media\/9342"}],"wp:attachment":[{"href":"https:\/\/noticiasveraces.com\/index.php?rest_route=%2Fwp%2Fv2%2Fmedia&parent=9341"}],"wp:term":[{"taxonomy":"category","embeddable":true,"href":"https:\/\/noticiasveraces.com\/index.php?rest_route=%2Fwp%2Fv2%2Fcategories&post=9341"},{"taxonomy":"post_tag","embeddable":true,"href":"https:\/\/noticiasveraces.com\/index.php?rest_route=%2Fwp%2Fv2%2Ftags&post=9341"}],"curies":[{"name":"wp","href":"https:\/\/api.w.org\/{rel}","templated":true}]}}