{"id":9338,"date":"2025-01-06T17:45:11","date_gmt":"2025-01-06T21:45:11","guid":{"rendered":"https:\/\/noticiasveraces.com\/?p=9338"},"modified":"2025-01-06T17:45:11","modified_gmt":"2025-01-06T21:45:11","slug":"quien-es-pierre-poilievre-el-lider-conservador-de-canada-busca-convertirse-en-el-proximo-primer-ministro-despues-de-la-salida-de-trudeau","status":"publish","type":"post","link":"https:\/\/noticiasveraces.com\/?p=9338","title":{"rendered":"\u00bfQui\u00e9n es Pierre Poilievre? El l\u00edder conservador de Canad\u00e1 busca convertirse en el pr\u00f3ximo primer ministro despu\u00e9s de la salida de Trudeau"},"content":{"rendered":"<p> \n<\/p>\n<div>\n<div class=\"article-gating gated-overlay\">\n<div class=\"article-gating-wrapper\">\n<p>\u00danase a Fox News para acceder a este contenido<\/p>\n<p>Adem\u00e1s, acceso especial a art\u00edculos seleccionados y otro contenido premium con su cuenta, sin cargo.<\/p>\n<div class=\"article-gating-legal tablet-desktop\">Al ingresar su correo electr\u00f3nico y presionar Continuar, acepta los T\u00e9rminos de uso y la Pol\u00edtica de privacidad de Fox News, que incluye nuestro Aviso de incentivo financiero.\n    <\/div>\n<p><span>Por favor, introduce una direcci\u00f3n de correo electr\u00f3nico v\u00e1lida.<\/span><\/p>\n<footer class=\"article-gating-footer\">\u00bfTienes problemas? Haga clic aqu\u00ed.<\/footer>\n<\/div>\n<\/div>\n<p class=\"speakable\"><strong>OTTAWA, Canad\u00e1\u2014 <\/strong>Con el anuncio del primer ministro canadiense, Justin Trudeau, el lunes por la ma\u00f1ana, de que dejar\u00e1 su cargo de l\u00edder del Partido Liberal, quienquiera que lo suceda se enfrentar\u00e1 al l\u00edder oficial de la oposici\u00f3n, Pierre Poilievre, cuyo Partido Conservador cuenta con casi tres veces el apoyo de los votantes comprometidos (47% frente a 18%). para los liberales) en las elecciones generales de este a\u00f1o.<\/p>\n<p class=\"speakable\">Elegido por primera vez a la C\u00e1mara de los Comunes en 2004, Poilievre, de 45 a\u00f1os y nacido en Calgary, se convirti\u00f3 en l\u00edder de los conservadores canadienses en 2022 y ha visto c\u00f3mo su partido crec\u00eda en popularidad a medida que los canadienses se cansaban de 53 a\u00f1os. Trudeau, cuyos liberales formaron gobierno en 2015.<\/p>\n<p>\u00abTraer a casa el sue\u00f1o canadiense\u00bb ha sido uno de los temas principales de los conservadores, y Poilievre ha calificado a los liberales de gobernar con \u00abuna ideolog\u00eda extremadamente radical\u00bb, que describi\u00f3 como \u00absocialismo b\u00e1sicamente autoritario\u00bb, en una entrevista reciente de 90 minutos. con el popular presentador de podcasts Jordan Peterson.<\/p>\n<p><strong>TRUDEAU DE CANAD\u00c1 ANUNCIA SU RENUNCIA TRAS LA PRESI\u00d3N DEL PARTIDO EN MEDIO DE CR\u00cdTICAS A TRUMP Y EL MANEJO PRESUPUESTARIO<\/strong><\/p>\n<div class=\"image-ct inline\">\n<div class=\"m\"><picture><source media=\"(max-width: 767px)\" srcset=\"https:\/\/a57.foxnews.com\/static.foxnews.com\/foxnews.com\/content\/uploads\/2024\/10\/343\/192\/gettyimages-2122774737.jpg?ve=1&amp;tl=1, https:\/\/a57.foxnews.com\/static.foxnews.com\/foxnews.com\/content\/uploads\/2024\/10\/686\/384\/gettyimages-2122774737.jpg?ve=1&amp;tl=1 2x\" height=\"192\" width=\"343\"><source media=\"(min-width: 768px) and (max-width: 1023px)\" srcset=\"https:\/\/a57.foxnews.com\/static.foxnews.com\/foxnews.com\/content\/uploads\/2024\/10\/672\/378\/gettyimages-2122774737.jpg?ve=1&amp;tl=1, https:\/\/a57.foxnews.com\/static.foxnews.com\/foxnews.com\/content\/uploads\/2024\/10\/1344\/756\/gettyimages-2122774737.jpg?ve=1&amp;tl=1 2x\" height=\"378\" width=\"672\"><source media=\"(min-width: 1024px) and (max-width: 1279px)\" srcset=\"https:\/\/a57.foxnews.com\/static.foxnews.com\/foxnews.com\/content\/uploads\/2024\/10\/931\/523\/gettyimages-2122774737.jpg?ve=1&amp;tl=1, https:\/\/a57.foxnews.com\/static.foxnews.com\/foxnews.com\/content\/uploads\/2024\/10\/1862\/1046\/gettyimages-2122774737.jpg?ve=1&amp;tl=1 2x\" height=\"523\" width=\"931\"><source media=\"(min-width: 1280px)\" srcset=\"https:\/\/a57.foxnews.com\/static.foxnews.com\/foxnews.com\/content\/uploads\/2024\/10\/720\/405\/gettyimages-2122774737.jpg?ve=1&amp;tl=1, https:\/\/a57.foxnews.com\/static.foxnews.com\/foxnews.com\/content\/uploads\/2024\/10\/1440\/810\/gettyimages-2122774737.jpg?ve=1&amp;tl=1 2x\" height=\"405\" width=\"720\"><img loading=\"lazy\" decoding=\"async\" src=\"https:\/\/a57.foxnews.com\/static.foxnews.com\/foxnews.com\/content\/uploads\/2024\/10\/1200\/675\/gettyimages-2122774737.jpg?ve=1&amp;tl=1\" alt=\"El l\u00edder del Partido Conservador de Canad\u00e1, Pierre Poilievre, habla durante una manifestaci\u00f3n 'Spike the Hike - Ax the Tax' en Edmonton, el 27 de marzo de 2024, en Edmonton, Alberta, Canad\u00e1. \" width=\"1200\" height=\"675\"\/><\/source><\/source><\/source><\/source><\/picture><\/div>\n<div class=\"info\">\n<div class=\"caption\">\n<p><span>El l\u00edder del Partido Conservador de Canad\u00e1, Pierre Poilievre, habla durante una manifestaci\u00f3n &#8216;Spike the Hike &#8211; Ax the Tax&#8217; en Edmonton, el 27 de marzo de 2024, en Edmonton, Alberta, Canad\u00e1. <\/span> <span>(Artur Widak\/NurPhoto v\u00eda Getty Images)<\/span><\/p>\n<\/div>\n<\/div>\n<\/div>\n<p>\u00abLa gente est\u00e1 harta y cansada de la grandiosidad\u00bb, afirm\u00f3 Poilievre. \u00abEl despertar horrendo y ut\u00f3pico\u00bb sirve, dijo, a \u00abpersonalidades ego\u00edstas de arriba\u00bb, en lugar de a \u00abla gente com\u00fan\u00bb.<\/p>\n<p>Trudeau ha dicho que Poilievre quiere \u00abhacer grande a Canad\u00e1 otra vez\u00bb, comparando al l\u00edder conservador con el presidente entrante de Estados Unidos, Donald Trump, y su mantra \u00abHacer que Estados Unidos vuelva a ser grande\u00bb.<\/p>\n<p>Pero si bien los mensajes populistas de Poilievre han generado comparaciones con el enfoque pol\u00edtico de Trump, el l\u00edder conservador canadiense ha rechazado los recientes comentarios del presidente electo sobre convertir a Canad\u00e1 en el estado n\u00famero 51.<\/p>\n<p>\u00abTengo la fuerza y \u200b\u200bla inteligencia para defender a este pa\u00eds y mi mensaje al presidente entrante Trump es que, ante todo, Canad\u00e1 nunca ser\u00e1 el estado n\u00famero 51 de Estados Unidos\u00bb, dijo Poilievre en una entrevista con la emisora \u200b\u200bcanadiense CTV News. , antes de Navidad.<\/p>\n<div class=\"image-ct inline\">\n<div class=\"m\"><picture><source media=\"(max-width: 767px)\" srcset=\"https:\/\/a57.foxnews.com\/static.foxnews.com\/foxnews.com\/content\/uploads\/2025\/01\/343\/192\/justin-trudeau-resignation.jpg?ve=1&amp;tl=1, https:\/\/a57.foxnews.com\/static.foxnews.com\/foxnews.com\/content\/uploads\/2025\/01\/686\/384\/justin-trudeau-resignation.jpg?ve=1&amp;tl=1 2x\" height=\"192\" width=\"343\"><source media=\"(min-width: 768px) and (max-width: 1023px)\" srcset=\"https:\/\/a57.foxnews.com\/static.foxnews.com\/foxnews.com\/content\/uploads\/2025\/01\/672\/378\/justin-trudeau-resignation.jpg?ve=1&amp;tl=1, https:\/\/a57.foxnews.com\/static.foxnews.com\/foxnews.com\/content\/uploads\/2025\/01\/1344\/756\/justin-trudeau-resignation.jpg?ve=1&amp;tl=1 2x\" height=\"378\" width=\"672\"><source media=\"(min-width: 1024px) and (max-width: 1279px)\" srcset=\"https:\/\/a57.foxnews.com\/static.foxnews.com\/foxnews.com\/content\/uploads\/2025\/01\/931\/523\/justin-trudeau-resignation.jpg?ve=1&amp;tl=1, https:\/\/a57.foxnews.com\/static.foxnews.com\/foxnews.com\/content\/uploads\/2025\/01\/1862\/1046\/justin-trudeau-resignation.jpg?ve=1&amp;tl=1 2x\" height=\"523\" width=\"931\"><source media=\"(min-width: 1280px)\" srcset=\"https:\/\/a57.foxnews.com\/static.foxnews.com\/foxnews.com\/content\/uploads\/2025\/01\/720\/405\/justin-trudeau-resignation.jpg?ve=1&amp;tl=1, https:\/\/a57.foxnews.com\/static.foxnews.com\/foxnews.com\/content\/uploads\/2025\/01\/1440\/810\/justin-trudeau-resignation.jpg?ve=1&amp;tl=1 2x\" height=\"405\" width=\"720\"><img loading=\"lazy\" decoding=\"async\" src=\"https:\/\/a57.foxnews.com\/static.foxnews.com\/foxnews.com\/content\/uploads\/2025\/01\/1200\/675\/justin-trudeau-resignation.jpg?ve=1&amp;tl=1\" alt=\"Trudeau anuncia su dimisi\u00f3n\" width=\"1200\" height=\"675\"\/><\/source><\/source><\/source><\/source><\/picture><\/div>\n<div class=\"info\">\n<div class=\"caption\">\n<p><span>El primer ministro de Canad\u00e1, Justin Trudeau, habla con los medios afuera de Rideau Cottage el lunes 6 de enero en Ottawa.<\/span> <span>(AP\/Adrian Wyld\/Prensa canadiense)<\/span><\/p>\n<\/div>\n<\/div>\n<\/div>\n<p>Es casi seguro que la administraci\u00f3n entrante de Trump lidiar\u00e1 con un gobierno de Poilievre, ya que los conservadores est\u00e1n preparados para ganar las pr\u00f3ximas elecciones canadienses, que podr\u00edan tener lugar tan pronto como esta primavera. Cuando la C\u00e1mara de los Comunes reanude sus sesiones el 24 de marzo, es probable que los partidos de la oposici\u00f3n derroten al gobierno liberal minoritario en una moci\u00f3n de censura, lo que desencadenar\u00eda una votaci\u00f3n nacional.<\/p>\n<p>En su entrevista con Peterson, Poilievre reconoci\u00f3 que Trump, que ha propuesto un arancel del 25% contra las exportaciones canadienses, \u00abnegocia de manera muy agresiva y le gusta ganar\u00bb. Pero como primer ministro, el l\u00edder conservador dijo que buscar\u00eda \u00abun gran acuerdo que haga a ambos pa\u00edses m\u00e1s seguros, m\u00e1s ricos y m\u00e1s fuertes\u00bb.<\/p>\n<p><strong><u>TRUMP DICE QUE LOS SUBSIDIOS DE ESTADOS UNIDOS A CANAD\u00c1 &#8216;NO TIENEN SENTIDO&#8217;, SUGIERE QUE LOS CANADIENSES QUIEREN &#8216;CONVERTIRSE EN EL ESTADO 51&#8217;<\/u><\/strong><\/p>\n<div class=\"image-ct inline\">\n<div class=\"m\"><picture><source media=\"(max-width: 767px)\" srcset=\"https:\/\/a57.foxnews.com\/static.foxnews.com\/foxnews.com\/content\/uploads\/2025\/01\/343\/192\/ap24336609281996-scaled.jpg?ve=1&amp;tl=1, https:\/\/a57.foxnews.com\/static.foxnews.com\/foxnews.com\/content\/uploads\/2025\/01\/686\/384\/ap24336609281996-scaled.jpg?ve=1&amp;tl=1 2x\" height=\"192\" width=\"343\"><source media=\"(min-width: 768px) and (max-width: 1023px)\" srcset=\"https:\/\/a57.foxnews.com\/static.foxnews.com\/foxnews.com\/content\/uploads\/2025\/01\/672\/378\/ap24336609281996-scaled.jpg?ve=1&amp;tl=1, https:\/\/a57.foxnews.com\/static.foxnews.com\/foxnews.com\/content\/uploads\/2025\/01\/1344\/756\/ap24336609281996-scaled.jpg?ve=1&amp;tl=1 2x\" height=\"378\" width=\"672\"><source media=\"(min-width: 1024px) and (max-width: 1279px)\" srcset=\"https:\/\/a57.foxnews.com\/static.foxnews.com\/foxnews.com\/content\/uploads\/2025\/01\/931\/523\/ap24336609281996-scaled.jpg?ve=1&amp;tl=1, https:\/\/a57.foxnews.com\/static.foxnews.com\/foxnews.com\/content\/uploads\/2025\/01\/1862\/1046\/ap24336609281996-scaled.jpg?ve=1&amp;tl=1 2x\" height=\"523\" width=\"931\"><source media=\"(min-width: 1280px)\" srcset=\"https:\/\/a57.foxnews.com\/static.foxnews.com\/foxnews.com\/content\/uploads\/2025\/01\/720\/405\/ap24336609281996-scaled.jpg?ve=1&amp;tl=1, https:\/\/a57.foxnews.com\/static.foxnews.com\/foxnews.com\/content\/uploads\/2025\/01\/1440\/810\/ap24336609281996-scaled.jpg?ve=1&amp;tl=1 2x\" height=\"405\" width=\"720\"><img loading=\"lazy\" decoding=\"async\" src=\"https:\/\/a57.foxnews.com\/static.foxnews.com\/foxnews.com\/content\/uploads\/2025\/01\/1200\/675\/ap24336609281996-scaled.jpg?ve=1&amp;tl=1\" alt=\"El l\u00edder conservador de Canad\u00e1, Pierre Poilievre, ofrece una conferencia de prensa en el sal\u00f3n de baile de un hotel en Ottawa, el domingo 1 de diciembre de 2024. \" width=\"1200\" height=\"675\"\/><\/source><\/source><\/source><\/source><\/picture><\/div>\n<div class=\"info\">\n<div class=\"caption\">\n<p><span>El l\u00edder conservador de Canad\u00e1, Pierre Poilievre, ofrece una conferencia de prensa en el sal\u00f3n de baile de un hotel en Ottawa, el domingo 1 de diciembre de 2024. <\/span> <span>(ustin Tang\/The Canadian Press v\u00eda AP)<\/span><\/p>\n<\/div>\n<\/div>\n<\/div>\n<p>Poilievre dijo que acelerar\u00eda las aprobaciones para construir refiner\u00edas de petr\u00f3leo, plantas de gas natural licuado e instalaciones nucleares, y aumentar\u00eda su super\u00e1vit el\u00e9ctrico con EE.UU.<\/p>\n<p>Tambi\u00e9n le dijo a Peterson que Canad\u00e1 vende su petr\u00f3leo y gas a Estados Unidos con \u00abenormes descuentos\u00bb, lo que caracteriz\u00f3 como una \u00abestafa\u00bb, en la que \u00abCanad\u00e1 se est\u00e1 estafando a s\u00ed mismo\u00bb.<\/p>\n<p>Un gobierno liderado por Poilievre tambi\u00e9n se embarcar\u00eda en \u00abla mayor represi\u00f3n contra el crimen en la historia de Canad\u00e1\u00bb y que \u00ablos delincuentes habituales no saldr\u00e1n m\u00e1s de la c\u00e1rcel\u00bb, dijo el l\u00edder conservador.<\/p>\n<p>En materia de asuntos exteriores, el documento de pol\u00edtica de 2023 de los conservadores canadienses establece que, como gobierno, \u00abtomar\u00eda las medidas necesarias para renegociar el Acuerdo de Tercer Pa\u00eds Seguro con los EE. UU. para cerrar las brechas relacionadas con las entradas ilegales a Canad\u00e1\u00bb, y que los conservadores El partido reconoce a Jerusal\u00e9n como la capital de Israel. La embajada de Canad\u00e1 en Israel se encuentra actualmente en Tel Aviv.<\/p>\n<p><strong>HAGA CLIC AQU\u00cd PARA OBTENER LA APLICACI\u00d3N FOX NEWS<\/strong><\/p>\n<div class=\"image-ct inline\">\n<div class=\"m\"><picture><source media=\"(max-width: 767px)\" srcset=\"https:\/\/a57.foxnews.com\/static.foxnews.com\/foxnews.com\/content\/uploads\/2025\/01\/343\/192\/gettyimages-2122591721.jpg?ve=1&amp;tl=1, https:\/\/a57.foxnews.com\/static.foxnews.com\/foxnews.com\/content\/uploads\/2025\/01\/686\/384\/gettyimages-2122591721.jpg?ve=1&amp;tl=1 2x\" height=\"192\" width=\"343\"><source media=\"(min-width: 768px) and (max-width: 1023px)\" srcset=\"https:\/\/a57.foxnews.com\/static.foxnews.com\/foxnews.com\/content\/uploads\/2025\/01\/672\/378\/gettyimages-2122591721.jpg?ve=1&amp;tl=1, https:\/\/a57.foxnews.com\/static.foxnews.com\/foxnews.com\/content\/uploads\/2025\/01\/1344\/756\/gettyimages-2122591721.jpg?ve=1&amp;tl=1 2x\" height=\"378\" width=\"672\"><source media=\"(min-width: 1024px) and (max-width: 1279px)\" srcset=\"https:\/\/a57.foxnews.com\/static.foxnews.com\/foxnews.com\/content\/uploads\/2025\/01\/931\/523\/gettyimages-2122591721.jpg?ve=1&amp;tl=1, https:\/\/a57.foxnews.com\/static.foxnews.com\/foxnews.com\/content\/uploads\/2025\/01\/1862\/1046\/gettyimages-2122591721.jpg?ve=1&amp;tl=1 2x\" height=\"523\" width=\"931\"><source media=\"(min-width: 1280px)\" srcset=\"https:\/\/a57.foxnews.com\/static.foxnews.com\/foxnews.com\/content\/uploads\/2025\/01\/720\/405\/gettyimages-2122591721.jpg?ve=1&amp;tl=1, https:\/\/a57.foxnews.com\/static.foxnews.com\/foxnews.com\/content\/uploads\/2025\/01\/1440\/810\/gettyimages-2122591721.jpg?ve=1&amp;tl=1 2x\" height=\"405\" width=\"720\"><img loading=\"lazy\" decoding=\"async\" src=\"https:\/\/a57.foxnews.com\/static.foxnews.com\/foxnews.com\/content\/uploads\/2025\/01\/1200\/675\/gettyimages-2122591721.jpg?ve=1&amp;tl=1\" alt=\"El l\u00edder del Partido Conservador de Canad\u00e1, Pierre Poilievre, habla durante un mitin en Edmonton, el 27 de marzo de 2024, en Edmonton, Alberta, Canad\u00e1.\" width=\"1200\" height=\"675\"\/><\/source><\/source><\/source><\/source><\/picture><\/div>\n<div class=\"info\">\n<div class=\"caption\">\n<p><span>El l\u00edder del Partido Conservador de Canad\u00e1, Pierre Poilievre, habla durante un mitin en Edmonton, el 27 de marzo de 2024, en Edmonton, Alberta, Canad\u00e1.<\/span> <span>(Artur Widak\/NurPhoto v\u00eda Getty Images)<\/span><\/p>\n<\/div>\n<\/div>\n<\/div>\n<p>En un comunicado emitido en respuesta a la dimisi\u00f3n de Trudeau el lunes, Poilievre dijo que \u00abesto no cambia nada\u00bb y que un gobierno canadiense conservador \u00abrecuperar\u00eda el control de nuestra frontera, recuperar\u00eda el control de la inmigraci\u00f3n, recuperar\u00eda el control del gasto, los d\u00e9ficits y la inflaci\u00f3n\u00bb. Recuperar el control de nuestras calles encerrando a los delincuentes, prohibiendo las drogas, tratando la adicci\u00f3n y deteniendo a los contrabandistas de armas\u00bb.<\/p>\n<p>Los conservadores, a\u00f1adi\u00f3 Poilievre, \u00abasegurar\u00edan las fronteras, rearmar\u00edan nuestras fuerzas, restaurar\u00edan nuestra libertad y pondr\u00edan a Canad\u00e1 en primer lugar\u00bb.<\/p>\n<\/div>\n\n","protected":false},"excerpt":{"rendered":"<p>\u00danase a Fox News para acceder a este contenido Adem\u00e1s, acceso especial a art\u00edculos seleccionados y otro contenido premium con su cuenta, sin cargo. Al ingresar su correo electr\u00f3nico y presionar Continuar, acepta los T\u00e9rminos de uso y la Pol\u00edtica de privacidad de Fox News, que incluye nuestro Aviso de incentivo financiero. Por favor, introduce &hellip;<\/p>\n","protected":false},"author":1,"featured_media":9340,"comment_status":"open","ping_status":"open","sticky":false,"template":"","format":"standard","meta":{"fifu_image_url":"https:\/\/static.foxnews.com\/foxnews.com\/content\/uploads\/2025\/01\/gettyimages-2122591721.jpg","fifu_image_alt":"","footnotes":""},"categories":[13],"tags":[],"class_list":["post-9338","post","type-post","status-publish","format-standard","has-post-thumbnail","","category-mundo"],"_links":{"self":[{"href":"https:\/\/noticiasveraces.com\/index.php?rest_route=\/wp\/v2\/posts\/9338","targetHints":{"allow":["GET"]}}],"collection":[{"href":"https:\/\/noticiasveraces.com\/index.php?rest_route=\/wp\/v2\/posts"}],"about":[{"href":"https:\/\/noticiasveraces.com\/index.php?rest_route=\/wp\/v2\/types\/post"}],"author":[{"embeddable":true,"href":"https:\/\/noticiasveraces.com\/index.php?rest_route=\/wp\/v2\/users\/1"}],"replies":[{"embeddable":true,"href":"https:\/\/noticiasveraces.com\/index.php?rest_route=%2Fwp%2Fv2%2Fcomments&post=9338"}],"version-history":[{"count":0,"href":"https:\/\/noticiasveraces.com\/index.php?rest_route=\/wp\/v2\/posts\/9338\/revisions"}],"wp:featuredmedia":[{"embeddable":true,"href":"https:\/\/noticiasveraces.com\/index.php?rest_route=\/wp\/v2\/media\/9340"}],"wp:attachment":[{"href":"https:\/\/noticiasveraces.com\/index.php?rest_route=%2Fwp%2Fv2%2Fmedia&parent=9338"}],"wp:term":[{"taxonomy":"category","embeddable":true,"href":"https:\/\/noticiasveraces.com\/index.php?rest_route=%2Fwp%2Fv2%2Fcategories&post=9338"},{"taxonomy":"post_tag","embeddable":true,"href":"https:\/\/noticiasveraces.com\/index.php?rest_route=%2Fwp%2Fv2%2Ftags&post=9338"}],"curies":[{"name":"wp","href":"https:\/\/api.w.org\/{rel}","templated":true}]}}