{"id":9335,"date":"2025-01-06T16:40:14","date_gmt":"2025-01-06T20:40:14","guid":{"rendered":"https:\/\/noticiasveraces.com\/?p=9335"},"modified":"2025-01-06T16:40:14","modified_gmt":"2025-01-06T20:40:14","slug":"trump-reacciona-a-la-renuncia-de-trudeau-a-muchas-personas-en-canada-les-encanta-ser-el-estado-numero-51","status":"publish","type":"post","link":"https:\/\/noticiasveraces.com\/?p=9335","title":{"rendered":"Trump reacciona a la renuncia de Trudeau: \u00abA muchas personas en Canad\u00e1 les ENCANTA ser el estado n\u00famero 51\u00bb"},"content":{"rendered":"<p> \n<\/p>\n<div>\n<p class=\"speakable\">El presidente electo Trump reiter\u00f3 el lunes su sugerencia de que Canad\u00e1 deber\u00eda convertirse en el estado n\u00famero 51 de Estados Unidos, pocas horas despu\u00e9s de que el primer ministro Justin Trudeau anunciara su plan de dimitir.<\/p>\n<p class=\"speakable\">\u00abA muchas personas en Canad\u00e1 les ENCANTA ser el estado n\u00famero 51. Estados Unidos ya no puede sufrir los enormes d\u00e9ficits comerciales y subsidios que Canad\u00e1 necesita para mantenerse a flote. Justin Trudeau lo sab\u00eda y renunci\u00f3\u00bb, escribi\u00f3 Trump en Truth Social. <\/p>\n<p>\u00abSi Canad\u00e1 se fusionara con Estados Unidos, no habr\u00eda aranceles, los impuestos bajar\u00edan mucho y estar\u00edan TOTALMENTE SEGUROS de la amenaza de los barcos rusos y chinos que los rodean constantemente. Juntos, qu\u00e9 gran naci\u00f3n ser\u00eda. !!!\u00bb a\u00f1adi\u00f3. <\/p>\n<p>Fuentes dijeron a Fox News en diciembre que Trump le plante\u00f3 la idea de la fusi\u00f3n a Trudeau en persona cuando la pareja se reuni\u00f3 en Mar-a-Lago a finales de noviembre. <\/p>\n<p><strong>TRUDEAU DE CANAD\u00c1 ANUNCIA SU RENUNCIA TRAS LA PRESI\u00d3N DEL PARTIDO EN MEDIO DE CR\u00cdTICAS A TRUMP Y EL MANEJO PRESUPUESTARIO<\/strong><strong> <\/strong><\/p>\n<div class=\"image-ct inline\">\n<div class=\"m\"><picture><source media=\"(max-width: 767px)\" srcset=\"https:\/\/a57.foxnews.com\/static.foxnews.com\/foxnews.com\/content\/uploads\/2024\/12\/343\/192\/trudeau-trump-mar-a-lago.jpg?ve=1&amp;tl=1, https:\/\/a57.foxnews.com\/static.foxnews.com\/foxnews.com\/content\/uploads\/2024\/12\/686\/384\/trudeau-trump-mar-a-lago.jpg?ve=1&amp;tl=1 2x\" height=\"192\" width=\"343\"><source media=\"(min-width: 768px) and (max-width: 1023px)\" srcset=\"https:\/\/a57.foxnews.com\/static.foxnews.com\/foxnews.com\/content\/uploads\/2024\/12\/672\/378\/trudeau-trump-mar-a-lago.jpg?ve=1&amp;tl=1, https:\/\/a57.foxnews.com\/static.foxnews.com\/foxnews.com\/content\/uploads\/2024\/12\/1344\/756\/trudeau-trump-mar-a-lago.jpg?ve=1&amp;tl=1 2x\" height=\"378\" width=\"672\"><source media=\"(min-width: 1024px) and (max-width: 1279px)\" srcset=\"https:\/\/a57.foxnews.com\/static.foxnews.com\/foxnews.com\/content\/uploads\/2024\/12\/931\/523\/trudeau-trump-mar-a-lago.jpg?ve=1&amp;tl=1, https:\/\/a57.foxnews.com\/static.foxnews.com\/foxnews.com\/content\/uploads\/2024\/12\/1862\/1046\/trudeau-trump-mar-a-lago.jpg?ve=1&amp;tl=1 2x\" height=\"523\" width=\"931\"><source media=\"(min-width: 1280px)\" srcset=\"https:\/\/a57.foxnews.com\/static.foxnews.com\/foxnews.com\/content\/uploads\/2024\/12\/720\/405\/trudeau-trump-mar-a-lago.jpg?ve=1&amp;tl=1, https:\/\/a57.foxnews.com\/static.foxnews.com\/foxnews.com\/content\/uploads\/2024\/12\/1440\/810\/trudeau-trump-mar-a-lago.jpg?ve=1&amp;tl=1 2x\" height=\"405\" width=\"720\"><img loading=\"lazy\" decoding=\"async\" src=\"https:\/\/a57.foxnews.com\/static.foxnews.com\/foxnews.com\/content\/uploads\/2024\/12\/1200\/675\/trudeau-trump-mar-a-lago.jpg?ve=1&amp;tl=1\" alt=\"trudeau-trump-mar-a-lago\" width=\"1200\" height=\"675\"\/><\/source><\/source><\/source><\/source><\/picture><\/div>\n<div class=\"info\">\n<div class=\"caption\">\n<p><span>El primer ministro canadiense, Justin Trudeau, se reuni\u00f3 con el presidente electo Trump en Mar-a-Lago, Florida, a finales de noviembre para discutir temas como la econom\u00eda, la inmigraci\u00f3n ilegal y una propuesta de arancel del 25%.<\/span> <span>(Justin Trudeau X)<\/span><\/p>\n<\/div>\n<\/div>\n<\/div>\n<p>Trudeau viaj\u00f3 en avi\u00f3n a la residencia de Trump en Florida sin previo aviso ese mes despu\u00e9s de que el presidente electo amenazara con imponer aranceles radicales a los productos canadienses. Trump advierte sobre aranceles del 25% a Canad\u00e1 y M\u00e9xico por el fracaso de ambas naciones para frenar el flujo de inmigrantes ilegales y drogas il\u00edcitas desde esos pa\u00edses hacia los EE.UU.  <\/p>\n<p>\u00abDiscutimos muchos temas importantes que requerir\u00e1n que ambos pa\u00edses trabajen juntos para abordarlos, como la crisis del fentanilo y las drogas que ha diezmado tantas vidas como resultado de la inmigraci\u00f3n ilegal, acuerdos comerciales justos que no ponen en peligro a los trabajadores estadounidenses y el enorme d\u00e9ficit comercial. Estados Unidos tiene con Canad\u00e1\u00bb, escribi\u00f3 Trump en Truth Social en ese momento. <\/p>\n<p>Trudeau anunci\u00f3 esta ma\u00f1ana que dimitir\u00e1 como primer ministro y l\u00edder del Partido Liberal de Canad\u00e1. <\/p>\n<p><strong>TRUMP PLANEA REVERTIR &#8216;INMEDIATAMENTE&#8217; LA &#8216;RID\u00cdCULA&#8217; PROHIBICI\u00d3N DE NUEVAS PERFORACIONES DE PETR\u00d3LEO Y GAS A LO LARGO DE LA COSTA DE EE.UU.<\/strong><strong> <\/strong><\/p>\n<div class=\"image-ct inline\">\n<div class=\"m\"><picture><source media=\"(max-width: 767px)\" srcset=\"https:\/\/a57.foxnews.com\/static.foxnews.com\/foxnews.com\/content\/uploads\/2025\/01\/343\/192\/justin-trudeau-resignation.jpg?ve=1&amp;tl=1, https:\/\/a57.foxnews.com\/static.foxnews.com\/foxnews.com\/content\/uploads\/2025\/01\/686\/384\/justin-trudeau-resignation.jpg?ve=1&amp;tl=1 2x\" height=\"192\" width=\"343\"><source media=\"(min-width: 768px) and (max-width: 1023px)\" srcset=\"https:\/\/a57.foxnews.com\/static.foxnews.com\/foxnews.com\/content\/uploads\/2025\/01\/672\/378\/justin-trudeau-resignation.jpg?ve=1&amp;tl=1, https:\/\/a57.foxnews.com\/static.foxnews.com\/foxnews.com\/content\/uploads\/2025\/01\/1344\/756\/justin-trudeau-resignation.jpg?ve=1&amp;tl=1 2x\" height=\"378\" width=\"672\"><source media=\"(min-width: 1024px) and (max-width: 1279px)\" srcset=\"https:\/\/a57.foxnews.com\/static.foxnews.com\/foxnews.com\/content\/uploads\/2025\/01\/931\/523\/justin-trudeau-resignation.jpg?ve=1&amp;tl=1, https:\/\/a57.foxnews.com\/static.foxnews.com\/foxnews.com\/content\/uploads\/2025\/01\/1862\/1046\/justin-trudeau-resignation.jpg?ve=1&amp;tl=1 2x\" height=\"523\" width=\"931\"><source media=\"(min-width: 1280px)\" srcset=\"https:\/\/a57.foxnews.com\/static.foxnews.com\/foxnews.com\/content\/uploads\/2025\/01\/720\/405\/justin-trudeau-resignation.jpg?ve=1&amp;tl=1, https:\/\/a57.foxnews.com\/static.foxnews.com\/foxnews.com\/content\/uploads\/2025\/01\/1440\/810\/justin-trudeau-resignation.jpg?ve=1&amp;tl=1 2x\" height=\"405\" width=\"720\"><img loading=\"lazy\" decoding=\"async\" src=\"https:\/\/a57.foxnews.com\/static.foxnews.com\/foxnews.com\/content\/uploads\/2025\/01\/1200\/675\/justin-trudeau-resignation.jpg?ve=1&amp;tl=1\" alt=\"Trudeau anuncia su dimisi\u00f3n\" width=\"1200\" height=\"675\"\/><\/source><\/source><\/source><\/source><\/picture><\/div>\n<div class=\"info\">\n<div class=\"caption\">\n<p><span>El primer ministro de Canad\u00e1, Justin Trudeau, habla con los medios afuera de Rideau Cottage el lunes 6 de enero en Ottawa.<\/span> <span>(AP\/Adrian Wyld\/Prensa canadiense)<\/span><\/p>\n<\/div>\n<\/div>\n<\/div>\n<p>\u00abTengo la intenci\u00f3n de dimitir como l\u00edder del partido, como primer ministro, despu\u00e9s de que el partido seleccione a su pr\u00f3ximo l\u00edder a trav\u00e9s de un s\u00f3lido proceso competitivo a nivel nacional\u00bb, dijo Trudeau en un discurso el lunes por la ma\u00f1ana. \u00abAnoche ped\u00ed al presidente del Partido Liberal que iniciara ese proceso. Este pa\u00eds merece una elecci\u00f3n real en las pr\u00f3ximas elecciones, y me ha quedado claro que si tengo que librar batallas internas, no puedo ser el \u00abLa mejor opci\u00f3n en esa elecci\u00f3n\u00bb. <\/p>\n<p>Trudeau, que ha dirigido Canad\u00e1 durante casi una d\u00e9cada, ha estado lidiando durante meses con ca\u00eddas significativas en sus \u00edndices de aprobaci\u00f3n debido a la creciente frustraci\u00f3n relacionada con cuestiones como el creciente costo de la vida y la creciente inflaci\u00f3n.  <\/p>\n<div class=\"image-ct inline\">\n<div class=\"m\"><picture><source media=\"(max-width: 767px)\" srcset=\"https:\/\/a57.foxnews.com\/static.foxnews.com\/foxnews.com\/content\/uploads\/2024\/12\/343\/192\/gettyimages-2178637365-scaled.jpg?ve=1&amp;tl=1, https:\/\/a57.foxnews.com\/static.foxnews.com\/foxnews.com\/content\/uploads\/2024\/12\/686\/384\/gettyimages-2178637365-scaled.jpg?ve=1&amp;tl=1 2x\" height=\"192\" width=\"343\"><source media=\"(min-width: 768px) and (max-width: 1023px)\" srcset=\"https:\/\/a57.foxnews.com\/static.foxnews.com\/foxnews.com\/content\/uploads\/2024\/12\/672\/378\/gettyimages-2178637365-scaled.jpg?ve=1&amp;tl=1, https:\/\/a57.foxnews.com\/static.foxnews.com\/foxnews.com\/content\/uploads\/2024\/12\/1344\/756\/gettyimages-2178637365-scaled.jpg?ve=1&amp;tl=1 2x\" height=\"378\" width=\"672\"><source media=\"(min-width: 1024px) and (max-width: 1279px)\" srcset=\"https:\/\/a57.foxnews.com\/static.foxnews.com\/foxnews.com\/content\/uploads\/2024\/12\/931\/523\/gettyimages-2178637365-scaled.jpg?ve=1&amp;tl=1, https:\/\/a57.foxnews.com\/static.foxnews.com\/foxnews.com\/content\/uploads\/2024\/12\/1862\/1046\/gettyimages-2178637365-scaled.jpg?ve=1&amp;tl=1 2x\" height=\"523\" width=\"931\"><source media=\"(min-width: 1280px)\" srcset=\"https:\/\/a57.foxnews.com\/static.foxnews.com\/foxnews.com\/content\/uploads\/2024\/12\/720\/405\/gettyimages-2178637365-scaled.jpg?ve=1&amp;tl=1, https:\/\/a57.foxnews.com\/static.foxnews.com\/foxnews.com\/content\/uploads\/2024\/12\/1440\/810\/gettyimages-2178637365-scaled.jpg?ve=1&amp;tl=1 2x\" height=\"405\" width=\"720\"><img loading=\"lazy\" decoding=\"async\" src=\"https:\/\/a57.foxnews.com\/static.foxnews.com\/foxnews.com\/content\/uploads\/2024\/12\/1200\/675\/gettyimages-2178637365-scaled.jpg?ve=1&amp;tl=1\" alt=\"Trump habla detr\u00e1s de un micr\u00f3fono con traje azul, camisa blanca y corbata roja.\" width=\"1200\" height=\"675\"\/><\/source><\/source><\/source><\/source><\/picture><\/div>\n<div class=\"info\">\n<div class=\"caption\">\n<p><span>El presidente electo de Estados Unidos, Donald Trump, pronuncia un discurso durante un mitin de campa\u00f1a en el Cobb Energy Performing Arts Center el 15 de octubre de 2024 en Atlanta, Georgia. Trump ha amenazado con imponer aranceles a Canad\u00e1.<\/span> <span>(Kevin Dietsch\/Getty Images)<\/span><\/p>\n<\/div>\n<\/div>\n<\/div>\n<p><strong>HAGA CLIC AQU\u00cd PARA OBTENER LA APLICACI\u00d3N FOX NEWS<\/strong><strong> <\/strong><\/p>\n<p>El veterano primer ministro vio un aumento en los pedidos de su renuncia (por parte de al menos siete miembros liberales del Parlamento, as\u00ed como de l\u00edderes de partidos de oposici\u00f3n) tras la abrupta salida de su ministra de Finanzas, Chrystia Freeland, quien escribi\u00f3 una mordaz carta de renuncia mencionando El manejo de Trudeau de ciertas pol\u00edticas econ\u00f3micas, as\u00ed como las amenazas de Trump. <\/p>\n<p><i>Michael Dorgan, Caitlin McFall y Danielle Wallace de Fox News contribuyeron a este informe. <\/i><\/p>\n<p> <!----> <\/p>\n<div class=\"article-meta\">\n<div class=\"author-bio\">\n<p>Greg Norman es reportero de Fox News Digital.<\/p>\n<\/div>\n<\/div><\/div>\n\n","protected":false},"excerpt":{"rendered":"<p>El presidente electo Trump reiter\u00f3 el lunes su sugerencia de que Canad\u00e1 deber\u00eda convertirse en el estado n\u00famero 51 de Estados Unidos, pocas horas despu\u00e9s de que el primer ministro Justin Trudeau anunciara su plan de dimitir. \u00abA muchas personas en Canad\u00e1 les ENCANTA ser el estado n\u00famero 51. Estados Unidos ya no puede sufrir &hellip;<\/p>\n","protected":false},"author":1,"featured_media":9337,"comment_status":"open","ping_status":"open","sticky":false,"template":"","format":"standard","meta":{"fifu_image_url":"https:\/\/static.foxnews.com\/foxnews.com\/content\/uploads\/2024\/12\/trudeau-trump-mar-a-lago.jpg","fifu_image_alt":"","footnotes":""},"categories":[13],"tags":[],"class_list":["post-9335","post","type-post","status-publish","format-standard","has-post-thumbnail","","category-mundo"],"_links":{"self":[{"href":"https:\/\/noticiasveraces.com\/index.php?rest_route=\/wp\/v2\/posts\/9335","targetHints":{"allow":["GET"]}}],"collection":[{"href":"https:\/\/noticiasveraces.com\/index.php?rest_route=\/wp\/v2\/posts"}],"about":[{"href":"https:\/\/noticiasveraces.com\/index.php?rest_route=\/wp\/v2\/types\/post"}],"author":[{"embeddable":true,"href":"https:\/\/noticiasveraces.com\/index.php?rest_route=\/wp\/v2\/users\/1"}],"replies":[{"embeddable":true,"href":"https:\/\/noticiasveraces.com\/index.php?rest_route=%2Fwp%2Fv2%2Fcomments&post=9335"}],"version-history":[{"count":0,"href":"https:\/\/noticiasveraces.com\/index.php?rest_route=\/wp\/v2\/posts\/9335\/revisions"}],"wp:featuredmedia":[{"embeddable":true,"href":"https:\/\/noticiasveraces.com\/index.php?rest_route=\/wp\/v2\/media\/9337"}],"wp:attachment":[{"href":"https:\/\/noticiasveraces.com\/index.php?rest_route=%2Fwp%2Fv2%2Fmedia&parent=9335"}],"wp:term":[{"taxonomy":"category","embeddable":true,"href":"https:\/\/noticiasveraces.com\/index.php?rest_route=%2Fwp%2Fv2%2Fcategories&post=9335"},{"taxonomy":"post_tag","embeddable":true,"href":"https:\/\/noticiasveraces.com\/index.php?rest_route=%2Fwp%2Fv2%2Ftags&post=9335"}],"curies":[{"name":"wp","href":"https:\/\/api.w.org\/{rel}","templated":true}]}}