{"id":9330,"date":"2025-01-06T14:36:20","date_gmt":"2025-01-06T18:36:20","guid":{"rendered":"https:\/\/noticiasveraces.com\/?p=9330"},"modified":"2025-01-06T14:36:20","modified_gmt":"2025-01-06T18:36:20","slug":"tres-muertos-en-un-tiroteo-en-cisjordania-incluido-un-oficial-de-policia-israeli-informes","status":"publish","type":"post","link":"https:\/\/noticiasveraces.com\/?p=9330","title":{"rendered":"Tres muertos en un tiroteo en Cisjordania, incluido un oficial de polic\u00eda israel\u00ed: informes"},"content":{"rendered":"<p> \n<\/p>\n<div>\n<p class=\"speakable\">El primer ministro israel\u00ed, Benjamin Netanyahu, prometi\u00f3 el lunes capturar a los \u00abdespreciables asesinos\u00bb detr\u00e1s de un ataque terrorista en Cisjordania que dej\u00f3 tres israel\u00edes muertos, incluido un oficial de polic\u00eda. <\/p>\n<p class=\"speakable\">El Sargento Primero fuera de servicio. Elad Yaakov Winkelstein y sus cu\u00f1adas Rachel Cohen y Aliza Raiz fueron asesinados por hombres armados que abrieron fuego contra veh\u00edculos en la aldea palestina de Al-Funduq, seg\u00fan The Times of Israel. <\/p>\n<div class=\"image-ct inline\">\n<div class=\"m\"><picture><source media=\"(max-width: 767px)\" srcset=\"https:\/\/a57.foxnews.com\/static.foxnews.com\/foxnews.com\/content\/uploads\/2025\/01\/343\/192\/elad-yaakov-winkelstein.png?ve=1&amp;tl=1, https:\/\/a57.foxnews.com\/static.foxnews.com\/foxnews.com\/content\/uploads\/2025\/01\/686\/384\/elad-yaakov-winkelstein.png?ve=1&amp;tl=1 2x\" height=\"192\" width=\"343\"><source media=\"(min-width: 768px) and (max-width: 1023px)\" srcset=\"https:\/\/a57.foxnews.com\/static.foxnews.com\/foxnews.com\/content\/uploads\/2025\/01\/672\/378\/elad-yaakov-winkelstein.png?ve=1&amp;tl=1, https:\/\/a57.foxnews.com\/static.foxnews.com\/foxnews.com\/content\/uploads\/2025\/01\/1344\/756\/elad-yaakov-winkelstein.png?ve=1&amp;tl=1 2x\" height=\"378\" width=\"672\"><source media=\"(min-width: 1024px) and (max-width: 1279px)\" srcset=\"https:\/\/a57.foxnews.com\/static.foxnews.com\/foxnews.com\/content\/uploads\/2025\/01\/931\/523\/elad-yaakov-winkelstein.png?ve=1&amp;tl=1, https:\/\/a57.foxnews.com\/static.foxnews.com\/foxnews.com\/content\/uploads\/2025\/01\/1862\/1046\/elad-yaakov-winkelstein.png?ve=1&amp;tl=1 2x\" height=\"523\" width=\"931\"><source media=\"(min-width: 1280px)\" srcset=\"https:\/\/a57.foxnews.com\/static.foxnews.com\/foxnews.com\/content\/uploads\/2025\/01\/720\/405\/elad-yaakov-winkelstein.png?ve=1&amp;tl=1, https:\/\/a57.foxnews.com\/static.foxnews.com\/foxnews.com\/content\/uploads\/2025\/01\/1440\/810\/elad-yaakov-winkelstein.png?ve=1&amp;tl=1 2x\" height=\"405\" width=\"720\"><img loading=\"lazy\" decoding=\"async\" src=\"https:\/\/a57.foxnews.com\/static.foxnews.com\/foxnews.com\/content\/uploads\/2025\/01\/1200\/675\/elad-yaakov-winkelstein.png?ve=1&amp;tl=1\" alt=\"El sargento mayor. Elad Yaakov Winkelstein \" width=\"1200\" height=\"675\"\/><\/source><\/source><\/source><\/source><\/picture><\/div>\n<div class=\"info\">\n<div class=\"caption\">\n<p><span>El sargento mayor. Elad Yaakov Winkelstein, una de las v\u00edctimas del ataque del lunes. (Polic\u00eda de Israel)<\/span> <!----><\/p>\n<\/div>\n<\/div>\n<\/div>\n<p>El ataque dej\u00f3 otras ocho personas heridas \u2013entre ellas un conductor de autob\u00fas de 63 a\u00f1os\u2013 y el ej\u00e9rcito israel\u00ed ha lanzado una b\u00fasqueda de dos presuntos tiradores afiliados al grupo terrorista Jihad Isl\u00e1mica Palestina, inform\u00f3 el Jerusalem Post. <\/p>\n<p>\u00abMi esposa y yo enviamos nuestro m\u00e1s sentido p\u00e9same a las familias de las tres personas asesinadas en el horrible ataque de esta ma\u00f1ana y deseamos a los heridos una recuperaci\u00f3n total\u00bb, escribi\u00f3 Netanyahu en X. \u00abLlegaremos a los despreciables asesinos y los llevaremos ante la justicia y a todos\u00bb. quienes los ayudaron, nadie se salvar\u00e1\u00bb. <\/p>\n<p><strong>LOS ISRAEL\u00cdS BUSCAN TRUMP DURANTE EL DEBATE SOBRE EL FUTURO DE GAZA<\/strong><strong> <\/strong><\/p>\n<div class=\"image-ct inline\">\n<div class=\"m\"><picture><source media=\"(max-width: 767px)\" srcset=\"https:\/\/a57.foxnews.com\/static.foxnews.com\/foxnews.com\/content\/uploads\/2025\/01\/343\/192\/tps-terror-attack-3-resized.jpg?ve=1&amp;tl=1, https:\/\/a57.foxnews.com\/static.foxnews.com\/foxnews.com\/content\/uploads\/2025\/01\/686\/384\/tps-terror-attack-3-resized.jpg?ve=1&amp;tl=1 2x\" height=\"192\" width=\"343\"><source media=\"(min-width: 768px) and (max-width: 1023px)\" srcset=\"https:\/\/a57.foxnews.com\/static.foxnews.com\/foxnews.com\/content\/uploads\/2025\/01\/672\/378\/tps-terror-attack-3-resized.jpg?ve=1&amp;tl=1, https:\/\/a57.foxnews.com\/static.foxnews.com\/foxnews.com\/content\/uploads\/2025\/01\/1344\/756\/tps-terror-attack-3-resized.jpg?ve=1&amp;tl=1 2x\" height=\"378\" width=\"672\"><source media=\"(min-width: 1024px) and (max-width: 1279px)\" srcset=\"https:\/\/a57.foxnews.com\/static.foxnews.com\/foxnews.com\/content\/uploads\/2025\/01\/931\/523\/tps-terror-attack-3-resized.jpg?ve=1&amp;tl=1, https:\/\/a57.foxnews.com\/static.foxnews.com\/foxnews.com\/content\/uploads\/2025\/01\/1862\/1046\/tps-terror-attack-3-resized.jpg?ve=1&amp;tl=1 2x\" height=\"523\" width=\"931\"><source media=\"(min-width: 1280px)\" srcset=\"https:\/\/a57.foxnews.com\/static.foxnews.com\/foxnews.com\/content\/uploads\/2025\/01\/720\/405\/tps-terror-attack-3-resized.jpg?ve=1&amp;tl=1, https:\/\/a57.foxnews.com\/static.foxnews.com\/foxnews.com\/content\/uploads\/2025\/01\/1440\/810\/tps-terror-attack-3-resized.jpg?ve=1&amp;tl=1 2x\" height=\"405\" width=\"720\"><img loading=\"lazy\" decoding=\"async\" src=\"https:\/\/a57.foxnews.com\/static.foxnews.com\/foxnews.com\/content\/uploads\/2025\/01\/1200\/675\/tps-terror-attack-3-resized.jpg?ve=1&amp;tl=1\" alt=\"Ataque terrorista en Cisjordania\" width=\"1200\" height=\"675\"\/><\/source><\/source><\/source><\/source><\/picture><\/div>\n<div class=\"info\">\n<div class=\"caption\">\n<p><span>Los servicios de emergencia israel\u00edes llegan al lugar de un ataque terrorista en Cisjordania el lunes 6 de enero. Tres israel\u00edes murieron cuando terroristas dispararon contra un autob\u00fas y otros veh\u00edculos.<\/span> <span>(Nadav Goldstein\/TPS-IL)<\/span><\/p>\n<\/div>\n<\/div>\n<\/div>\n<p>Un testigo que habl\u00f3 con el Servicio de Prensa de Israel calific\u00f3 el ataque como un \u00abtiroteo\u00bb. <\/p>\n<p>\u00abVi a un palestino&#8230; sacar un M16 de su ventana trasera y apuntarlo a veh\u00edculos y luego me di cuenta de que era un ataque\u00bb, dijo. \u00abY vi los veh\u00edculos dando vueltas y todo este caos y luego me di cuenta de que ven\u00edan hacia m\u00ed en un segundo y que yo era el siguiente en la fila, as\u00ed que comenc\u00e9 a dispararles\u00bb. <\/p>\n<p>\u00abSoy un civil y tengo mi propia arma privada. Si me hubieran dado un M16, creo que su situaci\u00f3n habr\u00eda sido diferente\u00bb, a\u00f1adi\u00f3 el testigo. <\/p>\n<p><strong>LA OFICINA DEL PRIMER MINISTRO ISRAEL\u00cd NIEGA INFORMES DE QUE HAMAS ENVI\u00d3 UNA LISTA DE REHENES PARA LIBERARSE EN CASO DE UN ACUERDO<\/strong><strong> <\/strong><\/p>\n<div class=\"image-ct inline\">\n<div class=\"m\"><picture><source media=\"(max-width: 767px)\" srcset=\"https:\/\/a57.foxnews.com\/static.foxnews.com\/foxnews.com\/content\/uploads\/2025\/01\/343\/192\/tps-terror-attack-2-resized.jpg?ve=1&amp;tl=1, https:\/\/a57.foxnews.com\/static.foxnews.com\/foxnews.com\/content\/uploads\/2025\/01\/686\/384\/tps-terror-attack-2-resized.jpg?ve=1&amp;tl=1 2x\" height=\"192\" width=\"343\"><source media=\"(min-width: 768px) and (max-width: 1023px)\" srcset=\"https:\/\/a57.foxnews.com\/static.foxnews.com\/foxnews.com\/content\/uploads\/2025\/01\/672\/378\/tps-terror-attack-2-resized.jpg?ve=1&amp;tl=1, https:\/\/a57.foxnews.com\/static.foxnews.com\/foxnews.com\/content\/uploads\/2025\/01\/1344\/756\/tps-terror-attack-2-resized.jpg?ve=1&amp;tl=1 2x\" height=\"378\" width=\"672\"><source media=\"(min-width: 1024px) and (max-width: 1279px)\" srcset=\"https:\/\/a57.foxnews.com\/static.foxnews.com\/foxnews.com\/content\/uploads\/2025\/01\/931\/523\/tps-terror-attack-2-resized.jpg?ve=1&amp;tl=1, https:\/\/a57.foxnews.com\/static.foxnews.com\/foxnews.com\/content\/uploads\/2025\/01\/1862\/1046\/tps-terror-attack-2-resized.jpg?ve=1&amp;tl=1 2x\" height=\"523\" width=\"931\"><source media=\"(min-width: 1280px)\" srcset=\"https:\/\/a57.foxnews.com\/static.foxnews.com\/foxnews.com\/content\/uploads\/2025\/01\/720\/405\/tps-terror-attack-2-resized.jpg?ve=1&amp;tl=1, https:\/\/a57.foxnews.com\/static.foxnews.com\/foxnews.com\/content\/uploads\/2025\/01\/1440\/810\/tps-terror-attack-2-resized.jpg?ve=1&amp;tl=1 2x\" height=\"405\" width=\"720\"><img loading=\"lazy\" decoding=\"async\" src=\"https:\/\/a57.foxnews.com\/static.foxnews.com\/foxnews.com\/content\/uploads\/2025\/01\/1200\/675\/tps-terror-attack-2-resized.jpg?ve=1&amp;tl=1\" alt=\"autob\u00fas israel\u00ed\" width=\"1200\" height=\"675\"\/><\/source><\/source><\/source><\/source><\/picture><\/div>\n<div class=\"info\">\n<div class=\"caption\">\n<p><span>Tres israel\u00edes murieron y ocho resultaron heridos tras un ataque terrorista contra un autob\u00fas y otros veh\u00edculos en la aldea cisjordana de Al-Funduq.<\/span> <span>(Nadav Goldstein\/TPS-IL)<\/span><\/p>\n<\/div>\n<\/div>\n<\/div>\n<p>Un param\u00e9dico del servicio m\u00e9dico de emergencia Magen David Adom de Israel dijo al Jerusalem Post que el ataque \u00abse extendi\u00f3 a m\u00faltiples escenas donde veh\u00edculos y un autob\u00fas fueron alcanzados por disparos\u00bb. <\/p>\n<p>\u00abDurante nuestras b\u00fasquedas iniciales de v\u00edctimas, encontramos a dos mujeres&#8230; en un veh\u00edculo, inconscientes, sin pulso ni respiraci\u00f3n, con heridas de bala\u00bb, dijo Avichai Ben Zuria. \u00abA unos 150 metros de distancia se encontraba un conductor inconsciente que tambi\u00e9n sufri\u00f3 heridas de bala. Lamentablemente, tras las evaluaciones m\u00e9dicas, sus heridas fueron graves y tuvimos que declararlo fallecido\u00bb. <\/p>\n<p>Winkelstein es descrito como de unos 40 a\u00f1os, mientras que Cohen, de 73 a\u00f1os, es consejera escolar y madre de cinco hijos, seg\u00fan el Jerusalem Post. Raiz, que tiene 70 a\u00f1os, tambi\u00e9n es consejero escolar, a\u00f1adi\u00f3 el medio. <\/p>\n<div class=\"image-ct inline\">\n<div class=\"m\"><picture><source media=\"(max-width: 767px)\" srcset=\"https:\/\/a57.foxnews.com\/static.foxnews.com\/foxnews.com\/content\/uploads\/2025\/01\/343\/192\/west-bank-attack.jpg?ve=1&amp;tl=1, https:\/\/a57.foxnews.com\/static.foxnews.com\/foxnews.com\/content\/uploads\/2025\/01\/686\/384\/west-bank-attack.jpg?ve=1&amp;tl=1 2x\" height=\"192\" width=\"343\"><source media=\"(min-width: 768px) and (max-width: 1023px)\" srcset=\"https:\/\/a57.foxnews.com\/static.foxnews.com\/foxnews.com\/content\/uploads\/2025\/01\/672\/378\/west-bank-attack.jpg?ve=1&amp;tl=1, https:\/\/a57.foxnews.com\/static.foxnews.com\/foxnews.com\/content\/uploads\/2025\/01\/1344\/756\/west-bank-attack.jpg?ve=1&amp;tl=1 2x\" height=\"378\" width=\"672\"><source media=\"(min-width: 1024px) and (max-width: 1279px)\" srcset=\"https:\/\/a57.foxnews.com\/static.foxnews.com\/foxnews.com\/content\/uploads\/2025\/01\/931\/523\/west-bank-attack.jpg?ve=1&amp;tl=1, https:\/\/a57.foxnews.com\/static.foxnews.com\/foxnews.com\/content\/uploads\/2025\/01\/1862\/1046\/west-bank-attack.jpg?ve=1&amp;tl=1 2x\" height=\"523\" width=\"931\"><source media=\"(min-width: 1280px)\" srcset=\"https:\/\/a57.foxnews.com\/static.foxnews.com\/foxnews.com\/content\/uploads\/2025\/01\/720\/405\/west-bank-attack.jpg?ve=1&amp;tl=1, https:\/\/a57.foxnews.com\/static.foxnews.com\/foxnews.com\/content\/uploads\/2025\/01\/1440\/810\/west-bank-attack.jpg?ve=1&amp;tl=1 2x\" height=\"405\" width=\"720\"><img loading=\"lazy\" decoding=\"async\" src=\"https:\/\/a57.foxnews.com\/static.foxnews.com\/foxnews.com\/content\/uploads\/2025\/01\/1200\/675\/west-bank-attack.jpg?ve=1&amp;tl=1\" alt=\"Polic\u00eda israel\u00ed en Cisjordania\" width=\"1200\" height=\"675\"\/><\/source><\/source><\/source><\/source><\/picture><\/div>\n<div class=\"info\">\n<div class=\"caption\">\n<p><span>Polic\u00edas israel\u00edes bloquean una carretera despu\u00e9s de que hombres armados abrieran fuego contra autom\u00f3viles y un autob\u00fas que transportaba israel\u00edes en la ocupada Cisjordania, matando al menos a tres personas, cerca de la aldea palestina de Al-Funduq el lunes 6 de enero.<\/span> <span>(AP\/Nasser Nasser)<\/span><\/p>\n<\/div>\n<\/div>\n<\/div>\n<p><strong>HAGA CLIC AQU\u00cd PARA OBTENER LA APLICACI\u00d3N FOX NEWS<\/strong><strong> <\/strong><\/p>\n<p>El grupo terrorista palestino Ham\u00e1s emiti\u00f3 un comunicado elogiando el ataque, inform\u00f3 The Associated Press.<\/p>\n<p> <!----> <\/p>\n<div class=\"article-meta\">\n<div class=\"author-bio\">\n<p>Greg Norman es reportero de Fox News Digital.<\/p>\n<\/div>\n<\/div><\/div>\n\n","protected":false},"excerpt":{"rendered":"<p>El primer ministro israel\u00ed, Benjamin Netanyahu, prometi\u00f3 el lunes capturar a los \u00abdespreciables asesinos\u00bb detr\u00e1s de un ataque terrorista en Cisjordania que dej\u00f3 tres israel\u00edes muertos, incluido un oficial de polic\u00eda. El Sargento Primero fuera de servicio. Elad Yaakov Winkelstein y sus cu\u00f1adas Rachel Cohen y Aliza Raiz fueron asesinados por hombres armados que abrieron &hellip;<\/p>\n","protected":false},"author":1,"featured_media":9332,"comment_status":"open","ping_status":"open","sticky":false,"template":"","format":"standard","meta":{"fifu_image_url":"https:\/\/static.foxnews.com\/foxnews.com\/content\/uploads\/2025\/01\/west-bank-attack.jpg","fifu_image_alt":"","footnotes":""},"categories":[13],"tags":[],"class_list":["post-9330","post","type-post","status-publish","format-standard","has-post-thumbnail","","category-mundo"],"_links":{"self":[{"href":"https:\/\/noticiasveraces.com\/index.php?rest_route=\/wp\/v2\/posts\/9330","targetHints":{"allow":["GET"]}}],"collection":[{"href":"https:\/\/noticiasveraces.com\/index.php?rest_route=\/wp\/v2\/posts"}],"about":[{"href":"https:\/\/noticiasveraces.com\/index.php?rest_route=\/wp\/v2\/types\/post"}],"author":[{"embeddable":true,"href":"https:\/\/noticiasveraces.com\/index.php?rest_route=\/wp\/v2\/users\/1"}],"replies":[{"embeddable":true,"href":"https:\/\/noticiasveraces.com\/index.php?rest_route=%2Fwp%2Fv2%2Fcomments&post=9330"}],"version-history":[{"count":0,"href":"https:\/\/noticiasveraces.com\/index.php?rest_route=\/wp\/v2\/posts\/9330\/revisions"}],"wp:featuredmedia":[{"embeddable":true,"href":"https:\/\/noticiasveraces.com\/index.php?rest_route=\/wp\/v2\/media\/9332"}],"wp:attachment":[{"href":"https:\/\/noticiasveraces.com\/index.php?rest_route=%2Fwp%2Fv2%2Fmedia&parent=9330"}],"wp:term":[{"taxonomy":"category","embeddable":true,"href":"https:\/\/noticiasveraces.com\/index.php?rest_route=%2Fwp%2Fv2%2Fcategories&post=9330"},{"taxonomy":"post_tag","embeddable":true,"href":"https:\/\/noticiasveraces.com\/index.php?rest_route=%2Fwp%2Fv2%2Ftags&post=9330"}],"curies":[{"name":"wp","href":"https:\/\/api.w.org\/{rel}","templated":true}]}}