{"id":9327,"date":"2025-01-06T14:30:10","date_gmt":"2025-01-06T18:30:10","guid":{"rendered":"https:\/\/noticiasveraces.com\/?p=9327"},"modified":"2025-01-06T14:30:10","modified_gmt":"2025-01-06T18:30:10","slug":"deportiva-minera-real-madrid-en-directo-sigue-la-goleada-blanca-anota-arda-guler-el-tercero","status":"publish","type":"post","link":"https:\/\/noticiasveraces.com\/?p=9327","title":{"rendered":"Deportiva Minera &#8211; Real Madrid, en directo: Sigue la goleada blanca, anota Arda G\u00fcler el tercero"},"content":{"rendered":"<p> \n<\/p>\n<div id=\"intext\">\n<p>los de <b>carlo anceloti<\/b> debutan en la Copa del Rey enfrent\u00e1ndose en dieciseisavos de final a la Deportiva Minera en el campo del Cartagena, el Cartagonova. Se trata de un campo de c\u00e9sped natural y cuenta con una notable capacidad, por lo que todas las circunstancias benefician a los blancos, que son claros favoritos. Por ello, el m\u00edster italiano aprovecha para hacer rotaciones masivas y dar descanso a los m\u00e1s habituales antes de viajar a Arabia Saudita para disputar la <b>Supercopa de Espa\u00f1a<\/b>.<\/p>\n<p>Los blancos afrontan el partido tres d\u00edas despu\u00e9s de haber superado la dif\u00edcil prueba en Mestalla con un gol en el \u00faltimo minuto de <b>Judas Bellingham<\/b>. La Deportiva Minerva tiene ante su afici\u00f3n una cita hist\u00f3rica. El club de Cartagena sue\u00f1a con poder dejar a los blancos fuera de la Copa del Rey en un partido especial ante un rival poco habitual y lleno de estrellas mundiales.<\/p>\n<p>El once del Madrid est\u00e1 repleto de canteranos, un hecho que reclama la afici\u00f3n al entrenador italiano. Lunin ser\u00e1 el portero titular, aunque Ancelotti se\u00f1al\u00f3 que no ser\u00e1 el portero titular de la Copa. En defensa, muchas novedades: aparte de Asencio, que ya es uno m\u00e1s de la primera plantilla, debutan el lateral Lorenzo y el central Diego Aguado. Modric es titular tras estar en el banquillo de Mestalla, y le acompa\u00f1ar\u00e1 en la medular <b>Valverde<\/b> y <b>Camavinga<\/b>. El uruguayo no descansar\u00e1 y jugar\u00e1 de inicio en Cartagena, aunque lo normal es que Ancelotti le bastante minutos en la segunda parte. En la delantera <b>endrick<\/b> har\u00e1 de&#8217;<b>9<\/b>&#8216; y le acompa\u00f1ar\u00e1n en las bandas el joven Arda G\u00fcler y Brahim Diaz.<\/p>\n<p>En la convocatoria de Ancelotti no est\u00e1n R\u00fcdiger y Courtois por decisi\u00f3n t\u00e9cnica. El italiano ha preferido darles descanso antes de viajar a Arabia, algo que no ha sucedido con Rodrygo, Mbapp\u00e9, Bellingham y Vinicius Jr., que esperar\u00e1n su momento en el banquillo.<\/p>\n<p><i><span>S\u00edguenos en nuestro <\/span>canal de whatsapp<span> y no te pierdas la \u00faltima hora y toda la actualidad de antena3noticias.com<\/span><\/i><\/p>\n<div class=\"recirculation-video\" data-mod=\"a3mod_recirculation_video\">\n<div class=\"recirculation-video-wrapper\">\n<div>\n<div class=\"video-wrapper\">\n  <picture class=\"video-main-picture\"><source media=\"(min-width: 481px)\" srcset=\"https:\/\/fotografias.antena3.com\/clipping\/cmsimages01\/2025\/01\/03\/00BFD35D-F4CA-48B6-98F1-A797ED864AC6\/daniel-caballero-cumple-objetivo-correr-12-maratones-12-meses_94.jpg?crop=1280,720,x0,y0&amp;width=800&amp;height=450&amp;optimize=medium&amp;format=webply\" width=\"800\" height=\"450\"><source media=\"(min-width: 391px) and (max-width: 480px)\" srcset=\"https:\/\/fotografias.antena3.com\/clipping\/cmsimages01\/2025\/01\/03\/00BFD35D-F4CA-48B6-98F1-A797ED864AC6\/daniel-caballero-cumple-objetivo-correr-12-maratones-12-meses_70.jpg?crop=1280,720,x0,y0&amp;width=480&amp;height=270&amp;optimize=high&amp;format=webply\" width=\"480\" height=\"270\"><source media=\"(min-width: 321px) and (max-width: 390px)\" srcset=\"https:\/\/fotografias.antena3.com\/clipping\/cmsimages01\/2025\/01\/03\/00BFD35D-F4CA-48B6-98F1-A797ED864AC6\/daniel-caballero-cumple-objetivo-correr-12-maratones-12-meses_92.jpg?crop=1280,719,x0,y1&amp;width=390&amp;height=219&amp;optimize=high&amp;format=webply\" width=\"390\" height=\"219\"><source media=\"(max-width: 320px)\" srcset=\"https:\/\/fotografias.antena3.com\/clipping\/cmsimages01\/2025\/01\/03\/00BFD35D-F4CA-48B6-98F1-A797ED864AC6\/daniel-caballero-cumple-objetivo-correr-12-maratones-12-meses_52.jpg?crop=1280,720,x0,y0&amp;width=320&amp;height=180&amp;optimize=high&amp;format=webply\" width=\"320\" height=\"180\"><img decoding=\"async\" title=\"Daniel Caballero cumple su objetivo: correr 12 maratones en 12 meses\" alt=\"Daniel Caballero cumple su objetivo: correr 12 maratones en 12 meses\" width=\"480\" height=\"270\" src=\"https:\/\/fotografias.antena3.com\/clipping\/cmsimages01\/2025\/01\/03\/00BFD35D-F4CA-48B6-98F1-A797ED864AC6\/daniel-caballero-cumple-objetivo-correr-12-maratones-12-meses_70.jpg?crop=1280,720,x0,y0&amp;width=480&amp;height=270&amp;optimize=high&amp;format=webply\" loading=\"lazy\" class=\"lazy\"\/><br \/>\n  <\/source><\/source><\/source><\/source><\/picture>\n <\/div>\n<\/div><\/div>\n<\/p><\/div>\n<\/div>\n\n","protected":false},"excerpt":{"rendered":"<p>los de carlo anceloti debutan en la Copa del Rey enfrent\u00e1ndose en dieciseisavos de final a la Deportiva Minera en el campo del Cartagena, el Cartagonova. Se trata de un campo de c\u00e9sped natural y cuenta con una notable capacidad, por lo que todas las circunstancias benefician a los blancos, que son claros favoritos. Por &hellip;<\/p>\n","protected":false},"author":1,"featured_media":9329,"comment_status":"open","ping_status":"open","sticky":false,"template":"","format":"standard","meta":{"fifu_image_url":"https:\/\/fotografias.antena3.com\/clipping\/cmsimages02\/2024\/09\/18\/627D2F65-1BEE-4DC6-8A84-C83AD69E68A2\/endrick-santiago-bernabeu_69.jpg?crop=3168,1782,x0,y0&width=1280&height=720&optimize=low&format=jpg","fifu_image_alt":"","footnotes":""},"categories":[6],"tags":[],"class_list":["post-9327","post","type-post","status-publish","format-standard","has-post-thumbnail","","category-deportes"],"_links":{"self":[{"href":"https:\/\/noticiasveraces.com\/index.php?rest_route=\/wp\/v2\/posts\/9327","targetHints":{"allow":["GET"]}}],"collection":[{"href":"https:\/\/noticiasveraces.com\/index.php?rest_route=\/wp\/v2\/posts"}],"about":[{"href":"https:\/\/noticiasveraces.com\/index.php?rest_route=\/wp\/v2\/types\/post"}],"author":[{"embeddable":true,"href":"https:\/\/noticiasveraces.com\/index.php?rest_route=\/wp\/v2\/users\/1"}],"replies":[{"embeddable":true,"href":"https:\/\/noticiasveraces.com\/index.php?rest_route=%2Fwp%2Fv2%2Fcomments&post=9327"}],"version-history":[{"count":0,"href":"https:\/\/noticiasveraces.com\/index.php?rest_route=\/wp\/v2\/posts\/9327\/revisions"}],"wp:featuredmedia":[{"embeddable":true,"href":"https:\/\/noticiasveraces.com\/index.php?rest_route=\/wp\/v2\/media\/9329"}],"wp:attachment":[{"href":"https:\/\/noticiasveraces.com\/index.php?rest_route=%2Fwp%2Fv2%2Fmedia&parent=9327"}],"wp:term":[{"taxonomy":"category","embeddable":true,"href":"https:\/\/noticiasveraces.com\/index.php?rest_route=%2Fwp%2Fv2%2Fcategories&post=9327"},{"taxonomy":"post_tag","embeddable":true,"href":"https:\/\/noticiasveraces.com\/index.php?rest_route=%2Fwp%2Fv2%2Ftags&post=9327"}],"curies":[{"name":"wp","href":"https:\/\/api.w.org\/{rel}","templated":true}]}}