{"id":9319,"date":"2025-01-06T13:34:56","date_gmt":"2025-01-06T17:34:56","guid":{"rendered":"https:\/\/noticiasveraces.com\/?p=9319"},"modified":"2025-01-06T13:34:56","modified_gmt":"2025-01-06T17:34:56","slug":"el-primer-ministro-britanico-starmer-responde-a-los-ataques-de-musk-a-las-bandas-de-cuidado-infantil-mentiras-y-desinformacion","status":"publish","type":"post","link":"https:\/\/noticiasveraces.com\/?p=9319","title":{"rendered":"El primer ministro brit\u00e1nico Starmer responde a los ataques de Musk a las bandas de cuidado infantil: \u00abMentiras y desinformaci\u00f3n\u00bb"},"content":{"rendered":"<p> \n<\/p>\n<div>\n<p class=\"speakable\">El primer ministro del Reino Unido, Keir Starmer, respondi\u00f3 el lunes a los ataques por su manejo del esc\u00e1ndalo de las pandillas de cuidado infantil que ha sacudido repetidamente a la naci\u00f3n y que ha sido objeto de un mayor escrutinio en la \u00faltima semana impulsado por el director ejecutivo de SpaceX, Elon Musk.<\/p>\n<p class=\"speakable\">\u00abAquellos que est\u00e1n difundiendo mentiras y desinformaci\u00f3n lo m\u00e1s lejos posible, no est\u00e1n interesados \u200b\u200ben las v\u00edctimas, est\u00e1n interesados \u200b\u200ben ellos mismos\u00bb, dijo Starmer en respuesta a preguntas de los periodistas sobre los comentarios de Musk, aunque no mencion\u00f3 a Musk directamente. .<\/p>\n<p>El esc\u00e1ndalo del acicalamiento en el Reino Unido, donde se revel\u00f3 que bandas de hombres predominantemente del sur de Asia o pakistan\u00edes brit\u00e1nicos hab\u00edan explotado y abusado de ni\u00f1os durante d\u00e9cadas en ciudades del norte de Inglaterra, resurgi\u00f3 la semana pasada en medio de nuevos llamamientos para una investigaci\u00f3n nacional.<\/p>\n<p><strong>ELON MUSK EXIGE QUE EL REINO UNIDO ACT\u00daE SOBRE EL ESC\u00c1NDALO DE PANDILLAS DE ASEO EN MEDIO DE CRECENTES LLAMADOS PARA UNA INVESTIGACI\u00d3N<\/strong><\/p>\n<p>Informes anteriores en ciudades como Rotherham y Telford hab\u00edan encontrado evidencia de horribles cr\u00edmenes contra ni\u00f1os durante d\u00e9cadas y que las autoridades hab\u00edan suprimido informaci\u00f3n o ten\u00edan preocupaciones sobre avivar el racismo. Con frecuencia se cita como un fracaso del multiculturalismo y el impacto de la inmigraci\u00f3n masiva. <\/p>\n<div class=\"image-ct inline\">\n<div class=\"m\"><picture><source media=\"(max-width: 767px)\" srcset=\"https:\/\/a57.foxnews.com\/static.foxnews.com\/foxnews.com\/content\/uploads\/2025\/01\/343\/192\/elon-musk-donald-trump-2.jpg?ve=1&amp;tl=1, https:\/\/a57.foxnews.com\/static.foxnews.com\/foxnews.com\/content\/uploads\/2025\/01\/686\/384\/elon-musk-donald-trump-2.jpg?ve=1&amp;tl=1 2x\" height=\"192\" width=\"343\"><source media=\"(min-width: 768px) and (max-width: 1023px)\" srcset=\"https:\/\/a57.foxnews.com\/static.foxnews.com\/foxnews.com\/content\/uploads\/2025\/01\/672\/378\/elon-musk-donald-trump-2.jpg?ve=1&amp;tl=1, https:\/\/a57.foxnews.com\/static.foxnews.com\/foxnews.com\/content\/uploads\/2025\/01\/1344\/756\/elon-musk-donald-trump-2.jpg?ve=1&amp;tl=1 2x\" height=\"378\" width=\"672\"><source media=\"(min-width: 1024px) and (max-width: 1279px)\" srcset=\"https:\/\/a57.foxnews.com\/static.foxnews.com\/foxnews.com\/content\/uploads\/2025\/01\/931\/523\/elon-musk-donald-trump-2.jpg?ve=1&amp;tl=1, https:\/\/a57.foxnews.com\/static.foxnews.com\/foxnews.com\/content\/uploads\/2025\/01\/1862\/1046\/elon-musk-donald-trump-2.jpg?ve=1&amp;tl=1 2x\" height=\"523\" width=\"931\"><source media=\"(min-width: 1280px)\" srcset=\"https:\/\/a57.foxnews.com\/static.foxnews.com\/foxnews.com\/content\/uploads\/2025\/01\/720\/405\/elon-musk-donald-trump-2.jpg?ve=1&amp;tl=1, https:\/\/a57.foxnews.com\/static.foxnews.com\/foxnews.com\/content\/uploads\/2025\/01\/1440\/810\/elon-musk-donald-trump-2.jpg?ve=1&amp;tl=1 2x\" height=\"405\" width=\"720\"><img loading=\"lazy\" decoding=\"async\" src=\"https:\/\/a57.foxnews.com\/static.foxnews.com\/foxnews.com\/content\/uploads\/2025\/01\/1200\/675\/elon-musk-donald-trump-2.jpg?ve=1&amp;tl=1\" alt=\"Elon Musk y Donald Trump\" width=\"1200\" height=\"675\"\/><\/source><\/source><\/source><\/source><\/picture><\/div>\n<div class=\"info\">\n<div class=\"caption\">\n<p><span>El presidente electo Trump y Elon Musk llegan para el lanzamiento de un cohete SpaceX Starship el 19 de noviembre de 2024 en Brownsville, Texas.<\/span> <span>(Brandon Bell\/Getty Images)<\/span><\/p>\n<\/div>\n<\/div>\n<\/div>\n<p>Musk hab\u00eda criticado al gobierno por su rechazo a un llamado a una nueva investigaci\u00f3n nacional sobre el manejo de las acciones de las autoridades en Oldham. El Ministro del Interior, Jess Phillips, respondi\u00f3 a la solicitud en octubre, diciendo que cualquier investigaci\u00f3n de este tipo deber\u00eda organizarse localmente. <\/p>\n<p>Un informe de 2022 sobre las acciones de Oldham entre 2011 y 2014 encontr\u00f3 que las agencias locales fallaron a los ni\u00f1os, pero tambi\u00e9n encontr\u00f3 que no hubo encubrimiento a pesar de las \u00abpreocupaciones leg\u00edtimas\u00bb de que la extrema derecha capitalizar\u00eda \u00ablas condenas de alto perfil de delincuentes predominantemente paquistan\u00edes en todo el pa\u00eds\u00bb.<\/p>\n<p>Musk, junto con altos funcionarios conservadores, incluido el l\u00edder del Partido Conservador, Kemi Badenoch, exigieron una investigaci\u00f3n completa. Musk fue m\u00e1s all\u00e1 y pidi\u00f3 que el rey Carlos III interviniera.<\/p>\n<p>\u00abSe oponen a una investigaci\u00f3n porque demostrar\u00e1 que los que est\u00e1n en el poder fueron c\u00f3mplices del encubrimiento\u00bb, dijo sobre el gobierno en X.<\/p>\n<p>Musk hab\u00eda pedido el procesamiento de Starmer, que era director de la fiscal\u00eda en el momento en que estall\u00f3 el esc\u00e1ndalo, as\u00ed como de Phillips, a quien llam\u00f3 un \u00abapologista del genocidio de la violaci\u00f3n\u00bb.<\/p>\n<p><strong><u>GRAN BRETA\u00d1A GOLPEA POR OTRO ESC\u00c1NDALO DE PANDILLAS DE ASEO ASI\u00c1TICO MIENTRAS UN INFORME EXPONE EL ABUSO SEXUAL INFANTIL EN MANCHESTER<\/u><\/strong><\/p>\n<div class=\"image-ct inline\">\n<div class=\"m\"><picture><source media=\"(max-width: 767px)\" srcset=\"https:\/\/a57.foxnews.com\/static.foxnews.com\/foxnews.com\/content\/uploads\/2025\/01\/343\/192\/ap25006383997828-copy.jpg?ve=1&amp;tl=1, https:\/\/a57.foxnews.com\/static.foxnews.com\/foxnews.com\/content\/uploads\/2025\/01\/686\/384\/ap25006383997828-copy.jpg?ve=1&amp;tl=1 2x\" height=\"192\" width=\"343\"><source media=\"(min-width: 768px) and (max-width: 1023px)\" srcset=\"https:\/\/a57.foxnews.com\/static.foxnews.com\/foxnews.com\/content\/uploads\/2025\/01\/672\/378\/ap25006383997828-copy.jpg?ve=1&amp;tl=1, https:\/\/a57.foxnews.com\/static.foxnews.com\/foxnews.com\/content\/uploads\/2025\/01\/1344\/756\/ap25006383997828-copy.jpg?ve=1&amp;tl=1 2x\" height=\"378\" width=\"672\"><source media=\"(min-width: 1024px) and (max-width: 1279px)\" srcset=\"https:\/\/a57.foxnews.com\/static.foxnews.com\/foxnews.com\/content\/uploads\/2025\/01\/931\/523\/ap25006383997828-copy.jpg?ve=1&amp;tl=1, https:\/\/a57.foxnews.com\/static.foxnews.com\/foxnews.com\/content\/uploads\/2025\/01\/1862\/1046\/ap25006383997828-copy.jpg?ve=1&amp;tl=1 2x\" height=\"523\" width=\"931\"><source media=\"(min-width: 1280px)\" srcset=\"https:\/\/a57.foxnews.com\/static.foxnews.com\/foxnews.com\/content\/uploads\/2025\/01\/720\/405\/ap25006383997828-copy.jpg?ve=1&amp;tl=1, https:\/\/a57.foxnews.com\/static.foxnews.com\/foxnews.com\/content\/uploads\/2025\/01\/1440\/810\/ap25006383997828-copy.jpg?ve=1&amp;tl=1 2x\" height=\"405\" width=\"720\"><img loading=\"lazy\" decoding=\"async\" src=\"https:\/\/a57.foxnews.com\/static.foxnews.com\/foxnews.com\/content\/uploads\/2025\/01\/1200\/675\/ap25006383997828-copy.jpg?ve=1&amp;tl=1\" alt=\"Starmer Gran Breta\u00f1a Reino Unido\" width=\"1200\" height=\"675\"\/><\/source><\/source><\/source><\/source><\/picture><\/div>\n<div class=\"info\">\n<div class=\"caption\">\n<p><span>El primer ministro Keir Starmer pronuncia un discurso en Surrey, Inglaterra, el lunes 6 de enero de 2025. (Leon Neal\/Pool Photo v\u00eda AP)<\/span> <!----><\/p>\n<\/div>\n<\/div>\n<\/div>\n<p>Starmer hizo referencia a esos comentarios en su respuesta, mientras defend\u00eda su historial como fiscal, diciendo que hab\u00eda reabierto casos cerrados y \u00abcambi\u00f3 todo el enfoque de la fiscal\u00eda\u00bb respecto del abuso.<\/p>\n<p>\u00abCuando el veneno de la extrema derecha conduce a serias amenazas a Jess Phillips y otros, entonces, en mi opini\u00f3n, se ha cruzado una l\u00ednea\u00bb, dijo Starmer. \u00abDisfruto del tira y afloja de la pol\u00edtica, el debate s\u00f3lido que debemos tener, pero que debe basarse en hechos y verdades, no en mentiras\u00bb.<\/p>\n<p><strong>NIGEL FARAGE RESPONDE DESPU\u00c9S DE QUE ELON MUSK DECLARA QUE &#8216;NO TIENE LO QUE SE NECESITA&#8217; PARA LIDERAR EL PARTIDO REFORMISTA DEL REINO UNIDO<\/strong><\/p>\n<p>Tambi\u00e9n critic\u00f3 a los pol\u00edticos que, seg\u00fan dijo, \u00abson casuales en cuanto a la honestidad, la decencia, la verdad y el Estado de derecho, y piden investigaciones porque quieren subirse al tren de la extrema derecha\u00bb.<\/p>\n<p>Musk respondi\u00f3.<\/p>\n<p><strong><u>HAGA CLIC AQU\u00cd PARA OBTENER LA APLICACI\u00d3N FOX NEWS<\/u><\/strong><\/p>\n<p>\u00ab\u00a1Qu\u00e9 locura decir! La verdadera raz\u00f3n es que mostrar\u00eda c\u00f3mo Starmer ignor\u00f3 repetidamente las s\u00faplicas de un gran n\u00famero de ni\u00f1as peque\u00f1as y sus padres, para asegurarse el apoyo pol\u00edtico. Starmer es absolutamente despreciable\u00bb, dijo.<\/p>\n<p><i>La Prensa Asociada contribuy\u00f3 a este informe.<\/i><\/p>\n<p> <!----> <\/p>\n<div class=\"article-meta\">\n<div class=\"author-bio\">\n<p>Adam Shaw es reportero pol\u00edtico de Fox News Digital y cubre principalmente inmigraci\u00f3n y seguridad fronteriza.<\/p>\n<p>Puede ser contactado en adam.shaw2@fox.com o en <a href=\"https:\/\/twitter.com\/AdamShawNY\" target=\"_blank\" rel=\"nofollow\">Gorjeo<\/a>.<\/p>\n<\/div>\n<\/div><\/div>\n<p><script async src=\"https:\/\/platform.twitter.com\/widgets.js\" charset=\"utf-8\"><\/script><br \/>\n<br \/>\n","protected":false},"excerpt":{"rendered":"<p>El primer ministro del Reino Unido, Keir Starmer, respondi\u00f3 el lunes a los ataques por su manejo del esc\u00e1ndalo de las pandillas de cuidado infantil que ha sacudido repetidamente a la naci\u00f3n y que ha sido objeto de un mayor escrutinio en la \u00faltima semana impulsado por el director ejecutivo de SpaceX, Elon Musk. \u00abAquellos &hellip;<\/p>\n","protected":false},"author":1,"featured_media":9321,"comment_status":"open","ping_status":"open","sticky":false,"template":"","format":"standard","meta":{"fifu_image_url":"https:\/\/static.foxnews.com\/foxnews.com\/content\/uploads\/2025\/01\/starmer-musk2.jpg","fifu_image_alt":"","footnotes":""},"categories":[13],"tags":[],"class_list":["post-9319","post","type-post","status-publish","format-standard","has-post-thumbnail","","category-mundo"],"_links":{"self":[{"href":"https:\/\/noticiasveraces.com\/index.php?rest_route=\/wp\/v2\/posts\/9319","targetHints":{"allow":["GET"]}}],"collection":[{"href":"https:\/\/noticiasveraces.com\/index.php?rest_route=\/wp\/v2\/posts"}],"about":[{"href":"https:\/\/noticiasveraces.com\/index.php?rest_route=\/wp\/v2\/types\/post"}],"author":[{"embeddable":true,"href":"https:\/\/noticiasveraces.com\/index.php?rest_route=\/wp\/v2\/users\/1"}],"replies":[{"embeddable":true,"href":"https:\/\/noticiasveraces.com\/index.php?rest_route=%2Fwp%2Fv2%2Fcomments&post=9319"}],"version-history":[{"count":0,"href":"https:\/\/noticiasveraces.com\/index.php?rest_route=\/wp\/v2\/posts\/9319\/revisions"}],"wp:featuredmedia":[{"embeddable":true,"href":"https:\/\/noticiasveraces.com\/index.php?rest_route=\/wp\/v2\/media\/9321"}],"wp:attachment":[{"href":"https:\/\/noticiasveraces.com\/index.php?rest_route=%2Fwp%2Fv2%2Fmedia&parent=9319"}],"wp:term":[{"taxonomy":"category","embeddable":true,"href":"https:\/\/noticiasveraces.com\/index.php?rest_route=%2Fwp%2Fv2%2Fcategories&post=9319"},{"taxonomy":"post_tag","embeddable":true,"href":"https:\/\/noticiasveraces.com\/index.php?rest_route=%2Fwp%2Fv2%2Ftags&post=9319"}],"curies":[{"name":"wp","href":"https:\/\/api.w.org\/{rel}","templated":true}]}}