{"id":9307,"date":"2025-01-06T12:30:10","date_gmt":"2025-01-06T16:30:10","guid":{"rendered":"https:\/\/noticiasveraces.com\/?p=9307"},"modified":"2025-01-06T12:30:10","modified_gmt":"2025-01-06T16:30:10","slug":"trudeau-de-canada-renuncia-tras-la-presion-del-partido-en-medio-de-criticas-a-trump-y-el-manejo-del-presupuesto","status":"publish","type":"post","link":"https:\/\/noticiasveraces.com\/?p=9307","title":{"rendered":"Trudeau de Canad\u00e1 renuncia tras la presi\u00f3n del partido en medio de cr\u00edticas a Trump y el manejo del presupuesto"},"content":{"rendered":"<p> \n<\/p>\n<div>\n<p class=\"speakable\">El primer ministro canadiense, Justin Trudeau, anunci\u00f3 el lunes que tiene la intenci\u00f3n de dimitir como l\u00edder del partido y primer ministro despu\u00e9s de que la presi\u00f3n dentro de su propio Partido Liberal creciera cada vez m\u00e1s en medio de crecientes cr\u00edticas por su manejo de la econom\u00eda y las amenazas del presidente electo Donald Trump. Dijo que dimitir\u00e1 una vez que el partido seleccione un nuevo l\u00edder. <\/p>\n<p class=\"speakable\">Trudeau, que dirigi\u00f3 la naci\u00f3n durante casi una d\u00e9cada, ha estado lidiando durante meses con ca\u00eddas significativas en sus \u00edndices de aprobaci\u00f3n debido a la creciente frustraci\u00f3n relacionada con cuestiones como el creciente costo de la vida y la creciente inflaci\u00f3n. <\/p>\n<p>Aunque no hab\u00eda un camino oficial para que su partido lo expulsara del puesto m\u00e1s alto, el ahora ex primer ministro enfrent\u00f3 la amenaza de un voto de censura parlamentario o una larga lucha para mantener su puesto hasta las elecciones de octubre de 2025. Se esperaba que cualquiera de las opciones supusiera un final aplastante para el mandato de Trudeau.<\/p>\n<div class=\"image-ct inline\">\n<div class=\"m\"><picture><source media=\"(max-width: 767px)\" srcset=\"https:\/\/a57.foxnews.com\/static.foxnews.com\/foxnews.com\/content\/uploads\/2024\/06\/343\/192\/Justin-Trudeau.png?ve=1&amp;tl=1, https:\/\/a57.foxnews.com\/static.foxnews.com\/foxnews.com\/content\/uploads\/2024\/06\/686\/384\/Justin-Trudeau.png?ve=1&amp;tl=1 2x\" height=\"192\" width=\"343\"><source media=\"(min-width: 768px) and (max-width: 1023px)\" srcset=\"https:\/\/a57.foxnews.com\/static.foxnews.com\/foxnews.com\/content\/uploads\/2024\/06\/672\/378\/Justin-Trudeau.png?ve=1&amp;tl=1, https:\/\/a57.foxnews.com\/static.foxnews.com\/foxnews.com\/content\/uploads\/2024\/06\/1344\/756\/Justin-Trudeau.png?ve=1&amp;tl=1 2x\" height=\"378\" width=\"672\"><source media=\"(min-width: 1024px) and (max-width: 1279px)\" srcset=\"https:\/\/a57.foxnews.com\/static.foxnews.com\/foxnews.com\/content\/uploads\/2024\/06\/931\/523\/Justin-Trudeau.png?ve=1&amp;tl=1, https:\/\/a57.foxnews.com\/static.foxnews.com\/foxnews.com\/content\/uploads\/2024\/06\/1862\/1046\/Justin-Trudeau.png?ve=1&amp;tl=1 2x\" height=\"523\" width=\"931\"><source media=\"(min-width: 1280px)\" srcset=\"https:\/\/a57.foxnews.com\/static.foxnews.com\/foxnews.com\/content\/uploads\/2024\/06\/720\/405\/Justin-Trudeau.png?ve=1&amp;tl=1, https:\/\/a57.foxnews.com\/static.foxnews.com\/foxnews.com\/content\/uploads\/2024\/06\/1440\/810\/Justin-Trudeau.png?ve=1&amp;tl=1 2x\" height=\"405\" width=\"720\"><img loading=\"lazy\" decoding=\"async\" src=\"https:\/\/a57.foxnews.com\/static.foxnews.com\/foxnews.com\/content\/uploads\/2024\/06\/1200\/675\/Justin-Trudeau.png?ve=1&amp;tl=1\" alt=\"Justin Trudeau\" width=\"1200\" height=\"675\"\/><\/source><\/source><\/source><\/source><\/picture><\/div>\n<div class=\"info\">\n<div class=\"caption\">\n<p><span>El primer ministro canadiense, Justin Trudeau, ofrece una conferencia de prensa sobre la industria a\u00e9rea en Montreal, Quebec, el 15 de julio de 2021.<\/span> <span>(ANDREJ IVANOV\/AFP v\u00eda Getty Images)<\/span><\/p>\n<\/div>\n<\/div>\n<\/div>\n<p><strong>TRUMP DICE QUE LOS SUBSIDIOS DE ESTADOS UNIDOS A CANAD\u00c1 &#8216;NO TIENEN SENTIDO&#8217;, SUGIERE QUE LOS CANADIENSES QUIEREN &#8216;CONVERTIRSE EN EL ESTADO 51&#8217;<\/strong><\/p>\n<p>El veterano primer ministro experiment\u00f3 un aumento de los pedidos de dimisi\u00f3n, y al menos siete parlamentarios liberales, as\u00ed como l\u00edderes de partidos de la oposici\u00f3n, le pidieron que dimitiera, tras la abrupta salida de su ministra de Finanzas, Chrystia Freeland, que escribi\u00f3 una mordaz carta de renuncia, citando cr\u00edticas por su manejo de ciertas pol\u00edticas econ\u00f3micas, as\u00ed como las amenazas de Trump.<\/p>\n<p>Freeland, alguna vez visto como el principal aliado de Trudeau y quien ayud\u00f3 a supervisar el acuerdo entre Estados Unidos, M\u00e9xico y Canad\u00e1 de 2020 durante la \u00faltima administraci\u00f3n Trump, advirti\u00f3 que la forma en que Canad\u00e1 responda a la amenaza de Trump en noviembre de imponer un arancel del 25% a las importaciones canadienses \u00abnos definir\u00e1 para un generaci\u00f3n, y tal vez m\u00e1s.\u00bb<\/p>\n<p>\u00abDurante las \u00faltimas semanas, usted y yo nos hemos encontrado en desacuerdo sobre cu\u00e1l es el mejor camino a seguir para Canad\u00e1\u00bb, escribi\u00f3. \u00abNuestro pa\u00eds enfrenta hoy un grave desaf\u00edo\u00bb.<\/p>\n<div class=\"image-ct inline\">\n<div class=\"m\"><picture><source media=\"(max-width: 767px)\" srcset=\"https:\/\/a57.foxnews.com\/static.foxnews.com\/foxnews.com\/content\/uploads\/2024\/06\/343\/192\/GettyImages-1948400062.jpg?ve=1&amp;tl=1, https:\/\/a57.foxnews.com\/static.foxnews.com\/foxnews.com\/content\/uploads\/2024\/06\/686\/384\/GettyImages-1948400062.jpg?ve=1&amp;tl=1 2x\" height=\"192\" width=\"343\"><source media=\"(min-width: 768px) and (max-width: 1023px)\" srcset=\"https:\/\/a57.foxnews.com\/static.foxnews.com\/foxnews.com\/content\/uploads\/2024\/06\/672\/378\/GettyImages-1948400062.jpg?ve=1&amp;tl=1, https:\/\/a57.foxnews.com\/static.foxnews.com\/foxnews.com\/content\/uploads\/2024\/06\/1344\/756\/GettyImages-1948400062.jpg?ve=1&amp;tl=1 2x\" height=\"378\" width=\"672\"><source media=\"(min-width: 1024px) and (max-width: 1279px)\" srcset=\"https:\/\/a57.foxnews.com\/static.foxnews.com\/foxnews.com\/content\/uploads\/2024\/06\/931\/523\/GettyImages-1948400062.jpg?ve=1&amp;tl=1, https:\/\/a57.foxnews.com\/static.foxnews.com\/foxnews.com\/content\/uploads\/2024\/06\/1862\/1046\/GettyImages-1948400062.jpg?ve=1&amp;tl=1 2x\" height=\"523\" width=\"931\"><source media=\"(min-width: 1280px)\" srcset=\"https:\/\/a57.foxnews.com\/static.foxnews.com\/foxnews.com\/content\/uploads\/2024\/06\/720\/405\/GettyImages-1948400062.jpg?ve=1&amp;tl=1, https:\/\/a57.foxnews.com\/static.foxnews.com\/foxnews.com\/content\/uploads\/2024\/06\/1440\/810\/GettyImages-1948400062.jpg?ve=1&amp;tl=1 2x\" height=\"405\" width=\"720\"><img loading=\"lazy\" decoding=\"async\" src=\"https:\/\/a57.foxnews.com\/static.foxnews.com\/foxnews.com\/content\/uploads\/2024\/06\/1200\/675\/GettyImages-1948400062.jpg?ve=1&amp;tl=1\" alt=\"Los pol\u00edticos liberales de Truduea\" width=\"1200\" height=\"675\"\/><\/source><\/source><\/source><\/source><\/picture><\/div>\n<div class=\"info\">\n<div class=\"caption\">\n<p><span>Chrystia Freeland, viceprimera ministra y ministra de finanzas de Canad\u00e1 (centro), Arif Virani, ministro de justicia y fiscal general de Canad\u00e1 (derecha), y Dominic LeBlanc, ministro de seguridad p\u00fablica, instituciones democr\u00e1ticas y asuntos intergubernamentales de Canad\u00e1, durante un retiro del gabinete en Montreal, Quebec, Canad\u00e1. , el martes 23 de enero de 2024. El primer ministro Trudeau est\u00e1 preparando lo que \u00e9l llama un enfoque de \u00abEquipo Canad\u00e1\u00bb para interactuar con Estados Unidos mientras el pa\u00eds se prepara para un posible regreso del presidente Donald. Trump.<\/span> <span>(Allen McInnis\/Bloomberg v\u00eda Getty Images)<\/span><\/p>\n<\/div>\n<\/div>\n<\/div>\n<p> <strong>TRUDEAU AL BORDE COMO ALIADO, EL MINISTRO DE FINANZAS RENUNCIA ABRUPTAMENTE POR LAS AMENAZAS ARANCELARIAS DE TRUMP<\/strong><\/p>\n<p>\u00abLa administraci\u00f3n entrante en Estados Unidos est\u00e1 siguiendo una pol\u00edtica de nacionalismo econ\u00f3mico agresivo\u00bb, continu\u00f3, instando al primer ministro a mostrar m\u00e1s coraje cuando se trata de enfrentarse a Trump y su \u00abpr\u00f3xima guerra arancelaria\u00bb.<\/p>\n<p>Los comentarios hechos por Freeland causaron conmoci\u00f3n en todo el gobierno canadiense, y muchos respaldaron sus llamados a mostrar fortaleza frente a los tiempos econ\u00f3micos potencialmente dif\u00edciles que se avecinan. <\/p>\n<p>Trudeau, que nombr\u00f3 a su amigo cercano Dominic LeBlanc para asumir el cargo de ministro de Finanzas, celebr\u00f3 posteriormente una reuni\u00f3n especial con su grupo durante la cual, seg\u00fan LeBlanc, dijo que \u00abescuch\u00f3 muy claramente y escuch\u00f3 atentamente sus preocupaciones, y que reflexionar sobre ello.\u00bb<\/p>\n<div class=\"image-ct inline\">\n<div class=\"m\"><picture><source media=\"(max-width: 767px)\" srcset=\"https:\/\/a57.foxnews.com\/static.foxnews.com\/foxnews.com\/content\/uploads\/2024\/12\/343\/192\/trump-trudeau.jpg?ve=1&amp;tl=1, https:\/\/a57.foxnews.com\/static.foxnews.com\/foxnews.com\/content\/uploads\/2024\/12\/686\/384\/trump-trudeau.jpg?ve=1&amp;tl=1 2x\" height=\"192\" width=\"343\"><source media=\"(min-width: 768px) and (max-width: 1023px)\" srcset=\"https:\/\/a57.foxnews.com\/static.foxnews.com\/foxnews.com\/content\/uploads\/2024\/12\/672\/378\/trump-trudeau.jpg?ve=1&amp;tl=1, https:\/\/a57.foxnews.com\/static.foxnews.com\/foxnews.com\/content\/uploads\/2024\/12\/1344\/756\/trump-trudeau.jpg?ve=1&amp;tl=1 2x\" height=\"378\" width=\"672\"><source media=\"(min-width: 1024px) and (max-width: 1279px)\" srcset=\"https:\/\/a57.foxnews.com\/static.foxnews.com\/foxnews.com\/content\/uploads\/2024\/12\/931\/523\/trump-trudeau.jpg?ve=1&amp;tl=1, https:\/\/a57.foxnews.com\/static.foxnews.com\/foxnews.com\/content\/uploads\/2024\/12\/1862\/1046\/trump-trudeau.jpg?ve=1&amp;tl=1 2x\" height=\"523\" width=\"931\"><source media=\"(min-width: 1280px)\" srcset=\"https:\/\/a57.foxnews.com\/static.foxnews.com\/foxnews.com\/content\/uploads\/2024\/12\/720\/405\/trump-trudeau.jpg?ve=1&amp;tl=1, https:\/\/a57.foxnews.com\/static.foxnews.com\/foxnews.com\/content\/uploads\/2024\/12\/1440\/810\/trump-trudeau.jpg?ve=1&amp;tl=1 2x\" height=\"405\" width=\"720\"><img loading=\"lazy\" decoding=\"async\" src=\"https:\/\/a57.foxnews.com\/static.foxnews.com\/foxnews.com\/content\/uploads\/2024\/12\/1200\/675\/trump-trudeau.jpg?ve=1&amp;tl=1\" alt=\"El presidente estadounidense Donald Trump y el primer ministro canadiense Justin Trudeau\" width=\"1200\" height=\"675\"\/><\/source><\/source><\/source><\/source><\/picture><\/div>\n<div class=\"info\">\n<div class=\"caption\">\n<p><span>ARCHIVO &#8211; El presidente estadounidense Donald Trump, izquierda, y el primer ministro canadiense Justin Trudeau conversan antes de una mesa redonda de la OTAN en el hotel y resort The Grove en Watford, Hertfordshire, Inglaterra, el 4 de diciembre de 2019. <\/span> <span>(Foto AP\/Frank Augstein, archivo)<\/span><\/p>\n<\/div>\n<\/div>\n<\/div>\n<p><strong>HAGA CLIC AQU\u00cd PARA OBTENER LA APLICACI\u00d3N FOX NEWS<\/strong><\/p>\n<p>La renuncia de Trudeau significa que el Partido Liberal puede nombrar un primer ministro interino para dirigir el pa\u00eds hasta las elecciones del pr\u00f3ximo oto\u00f1o, lo que les brinda potencialmente una oportunidad de luchar para recuperar un apoyo renovado al Partido Liberal. <\/p>\n<p>A\u00fan no est\u00e1 claro qui\u00e9n probablemente ocupar\u00e1 el puesto de Trudeau, pero se inform\u00f3 que LeBlanc, quien tambi\u00e9n se reuni\u00f3 con Trump en su residencia de Mar-a-Lago a principios de este mes junto con el ex primer ministro, era uno de los principales contendientes.<\/p>\n<p>Trump a\u00fan no ha comentado p\u00fablicamente sobre la renuncia de Trudeau y su equipo de transici\u00f3n no respondi\u00f3 a preguntas anteriores de Fox News Digital sobre su impacto en la pol\u00edtica canadiense. <\/p>\n<p> <!----> <\/p>\n<div class=\"article-meta\">\n<div class=\"author-bio\">\n<p>Caitlin McFall es reportera de Fox News Digital y cubre noticias de pol\u00edtica, Estados Unidos y el mundo.<\/p>\n<\/div>\n<\/div><\/div>\n\n","protected":false},"excerpt":{"rendered":"<p>El primer ministro canadiense, Justin Trudeau, anunci\u00f3 el lunes que tiene la intenci\u00f3n de dimitir como l\u00edder del partido y primer ministro despu\u00e9s de que la presi\u00f3n dentro de su propio Partido Liberal creciera cada vez m\u00e1s en medio de crecientes cr\u00edticas por su manejo de la econom\u00eda y las amenazas del presidente electo Donald &hellip;<\/p>\n","protected":false},"author":1,"featured_media":9309,"comment_status":"open","ping_status":"open","sticky":false,"template":"","format":"standard","meta":{"fifu_image_url":"https:\/\/static.foxnews.com\/foxnews.com\/content\/uploads\/2024\/12\/trump-trudeau.jpg","fifu_image_alt":"","footnotes":""},"categories":[13],"tags":[],"class_list":["post-9307","post","type-post","status-publish","format-standard","has-post-thumbnail","","category-mundo"],"_links":{"self":[{"href":"https:\/\/noticiasveraces.com\/index.php?rest_route=\/wp\/v2\/posts\/9307","targetHints":{"allow":["GET"]}}],"collection":[{"href":"https:\/\/noticiasveraces.com\/index.php?rest_route=\/wp\/v2\/posts"}],"about":[{"href":"https:\/\/noticiasveraces.com\/index.php?rest_route=\/wp\/v2\/types\/post"}],"author":[{"embeddable":true,"href":"https:\/\/noticiasveraces.com\/index.php?rest_route=\/wp\/v2\/users\/1"}],"replies":[{"embeddable":true,"href":"https:\/\/noticiasveraces.com\/index.php?rest_route=%2Fwp%2Fv2%2Fcomments&post=9307"}],"version-history":[{"count":0,"href":"https:\/\/noticiasveraces.com\/index.php?rest_route=\/wp\/v2\/posts\/9307\/revisions"}],"wp:featuredmedia":[{"embeddable":true,"href":"https:\/\/noticiasveraces.com\/index.php?rest_route=\/wp\/v2\/media\/9309"}],"wp:attachment":[{"href":"https:\/\/noticiasveraces.com\/index.php?rest_route=%2Fwp%2Fv2%2Fmedia&parent=9307"}],"wp:term":[{"taxonomy":"category","embeddable":true,"href":"https:\/\/noticiasveraces.com\/index.php?rest_route=%2Fwp%2Fv2%2Fcategories&post=9307"},{"taxonomy":"post_tag","embeddable":true,"href":"https:\/\/noticiasveraces.com\/index.php?rest_route=%2Fwp%2Fv2%2Ftags&post=9307"}],"curies":[{"name":"wp","href":"https:\/\/api.w.org\/{rel}","templated":true}]}}