{"id":9294,"date":"2025-01-06T10:20:10","date_gmt":"2025-01-06T14:20:10","guid":{"rendered":"https:\/\/noticiasveraces.com\/?p=9294"},"modified":"2025-01-06T10:20:10","modified_gmt":"2025-01-06T14:20:10","slug":"corea-del-norte-realiza-la-primera-prueba-de-lanzamiento-de-misiles-desde-la-eleccion-de-trump","status":"publish","type":"post","link":"https:\/\/noticiasveraces.com\/?p=9294","title":{"rendered":"Corea del Norte realiza la primera prueba de lanzamiento de misiles desde la elecci\u00f3n de Trump"},"content":{"rendered":"<p> \n<\/p>\n<div>\n<p class=\"speakable\">Corea del Norte dispar\u00f3 un misil bal\u00edstico por primera vez desde que el presidente electo Trump consigui\u00f3 la reelecci\u00f3n el lunes.<\/p>\n<p class=\"speakable\">El r\u00e9gimen del dictador norcoreano Kim Jong Un lanz\u00f3 por \u00faltima vez una prueba de misiles el 5 de noviembre, cuando los estadounidenses se dirig\u00edan a las urnas. La prueba del lunes es otra se\u00f1al de que Kim aparentemente no tiene planes de desarrollar una relaci\u00f3n m\u00e1s estrecha con Trump que la que ten\u00eda con el presidente Biden.<\/p>\n<p>La prueba se produce m\u00e1s de una semana despu\u00e9s de que el partido gobernante de Corea del Norte celebrara su reuni\u00f3n anual en Pyongyang. El medio de comunicaci\u00f3n estatal KCNA dijo que los l\u00edderes del partido condenaron las asociaciones en curso entre Estados Unidos, Jap\u00f3n y Corea del Sur, calific\u00e1ndolas de un \u00abbloque militar nuclear\u00bb.<\/p>\n<p>\u00abEsta realidad muestra claramente en qu\u00e9 direcci\u00f3n debemos avanzar y qu\u00e9 debemos hacer y c\u00f3mo\u00bb, dijo el Partido de los Trabajadores de Corea en un comunicado.<\/p>\n<p><strong><u>COREA DEL SUR IMPONE PROHIBICI\u00d3N DE VIAJAR AL PRESIDENTE YOON POR DECLARACI\u00d3N DE LEY MARCIAL<\/u><\/strong><\/p>\n<div class=\"image-ct inline\">\n<div class=\"m\"><picture><source media=\"(max-width: 767px)\" srcset=\"https:\/\/a57.foxnews.com\/static.foxnews.com\/foxnews.com\/content\/uploads\/2024\/11\/343\/192\/north-korea-2.png?ve=1&amp;tl=1, https:\/\/a57.foxnews.com\/static.foxnews.com\/foxnews.com\/content\/uploads\/2024\/11\/686\/384\/north-korea-2.png?ve=1&amp;tl=1 2x\" height=\"192\" width=\"343\"><source media=\"(min-width: 768px) and (max-width: 1023px)\" srcset=\"https:\/\/a57.foxnews.com\/static.foxnews.com\/foxnews.com\/content\/uploads\/2024\/11\/672\/378\/north-korea-2.png?ve=1&amp;tl=1, https:\/\/a57.foxnews.com\/static.foxnews.com\/foxnews.com\/content\/uploads\/2024\/11\/1344\/756\/north-korea-2.png?ve=1&amp;tl=1 2x\" height=\"378\" width=\"672\"><source media=\"(min-width: 1024px) and (max-width: 1279px)\" srcset=\"https:\/\/a57.foxnews.com\/static.foxnews.com\/foxnews.com\/content\/uploads\/2024\/11\/931\/523\/north-korea-2.png?ve=1&amp;tl=1, https:\/\/a57.foxnews.com\/static.foxnews.com\/foxnews.com\/content\/uploads\/2024\/11\/1862\/1046\/north-korea-2.png?ve=1&amp;tl=1 2x\" height=\"523\" width=\"931\"><source media=\"(min-width: 1280px)\" srcset=\"https:\/\/a57.foxnews.com\/static.foxnews.com\/foxnews.com\/content\/uploads\/2024\/11\/720\/405\/north-korea-2.png?ve=1&amp;tl=1, https:\/\/a57.foxnews.com\/static.foxnews.com\/foxnews.com\/content\/uploads\/2024\/11\/1440\/810\/north-korea-2.png?ve=1&amp;tl=1 2x\" height=\"405\" width=\"720\"><img loading=\"lazy\" decoding=\"async\" src=\"https:\/\/a57.foxnews.com\/static.foxnews.com\/foxnews.com\/content\/uploads\/2024\/11\/1200\/675\/north-korea-2.png?ve=1&amp;tl=1\" alt=\"COREA DEL NORTE\" width=\"1200\" height=\"675\"\/><\/source><\/source><\/source><\/source><\/picture><\/div>\n<div class=\"info\">\n<div class=\"caption\">\n<p><span>ARCHIVO: En esta fotograf\u00eda proporcionada por el gobierno de Corea del Norte, el l\u00edder norcoreano Kim Jong Un, izquierda, supervisa ejercicios de disparo de artiller\u00eda en Corea del Norte, el 7 de marzo de 2024.<\/span> <span>(Agencia Central de Noticias de Corea\/Servicio de Noticias de Corea v\u00eda AP)<\/span><\/p>\n<\/div>\n<\/div>\n<\/div>\n<p>La reuni\u00f3n se produjo como <u>Corea del Norte se enfrenta<\/u> creciente tensi\u00f3n con los gobiernos occidentales despu\u00e9s del env\u00edo de tropas para ayudar en la invasi\u00f3n rusa de Ucrania este oto\u00f1o.<\/p>\n<p><strong><u>EL PRESIDENTE DE COREA DEL SUR SE DISCULPA POR DECLARAR LA LEY MARCIAL ANTES DE LA VOTACI\u00d3N DE IMPEACHMENT<\/u><\/strong><\/p>\n<p>El r\u00e9gimen de Kim tambi\u00e9n conden\u00f3 a Corea del Sur como un \u00abpuesto de avanzada anticomunista\u00bb tras las reuniones de esta semana, en referencia a <u>El presidente Yoon Suk-Yeoul<\/u> intento de imponer la ley marcial en diciembre.<\/p>\n<div class=\"image-ct inline\">\n<div class=\"m\"><picture><source media=\"(max-width: 767px)\" srcset=\"https:\/\/a57.foxnews.com\/static.foxnews.com\/foxnews.com\/content\/uploads\/2024\/12\/343\/192\/image-5.png?ve=1&amp;tl=1, https:\/\/a57.foxnews.com\/static.foxnews.com\/foxnews.com\/content\/uploads\/2024\/12\/686\/384\/image-5.png?ve=1&amp;tl=1 2x\" height=\"192\" width=\"343\"><source media=\"(min-width: 768px) and (max-width: 1023px)\" srcset=\"https:\/\/a57.foxnews.com\/static.foxnews.com\/foxnews.com\/content\/uploads\/2024\/12\/672\/378\/image-5.png?ve=1&amp;tl=1, https:\/\/a57.foxnews.com\/static.foxnews.com\/foxnews.com\/content\/uploads\/2024\/12\/1344\/756\/image-5.png?ve=1&amp;tl=1 2x\" height=\"378\" width=\"672\"><source media=\"(min-width: 1024px) and (max-width: 1279px)\" srcset=\"https:\/\/a57.foxnews.com\/static.foxnews.com\/foxnews.com\/content\/uploads\/2024\/12\/931\/523\/image-5.png?ve=1&amp;tl=1, https:\/\/a57.foxnews.com\/static.foxnews.com\/foxnews.com\/content\/uploads\/2024\/12\/1862\/1046\/image-5.png?ve=1&amp;tl=1 2x\" height=\"523\" width=\"931\"><source media=\"(min-width: 1280px)\" srcset=\"https:\/\/a57.foxnews.com\/static.foxnews.com\/foxnews.com\/content\/uploads\/2024\/12\/720\/405\/image-5.png?ve=1&amp;tl=1, https:\/\/a57.foxnews.com\/static.foxnews.com\/foxnews.com\/content\/uploads\/2024\/12\/1440\/810\/image-5.png?ve=1&amp;tl=1 2x\" height=\"405\" width=\"720\"><img loading=\"lazy\" decoding=\"async\" src=\"https:\/\/a57.foxnews.com\/static.foxnews.com\/foxnews.com\/content\/uploads\/2024\/12\/1200\/675\/image-5.png?ve=1&amp;tl=1\" alt=\"Donald Trump se\u00f1ala a la audiencia\" width=\"1200\" height=\"675\"\/><\/source><\/source><\/source><\/source><\/picture><\/div>\n<div class=\"info\">\n<div class=\"caption\">\n<p><span>El presidente electo Donald Trump intent\u00f3 trabar amistad con Kim Jong Un durante su primera administraci\u00f3n.<\/span> <span>(Naci\u00f3n Fox)<\/span><\/p>\n<\/div>\n<\/div>\n<\/div>\n<p>Corea del Norte permaneci\u00f3 en silencio durante aproximadamente una semana despu\u00e9s <u>El intento de Yoon,<\/u> que fue frustrado por la legislatura de la naci\u00f3n. El r\u00e9gimen de Kim Jong Un finalmente coment\u00f3 sobre el tema a trav\u00e9s de su medio de comunicaci\u00f3n estatal el 11 de diciembre.<\/p>\n<p>\u00abEl impactante incidente del r\u00e9gimen t\u00edtere de Yoon Suk Yeol, que se enfrentaba a una grave crisis de gobernanza y a una crisis de impeachment, declar\u00f3 repentinamente un decreto de ley marcial y empu\u00f1\u00f3 sin vacilar las armas y cuchillos de su dictadura fascista\u00bb, dijo KCNA en un informe.<\/p>\n<p>\u00abLa comunidad internacional observa con severidad, y considera que el incidente de la ley marcial expuso las vulnerabilidades de la sociedad surcoreana&#8230; y que la vida pol\u00edtica de Yoon Suk Yeol podr\u00eda afrontar un final prematuro\u00bb, a\u00f1adi\u00f3 KCNA.<\/p>\n<div class=\"image-ct inline\">\n<div class=\"m\"><picture><source media=\"(max-width: 767px)\" srcset=\"https:\/\/a57.foxnews.com\/static.foxnews.com\/foxnews.com\/content\/uploads\/2024\/11\/343\/192\/nk-soldiers.jpg?ve=1&amp;tl=1, https:\/\/a57.foxnews.com\/static.foxnews.com\/foxnews.com\/content\/uploads\/2024\/11\/686\/384\/nk-soldiers.jpg?ve=1&amp;tl=1 2x\" height=\"192\" width=\"343\"><source media=\"(min-width: 768px) and (max-width: 1023px)\" srcset=\"https:\/\/a57.foxnews.com\/static.foxnews.com\/foxnews.com\/content\/uploads\/2024\/11\/672\/378\/nk-soldiers.jpg?ve=1&amp;tl=1, https:\/\/a57.foxnews.com\/static.foxnews.com\/foxnews.com\/content\/uploads\/2024\/11\/1344\/756\/nk-soldiers.jpg?ve=1&amp;tl=1 2x\" height=\"378\" width=\"672\"><source media=\"(min-width: 1024px) and (max-width: 1279px)\" srcset=\"https:\/\/a57.foxnews.com\/static.foxnews.com\/foxnews.com\/content\/uploads\/2024\/11\/931\/523\/nk-soldiers.jpg?ve=1&amp;tl=1, https:\/\/a57.foxnews.com\/static.foxnews.com\/foxnews.com\/content\/uploads\/2024\/11\/1862\/1046\/nk-soldiers.jpg?ve=1&amp;tl=1 2x\" height=\"523\" width=\"931\"><source media=\"(min-width: 1280px)\" srcset=\"https:\/\/a57.foxnews.com\/static.foxnews.com\/foxnews.com\/content\/uploads\/2024\/11\/720\/405\/nk-soldiers.jpg?ve=1&amp;tl=1, https:\/\/a57.foxnews.com\/static.foxnews.com\/foxnews.com\/content\/uploads\/2024\/11\/1440\/810\/nk-soldiers.jpg?ve=1&amp;tl=1 2x\" height=\"405\" width=\"720\"><img loading=\"lazy\" decoding=\"async\" src=\"https:\/\/a57.foxnews.com\/static.foxnews.com\/foxnews.com\/content\/uploads\/2024\/11\/1200\/675\/nk-soldiers.jpg?ve=1&amp;tl=1\" alt=\"soldados de corea del norte\" width=\"1200\" height=\"675\"\/><\/source><\/source><\/source><\/source><\/picture><\/div>\n<div class=\"info\">\n<div class=\"caption\">\n<p><span>El l\u00edder norcoreano Kim Jong Un, centro, se re\u00fane con soldados que participaron en un entrenamiento en Corea del Norte, el 13 de marzo de 2024.<\/span> <span>(Agencia Central de Noticias de Corea\/Servicio de Noticias de Corea v\u00eda AP, archivo)<\/span><\/p>\n<\/div>\n<\/div>\n<\/div>\n<p><strong><u>HAGA CLIC AQU\u00cd PARA OBTENER LA APLICACI\u00d3N FOX NEWS<\/u><\/strong><\/p>\n<p>La legislatura de Corea del Sur acus\u00f3 a Yoon poco despu\u00e9s de su toma de poder, y un tribunal nacional est\u00e1 deliberando sobre si se confirma su destituci\u00f3n.<\/p>\n<p> <!----> <\/p>\n<div class=\"article-meta\">\n<div class=\"author-bio\">\n<p>Anders Hagstrom es reportero de Fox News Digital que cubre la pol\u00edtica nacional y las principales noticias de \u00faltima hora. Env\u00ede sugerencias a Anders.Hagstrom@Fox.com, o en Twitter: @Hagstrom_Anders.<\/p>\n<\/div>\n<\/div><\/div>\n\n","protected":false},"excerpt":{"rendered":"<p>Corea del Norte dispar\u00f3 un misil bal\u00edstico por primera vez desde que el presidente electo Trump consigui\u00f3 la reelecci\u00f3n el lunes. El r\u00e9gimen del dictador norcoreano Kim Jong Un lanz\u00f3 por \u00faltima vez una prueba de misiles el 5 de noviembre, cuando los estadounidenses se dirig\u00edan a las urnas. La prueba del lunes es otra &hellip;<\/p>\n","protected":false},"author":1,"featured_media":9296,"comment_status":"open","ping_status":"open","sticky":false,"template":"","format":"standard","meta":{"fifu_image_url":"https:\/\/static.foxnews.com\/foxnews.com\/content\/uploads\/2024\/11\/north-korea-2.png","fifu_image_alt":"","footnotes":""},"categories":[13],"tags":[],"class_list":["post-9294","post","type-post","status-publish","format-standard","has-post-thumbnail","","category-mundo"],"_links":{"self":[{"href":"https:\/\/noticiasveraces.com\/index.php?rest_route=\/wp\/v2\/posts\/9294","targetHints":{"allow":["GET"]}}],"collection":[{"href":"https:\/\/noticiasveraces.com\/index.php?rest_route=\/wp\/v2\/posts"}],"about":[{"href":"https:\/\/noticiasveraces.com\/index.php?rest_route=\/wp\/v2\/types\/post"}],"author":[{"embeddable":true,"href":"https:\/\/noticiasveraces.com\/index.php?rest_route=\/wp\/v2\/users\/1"}],"replies":[{"embeddable":true,"href":"https:\/\/noticiasveraces.com\/index.php?rest_route=%2Fwp%2Fv2%2Fcomments&post=9294"}],"version-history":[{"count":0,"href":"https:\/\/noticiasveraces.com\/index.php?rest_route=\/wp\/v2\/posts\/9294\/revisions"}],"wp:featuredmedia":[{"embeddable":true,"href":"https:\/\/noticiasveraces.com\/index.php?rest_route=\/wp\/v2\/media\/9296"}],"wp:attachment":[{"href":"https:\/\/noticiasveraces.com\/index.php?rest_route=%2Fwp%2Fv2%2Fmedia&parent=9294"}],"wp:term":[{"taxonomy":"category","embeddable":true,"href":"https:\/\/noticiasveraces.com\/index.php?rest_route=%2Fwp%2Fv2%2Fcategories&post=9294"},{"taxonomy":"post_tag","embeddable":true,"href":"https:\/\/noticiasveraces.com\/index.php?rest_route=%2Fwp%2Fv2%2Ftags&post=9294"}],"curies":[{"name":"wp","href":"https:\/\/api.w.org\/{rel}","templated":true}]}}