{"id":9288,"date":"2025-01-06T08:25:12","date_gmt":"2025-01-06T12:25:12","guid":{"rendered":"https:\/\/noticiasveraces.com\/?p=9288"},"modified":"2025-01-06T08:25:12","modified_gmt":"2025-01-06T12:25:12","slug":"el-barca-convoca-a-olmo-y-pau-victor-para-la-supercopa-sin-tener-licencia","status":"publish","type":"post","link":"https:\/\/noticiasveraces.com\/?p=9288","title":{"rendered":"El Bar\u00e7a convoca a Olmo y Pau V\u00edctor para la Supercopa \u00a1Sin tener licencia!"},"content":{"rendered":"<p> \n<\/p>\n<div id=\"intext\">\n<p>El FC Barcelona pone rumbo este mediod\u00eda a Arabia Saud\u00ed, donde disputar\u00e1n la <b>Supercopa de Espa\u00f1a<\/b> ante el Athletic, al igual que el Real Madrid y Mallorca, que se medir\u00e1n entre s\u00ed. El entrenador del conjunto cul\u00e9, Hansi Flick, ofreci\u00f3 tras la \u00faltima sesi\u00f3n de entrenamiento del equipo antes de viajar, la lista con la convocatoria oficial, en la que destacan <b>algunas sorpresas<\/b>.<\/p>\n<p>Tanto Dani Olmo como Pau V\u00edctor figuran en la lista de convocados de Hansi Flick de cara al partido de semifinales de Supercopa ante el Athletic a pesar de <b>no tener licencia para jugar<\/b>. el club <b>no envi\u00f3 a tiempo la documentaci\u00f3n<\/b> que le permitir\u00eda ampliar su presupuesto de plantilla y <b>no pude inscribir<\/b> a los dos futbolistas. A pesar de esto, los azulgranas <b>confiado en obtener la cautelar\u00edsima<\/b> que han solicitado al <b>CDS <\/b>(Comit\u00e9 Superior de Deportes) y poder contar con ambos jugadores este mi\u00e9rcoles en Yeda. <\/p>\n<p>Ahora mismo el futuro de Olmo y Pau V\u00edctor est\u00e1 <b>en manos del gobierno<\/b>y probablemente, tambi\u00e9n el futuro de<b> Juan Laporta<\/b> al frente de la instituci\u00f3n cul\u00e9, ya que ante la negativa del CSD o la justicia ordinaria a permitir la inscripci\u00f3n de estos futbolistas, se activar\u00eda de<b> inmediata una moci\u00f3n de censura<\/b> contra el presidente del Bar\u00e7a por parte de los grupos de oposici\u00f3n, aprovechando el <b>malestar social<\/b>.<\/p>\n<p>Pau V\u00edctor y Dani Olmo tambi\u00e9n viajan para <b>seguir con la din\u00e1mica del primer equipo<\/b>ya que el cuerpo t\u00e9cnico, as\u00ed como los fisios y los preparadores f\u00edsicos viajan en un vuelo ch\u00e1rter junto con el resto de la plantilla a Arabia. A su vez, tambi\u00e9n viajar\u00e1n Ferran Torres, Christensen, H\u00e9ctor Fort y Lamine Yamal, ya <b>recuperados<\/b> de sus respectivas lesiones y reincorporados a la din\u00e1mica de grupo. Los cuatro futbolistas <b>se entrenaron sin problemas<\/b> en la \u00faltima sesi\u00f3n de preparaci\u00f3n previa al viaje a Arabia, todav\u00eda <b>no han obtenido la alta m\u00e9dica<\/b>pero se espera que la reciban para el partido de semifinal.<\/p>\n<p>Ter Stegen, pese a ser el capit\u00e1n de la plantilla, no viajar\u00e1 con el equipo por su lesi\u00f3n. En cambio, Marc Bernal, que fue operado en septiembre de una rotura del ligamento cruzado anterior de la rodilla izquierda, si que acudir\u00e1 a la cita <b>por petici\u00f3n propia<\/b>ya que quiere apoyar a sus compa\u00f1eros desde la grada.<\/p>\n<h2 class=\"title-h2\">La oposici\u00f3n a Laporta<\/h2>\n<p>Los <b>diversos grupos de oposici\u00f3n<\/b> al actual presidente del Bar\u00e7a, como &#8216;Si al Futur&#8217;, liderado por <b>V\u00edctor Font<\/b>&#8216;Som un clam&#8217;, de <b>Joan Camprub\u00ed<\/b>as\u00ed como <b>ocho grupos m\u00e1s<\/b>han firmado un comunicado conjunto en el que piden <b>\u00abla dimisi\u00f3n inmediata\u00bb <\/b>de la directiva. Seg\u00fan estos colectivos, el caso Dani Olmo y Pau V\u00edctor es el \u00ab\u00faltimo episodio de negligencias en el que debe estar la directiva de Joan Laporta\u00bb, y a\u00f1aden que \u00abahora es el momento de demostrar el verdadero barcelonismo\u00bb.<\/p>\n<p>\u00abDeben dimitir para <b>dejar paso<\/b> a una nueva etapa con nuevas formas de gesti\u00f3n y con personas que tengan la energ\u00eda y determinaci\u00f3n necesarias para <b>revitalizar una entidad necesaria<\/b> de cambio y gesti\u00f3n profesional. Les pedimos, por tanto, que dimitan de forma inmediata\u00bb, aseveran en el comunicado.<\/p>\n<div class=\"recirculation-video\" data-mod=\"a3mod_recirculation_video\">\n<div class=\"recirculation-video-wrapper\">\n<div>\n<div class=\"video-wrapper\">\n  <picture class=\"video-main-picture\"><source media=\"(min-width: 481px)\" srcset=\"https:\/\/fotografias.antena3.com\/clipping\/cmsimages01\/2025\/01\/04\/1C5B97CE-24B6-49E8-834D-9BC6CEA89094\/vinicius-golpea-cara-dimitrievski_94.jpg?crop=1920,1080,x0,y0&amp;width=800&amp;height=450&amp;optimize=medium&amp;format=webply\" width=\"800\" height=\"450\"><source media=\"(min-width: 391px) and (max-width: 480px)\" srcset=\"https:\/\/fotografias.antena3.com\/clipping\/cmsimages01\/2025\/01\/04\/1C5B97CE-24B6-49E8-834D-9BC6CEA89094\/vinicius-golpea-cara-dimitrievski_70.jpg?crop=1920,1080,x0,y0&amp;width=480&amp;height=270&amp;optimize=high&amp;format=webply\" width=\"480\" height=\"270\"><source media=\"(min-width: 321px) and (max-width: 390px)\" srcset=\"https:\/\/fotografias.antena3.com\/clipping\/cmsimages01\/2025\/01\/04\/1C5B97CE-24B6-49E8-834D-9BC6CEA89094\/vinicius-golpea-cara-dimitrievski_92.jpg?crop=1920,1078,x0,y0&amp;width=390&amp;height=219&amp;optimize=high&amp;format=webply\" width=\"390\" height=\"219\"><source media=\"(max-width: 320px)\" srcset=\"https:\/\/fotografias.antena3.com\/clipping\/cmsimages01\/2025\/01\/04\/1C5B97CE-24B6-49E8-834D-9BC6CEA89094\/vinicius-golpea-cara-dimitrievski_52.jpg?crop=1920,1080,x0,y0&amp;width=320&amp;height=180&amp;optimize=high&amp;format=webply\" width=\"320\" height=\"180\"><img decoding=\"async\" title=\"Vin\u00edcius golpea en la cara a Dimitrievski\" alt=\"Vin\u00edcius golpea en la cara a Dimitrievski\" width=\"480\" height=\"270\" src=\"https:\/\/fotografias.antena3.com\/clipping\/cmsimages01\/2025\/01\/04\/1C5B97CE-24B6-49E8-834D-9BC6CEA89094\/vinicius-golpea-cara-dimitrievski_70.jpg?crop=1920,1080,x0,y0&amp;width=480&amp;height=270&amp;optimize=high&amp;format=webply\" loading=\"lazy\" class=\"lazy\"\/><br \/>\n  <\/source><\/source><\/source><\/source><\/picture>\n <\/div>\n<\/div><\/div>\n<\/p><\/div>\n<\/div>\n\n","protected":false},"excerpt":{"rendered":"<p>El FC Barcelona pone rumbo este mediod\u00eda a Arabia Saud\u00ed, donde disputar\u00e1n la Supercopa de Espa\u00f1a ante el Athletic, al igual que el Real Madrid y Mallorca, que se medir\u00e1n entre s\u00ed. El entrenador del conjunto cul\u00e9, Hansi Flick, ofreci\u00f3 tras la \u00faltima sesi\u00f3n de entrenamiento del equipo antes de viajar, la lista con la &hellip;<\/p>\n","protected":false},"author":1,"featured_media":9290,"comment_status":"open","ping_status":"open","sticky":false,"template":"","format":"standard","meta":{"fifu_image_url":"https:\/\/fotografias.antena3.com\/clipping\/cmsimages01\/2025\/01\/06\/F7679761-8EA9-4D19-B560-C53A7648CEE0\/dani-olmo-calentando_69.jpg?crop=1920,1080,x0,y99&width=1280&height=720&optimize=low&format=jpg","fifu_image_alt":"","footnotes":""},"categories":[6],"tags":[],"class_list":["post-9288","post","type-post","status-publish","format-standard","has-post-thumbnail","","category-deportes"],"_links":{"self":[{"href":"https:\/\/noticiasveraces.com\/index.php?rest_route=\/wp\/v2\/posts\/9288","targetHints":{"allow":["GET"]}}],"collection":[{"href":"https:\/\/noticiasveraces.com\/index.php?rest_route=\/wp\/v2\/posts"}],"about":[{"href":"https:\/\/noticiasveraces.com\/index.php?rest_route=\/wp\/v2\/types\/post"}],"author":[{"embeddable":true,"href":"https:\/\/noticiasveraces.com\/index.php?rest_route=\/wp\/v2\/users\/1"}],"replies":[{"embeddable":true,"href":"https:\/\/noticiasveraces.com\/index.php?rest_route=%2Fwp%2Fv2%2Fcomments&post=9288"}],"version-history":[{"count":0,"href":"https:\/\/noticiasveraces.com\/index.php?rest_route=\/wp\/v2\/posts\/9288\/revisions"}],"wp:featuredmedia":[{"embeddable":true,"href":"https:\/\/noticiasveraces.com\/index.php?rest_route=\/wp\/v2\/media\/9290"}],"wp:attachment":[{"href":"https:\/\/noticiasveraces.com\/index.php?rest_route=%2Fwp%2Fv2%2Fmedia&parent=9288"}],"wp:term":[{"taxonomy":"category","embeddable":true,"href":"https:\/\/noticiasveraces.com\/index.php?rest_route=%2Fwp%2Fv2%2Fcategories&post=9288"},{"taxonomy":"post_tag","embeddable":true,"href":"https:\/\/noticiasveraces.com\/index.php?rest_route=%2Fwp%2Fv2%2Ftags&post=9288"}],"curies":[{"name":"wp","href":"https:\/\/api.w.org\/{rel}","templated":true}]}}