{"id":9274,"date":"2025-01-06T07:10:14","date_gmt":"2025-01-06T11:10:14","guid":{"rendered":"https:\/\/noticiasveraces.com\/?p=9274"},"modified":"2025-01-06T07:10:14","modified_gmt":"2025-01-06T11:10:14","slug":"victima-del-ataque-al-mercado-navideno-aleman-muere-en-el-hospital-semanas-despues","status":"publish","type":"post","link":"https:\/\/noticiasveraces.com\/?p=9274","title":{"rendered":"V\u00edctima del ataque al mercado navide\u00f1o alem\u00e1n muere en el hospital semanas despu\u00e9s"},"content":{"rendered":"<p> \n<\/p>\n<div>\n<p class=\"speakable\">El n\u00famero de muertos en el ataque del mes pasado en un mercado navide\u00f1o alem\u00e1n asciende ahora a seis, despu\u00e9s de que una mujer no pudiera recuperarse de sus heridas.<\/p>\n<p class=\"speakable\">La v\u00edctima, que s\u00f3lo fue identificada como una mujer de 52 a\u00f1os, muri\u00f3 en un hospital el lunes a causa de las heridas que sufri\u00f3 durante el ataque del 20 de diciembre, seg\u00fan The Associated Press.<\/p>\n<p>Ella fue una de los cientos de heridos cuando un m\u00e9dico saud\u00ed de 50 a\u00f1os conduc\u00eda un veh\u00edculo por un concurrido mercado navide\u00f1o en Magdeburgo. Fue arrestado inmediatamente despu\u00e9s del ataque.<\/p>\n<p>Cinco personas murieron en el lugar y algunos de los heridos fueron hospitalizados en estado cr\u00edtico.<\/p>\n<p><strong>5 MUERTOS Y MUCHOS HERIDOS DESPU\u00c9S DE QUE UN HOMBRE ENTRARA EN EL MERCADO DE NAVIDAD ALEM\u00c1N EN UN PRESUNTO ATAQUE TERRORISTA: INFORME<\/strong><\/p>\n<div class=\"image-ct inline\">\n<div class=\"m\"><picture><source media=\"(max-width: 767px)\" srcset=\"https:\/\/a57.foxnews.com\/static.foxnews.com\/foxnews.com\/content\/uploads\/2024\/12\/343\/192\/germany_ap_car_crowd.jpg?ve=1&amp;tl=1, https:\/\/a57.foxnews.com\/static.foxnews.com\/foxnews.com\/content\/uploads\/2024\/12\/686\/384\/germany_ap_car_crowd.jpg?ve=1&amp;tl=1 2x\" height=\"192\" width=\"343\"><source media=\"(min-width: 768px) and (max-width: 1023px)\" srcset=\"https:\/\/a57.foxnews.com\/static.foxnews.com\/foxnews.com\/content\/uploads\/2024\/12\/672\/378\/germany_ap_car_crowd.jpg?ve=1&amp;tl=1, https:\/\/a57.foxnews.com\/static.foxnews.com\/foxnews.com\/content\/uploads\/2024\/12\/1344\/756\/germany_ap_car_crowd.jpg?ve=1&amp;tl=1 2x\" height=\"378\" width=\"672\"><source media=\"(min-width: 1024px) and (max-width: 1279px)\" srcset=\"https:\/\/a57.foxnews.com\/static.foxnews.com\/foxnews.com\/content\/uploads\/2024\/12\/931\/523\/germany_ap_car_crowd.jpg?ve=1&amp;tl=1, https:\/\/a57.foxnews.com\/static.foxnews.com\/foxnews.com\/content\/uploads\/2024\/12\/1862\/1046\/germany_ap_car_crowd.jpg?ve=1&amp;tl=1 2x\" height=\"523\" width=\"931\"><source media=\"(min-width: 1280px)\" srcset=\"https:\/\/a57.foxnews.com\/static.foxnews.com\/foxnews.com\/content\/uploads\/2024\/12\/720\/405\/germany_ap_car_crowd.jpg?ve=1&amp;tl=1, https:\/\/a57.foxnews.com\/static.foxnews.com\/foxnews.com\/content\/uploads\/2024\/12\/1440\/810\/germany_ap_car_crowd.jpg?ve=1&amp;tl=1 2x\" height=\"405\" width=\"720\"><img loading=\"lazy\" decoding=\"async\" src=\"https:\/\/a57.foxnews.com\/static.foxnews.com\/foxnews.com\/content\/uploads\/2024\/12\/1200\/675\/germany_ap_car_crowd.jpg?ve=1&amp;tl=1\" alt=\"Rescatistas en Alemania\" width=\"1200\" height=\"675\"\/><\/source><\/source><\/source><\/source><\/picture><\/div>\n<div class=\"info\">\n<div class=\"caption\">\n<p><span>Una mujer que result\u00f3 herida durante el ataque del 20 de diciembre en un mercado navide\u00f1o alem\u00e1n muri\u00f3 en un hospital el lunes, elevando el n\u00famero de muertos a seis.<\/span> <span>(D\u00f6rthe Hein\/Picture Alliance v\u00eda Getty Images)<\/span><\/p>\n<\/div>\n<\/div>\n<\/div>\n<p>Las otras v\u00edctimas asesinadas incluyen un ni\u00f1o de 9 a\u00f1os y cuatro mujeres de 45, 52, 67 y 75 a\u00f1os.<\/p>\n<p>Se han publicado detalles limitados tras el ataque y el sospechoso no ha sido identificado, pero anteriormente se inform\u00f3 que lleg\u00f3 a Alemania en 2006 y era residente permanente del pa\u00eds.<\/p>\n<p><strong>GRUPO PRO-ISIS LLAMA A LOS MUSULMANES A REALIZAR ATAQUES DE NYE ANTE LA MASACRE DE NUEVA ORLEANS<\/strong><\/p>\n<p>Si bien el ataque fue descrito inicialmente como un presunto acto de terrorismo, The Associated Press informa que el sospechoso \u00abno encaja en el perfil habitual de los perpetradores de ataques extremistas\u00bb.<\/p>\n<div class=\"image-ct inline\">\n<div class=\"m\"><picture><source media=\"(max-width: 767px)\" srcset=\"https:\/\/a57.foxnews.com\/static.foxnews.com\/foxnews.com\/content\/uploads\/2024\/12\/343\/192\/mad.jpg?ve=1&amp;tl=1, https:\/\/a57.foxnews.com\/static.foxnews.com\/foxnews.com\/content\/uploads\/2024\/12\/686\/384\/mad.jpg?ve=1&amp;tl=1 2x\" height=\"192\" width=\"343\"><source media=\"(min-width: 768px) and (max-width: 1023px)\" srcset=\"https:\/\/a57.foxnews.com\/static.foxnews.com\/foxnews.com\/content\/uploads\/2024\/12\/672\/378\/mad.jpg?ve=1&amp;tl=1, https:\/\/a57.foxnews.com\/static.foxnews.com\/foxnews.com\/content\/uploads\/2024\/12\/1344\/756\/mad.jpg?ve=1&amp;tl=1 2x\" height=\"378\" width=\"672\"><source media=\"(min-width: 1024px) and (max-width: 1279px)\" srcset=\"https:\/\/a57.foxnews.com\/static.foxnews.com\/foxnews.com\/content\/uploads\/2024\/12\/931\/523\/mad.jpg?ve=1&amp;tl=1, https:\/\/a57.foxnews.com\/static.foxnews.com\/foxnews.com\/content\/uploads\/2024\/12\/1862\/1046\/mad.jpg?ve=1&amp;tl=1 2x\" height=\"523\" width=\"931\"><source media=\"(min-width: 1280px)\" srcset=\"https:\/\/a57.foxnews.com\/static.foxnews.com\/foxnews.com\/content\/uploads\/2024\/12\/720\/405\/mad.jpg?ve=1&amp;tl=1, https:\/\/a57.foxnews.com\/static.foxnews.com\/foxnews.com\/content\/uploads\/2024\/12\/1440\/810\/mad.jpg?ve=1&amp;tl=1 2x\" height=\"405\" width=\"720\"><img loading=\"lazy\" decoding=\"async\" src=\"https:\/\/a57.foxnews.com\/static.foxnews.com\/foxnews.com\/content\/uploads\/2024\/12\/1200\/675\/mad.jpg?ve=1&amp;tl=1\" alt=\"Mercado navide\u00f1o de Alemania\" width=\"1200\" height=\"675\"\/><\/source><\/source><\/source><\/source><\/picture><\/div>\n<div class=\"info\">\n<div class=\"caption\">\n<p><span>Cinco personas murieron en el lugar del ataque y cientos resultaron heridas.<\/span> <span>(Heiko Rebsch\/dpa v\u00eda AP)<\/span><\/p>\n<\/div>\n<\/div>\n<\/div>\n<p>Supuestamente se describi\u00f3 a s\u00ed mismo como un ex musulm\u00e1n y critic\u00f3 al Islam mientras mostraba en las redes sociales su apoyo a la extrema derecha.<\/p>\n<p>\u00abEl perpetrador de Magdeburgo hab\u00eda llamado la atenci\u00f3n en repetidas ocasiones con amenazas de cr\u00edmenes. Tambi\u00e9n hubo advertencias sobre \u00e9l, pero, seg\u00fan se sabe hasta ahora, sus declaraciones pol\u00edticas eran tan confusas que ninguno de los patrones de las autoridades de seguridad le conven\u00eda\u00bb, dijo el ministro de Justicia alem\u00e1n, Volker. dijo Wissing al grupo de peri\u00f3dicos Funke el mes pasado, a trav\u00e9s de The AP.<\/p>\n<p><strong><u>HAGA CLIC AQU\u00cd PARA OBTENER LA APLICACI\u00d3N FOX NEWS<\/u><\/strong><\/p>\n<p>En los d\u00edas posteriores al ataque, los dolientes colocaron montones de flores, animales de peluche, velas y otras chucher\u00edas cerca del lugar del mercado en memoria de las v\u00edctimas.<\/p>\n<div class=\"image-ct inline\">\n<div class=\"m\"><picture><source media=\"(max-width: 767px)\" srcset=\"https:\/\/a57.foxnews.com\/static.foxnews.com\/foxnews.com\/content\/uploads\/2025\/01\/343\/192\/mourners-german-christmas-market-attack.jpg?ve=1&amp;tl=1, https:\/\/a57.foxnews.com\/static.foxnews.com\/foxnews.com\/content\/uploads\/2025\/01\/686\/384\/mourners-german-christmas-market-attack.jpg?ve=1&amp;tl=1 2x\" height=\"192\" width=\"343\"><source media=\"(min-width: 768px) and (max-width: 1023px)\" srcset=\"https:\/\/a57.foxnews.com\/static.foxnews.com\/foxnews.com\/content\/uploads\/2025\/01\/672\/378\/mourners-german-christmas-market-attack.jpg?ve=1&amp;tl=1, https:\/\/a57.foxnews.com\/static.foxnews.com\/foxnews.com\/content\/uploads\/2025\/01\/1344\/756\/mourners-german-christmas-market-attack.jpg?ve=1&amp;tl=1 2x\" height=\"378\" width=\"672\"><source media=\"(min-width: 1024px) and (max-width: 1279px)\" srcset=\"https:\/\/a57.foxnews.com\/static.foxnews.com\/foxnews.com\/content\/uploads\/2025\/01\/931\/523\/mourners-german-christmas-market-attack.jpg?ve=1&amp;tl=1, https:\/\/a57.foxnews.com\/static.foxnews.com\/foxnews.com\/content\/uploads\/2025\/01\/1862\/1046\/mourners-german-christmas-market-attack.jpg?ve=1&amp;tl=1 2x\" height=\"523\" width=\"931\"><source media=\"(min-width: 1280px)\" srcset=\"https:\/\/a57.foxnews.com\/static.foxnews.com\/foxnews.com\/content\/uploads\/2025\/01\/720\/405\/mourners-german-christmas-market-attack.jpg?ve=1&amp;tl=1, https:\/\/a57.foxnews.com\/static.foxnews.com\/foxnews.com\/content\/uploads\/2025\/01\/1440\/810\/mourners-german-christmas-market-attack.jpg?ve=1&amp;tl=1 2x\" height=\"405\" width=\"720\"><img loading=\"lazy\" decoding=\"async\" src=\"https:\/\/a57.foxnews.com\/static.foxnews.com\/foxnews.com\/content\/uploads\/2025\/01\/1200\/675\/mourners-german-christmas-market-attack.jpg?ve=1&amp;tl=1\" alt=\"Los dolientes colocan art\u00edculos cerca del mercado navide\u00f1o alem\u00e1n tras el ataque\" width=\"1200\" height=\"675\"\/><\/source><\/source><\/source><\/source><\/picture><\/div>\n<div class=\"info\">\n<div class=\"caption\">\n<p><span>Los dolientes colocaron cientos de flores, velas y otros art\u00edculos frente a la Iglesia de San Juan, cerca del mercado navide\u00f1o en Magdeburgo, Alemania.<\/span> <span>(Sebasti\u00e1n Willnow\/dpa v\u00eda AP)<\/span><\/p>\n<\/div>\n<\/div>\n<\/div>\n<p><i>La Prensa Asociada contribuy\u00f3 a este informe.<\/i><\/p>\n<p> <!---->  <\/div>\n\n","protected":false},"excerpt":{"rendered":"<p>El n\u00famero de muertos en el ataque del mes pasado en un mercado navide\u00f1o alem\u00e1n asciende ahora a seis, despu\u00e9s de que una mujer no pudiera recuperarse de sus heridas. La v\u00edctima, que s\u00f3lo fue identificada como una mujer de 52 a\u00f1os, muri\u00f3 en un hospital el lunes a causa de las heridas que sufri\u00f3 &hellip;<\/p>\n","protected":false},"author":1,"featured_media":9276,"comment_status":"open","ping_status":"open","sticky":false,"template":"","format":"standard","meta":{"fifu_image_url":"https:\/\/static.foxnews.com\/foxnews.com\/content\/uploads\/2024\/12\/germany_ap_car_crowd.jpg","fifu_image_alt":"","footnotes":""},"categories":[13],"tags":[],"class_list":["post-9274","post","type-post","status-publish","format-standard","has-post-thumbnail","","category-mundo"],"_links":{"self":[{"href":"https:\/\/noticiasveraces.com\/index.php?rest_route=\/wp\/v2\/posts\/9274","targetHints":{"allow":["GET"]}}],"collection":[{"href":"https:\/\/noticiasveraces.com\/index.php?rest_route=\/wp\/v2\/posts"}],"about":[{"href":"https:\/\/noticiasveraces.com\/index.php?rest_route=\/wp\/v2\/types\/post"}],"author":[{"embeddable":true,"href":"https:\/\/noticiasveraces.com\/index.php?rest_route=\/wp\/v2\/users\/1"}],"replies":[{"embeddable":true,"href":"https:\/\/noticiasveraces.com\/index.php?rest_route=%2Fwp%2Fv2%2Fcomments&post=9274"}],"version-history":[{"count":0,"href":"https:\/\/noticiasveraces.com\/index.php?rest_route=\/wp\/v2\/posts\/9274\/revisions"}],"wp:featuredmedia":[{"embeddable":true,"href":"https:\/\/noticiasveraces.com\/index.php?rest_route=\/wp\/v2\/media\/9276"}],"wp:attachment":[{"href":"https:\/\/noticiasveraces.com\/index.php?rest_route=%2Fwp%2Fv2%2Fmedia&parent=9274"}],"wp:term":[{"taxonomy":"category","embeddable":true,"href":"https:\/\/noticiasveraces.com\/index.php?rest_route=%2Fwp%2Fv2%2Fcategories&post=9274"},{"taxonomy":"post_tag","embeddable":true,"href":"https:\/\/noticiasveraces.com\/index.php?rest_route=%2Fwp%2Fv2%2Ftags&post=9274"}],"curies":[{"name":"wp","href":"https:\/\/api.w.org\/{rel}","templated":true}]}}