{"id":9251,"date":"2025-01-06T02:24:18","date_gmt":"2025-01-06T06:24:18","guid":{"rendered":"https:\/\/noticiasveraces.com\/?p=9251"},"modified":"2025-01-06T02:24:18","modified_gmt":"2025-01-06T06:24:18","slug":"tirotean-al-futbolista-ecuatoriano-richard-mina","status":"publish","type":"post","link":"https:\/\/noticiasveraces.com\/?p=9251","title":{"rendered":"Tirotean al futbolista ecuatoriano Richard Mina"},"content":{"rendered":"<p> \n<\/p>\n<div id=\"intext\">\n<p>El futbolista ecuatoriano Richard Mina, campe\u00f3n de Ecuador en 2024 con la Liga de Quito, result\u00f3 herido de un disparo con arma de fuego en la ciudad portuaria de Guayaquil.<\/p>\n<p>El defensa, de 25 a\u00f1os, fue trasladado a un centro de salud la noche del s\u00e1bado y los primeros informes m\u00e9dicos se\u00f1alan que se encuentra fuera de peligro y en proceso de recuperaci\u00f3n.<\/p>\n<p>Se desconocen a\u00fan las circunstancias en las que el futbolista result\u00f3 herido.<\/p>\n<p>Mina tiene su residencia en la capital ecuatoriana, Quito, pero sus familiares viven en Guayaquil, adonde lleg\u00f3 para disfrutar de sus vacaciones y de las fiestas de Nochevieja tras ganar el t\u00edtulo de la Liga Pro con la Liga de Quito.<\/p>\n<h2 class=\"title-h2\">Triplete de t\u00edtulos<\/h2>\n<p>Mina ha sumado un triplete de trofeos en Ecuador al conquistar con el Aucas el campeonato de la Liga Pro de 2022, y en 2023 y 2024 gan\u00f3 tambi\u00e9n con la Liga de Quito el t\u00edtulo de la Liga Pro.<\/p>\n<p>Adem\u00e1s, gan\u00f3 con el Rey de Copas de Ecuador, como tambi\u00e9n se conoce a la Liga, la Copa Sudamericana de 2023. El pr\u00f3ximo martes su equipo arrancar\u00e1 la pretemporada.<\/p>\n<p><i>>S\u00edguenos en nuestro canal de WhatsApp y no te pierdas la \u00faltima hora y toda la actualidad de antena3noticias.com<\/i><\/p>\n<div class=\"recirculation-video\" data-mod=\"a3mod_recirculation_video\">\n<div class=\"recirculation-video-wrapper\">\n<div>\n<div class=\"video-wrapper\">\n  <picture class=\"video-main-picture\"><source media=\"(min-width: 481px)\" srcset=\"https:\/\/fotografias.antena3.com\/clipping\/cmsimages01\/2025\/01\/05\/9EA6835B-E977-4599-A357-7BF96F13D4A1\/carlo-ancelotti-rueda-prensa_94.jpg?crop=1920,1080,x0,y189&amp;width=800&amp;height=450&amp;optimize=medium&amp;format=webply\" width=\"800\" height=\"450\"><source media=\"(min-width: 391px) and (max-width: 480px)\" srcset=\"https:\/\/fotografias.antena3.com\/clipping\/cmsimages01\/2025\/01\/05\/9EA6835B-E977-4599-A357-7BF96F13D4A1\/carlo-ancelotti-rueda-prensa_70.jpg?crop=1920,1080,x0,y189&amp;width=480&amp;height=270&amp;optimize=high&amp;format=webply\" width=\"480\" height=\"270\"><source media=\"(min-width: 321px) and (max-width: 390px)\" srcset=\"https:\/\/fotografias.antena3.com\/clipping\/cmsimages01\/2025\/01\/05\/9EA6835B-E977-4599-A357-7BF96F13D4A1\/carlo-ancelotti-rueda-prensa_92.jpg?crop=1920,1078,x0,y190&amp;width=390&amp;height=219&amp;optimize=high&amp;format=webply\" width=\"390\" height=\"219\"><source media=\"(max-width: 320px)\" srcset=\"https:\/\/fotografias.antena3.com\/clipping\/cmsimages01\/2025\/01\/05\/9EA6835B-E977-4599-A357-7BF96F13D4A1\/carlo-ancelotti-rueda-prensa_52.jpg?crop=1920,1080,x0,y189&amp;width=320&amp;height=180&amp;optimize=high&amp;format=webply\" width=\"320\" height=\"180\"><img decoding=\"async\" title=\"Carlo Ancelotti en rueda de prensa\" alt=\"Carlo Ancelotti en rueda de prensa\" width=\"480\" height=\"270\" src=\"https:\/\/fotografias.antena3.com\/clipping\/cmsimages01\/2025\/01\/05\/9EA6835B-E977-4599-A357-7BF96F13D4A1\/carlo-ancelotti-rueda-prensa_70.jpg?crop=1920,1080,x0,y189&amp;width=480&amp;height=270&amp;optimize=high&amp;format=webply\" loading=\"lazy\" class=\"lazy\"\/><br \/>\n  <\/source><\/source><\/source><\/source><\/picture>\n <\/div>\n<\/div><\/div>\n<\/p><\/div>\n<\/div>\n\n","protected":false},"excerpt":{"rendered":"<p>El futbolista ecuatoriano Richard Mina, campe\u00f3n de Ecuador en 2024 con la Liga de Quito, result\u00f3 herido de un disparo con arma de fuego en la ciudad portuaria de Guayaquil. El defensa, de 25 a\u00f1os, fue trasladado a un centro de salud la noche del s\u00e1bado y los primeros informes m\u00e9dicos se\u00f1alan que se encuentra &hellip;<\/p>\n","protected":false},"author":1,"featured_media":9253,"comment_status":"open","ping_status":"open","sticky":false,"template":"","format":"standard","meta":{"fifu_image_url":"https:\/\/fotografias.antena3.com\/clipping\/cmsimages01\/2025\/01\/05\/387AE7D5-4EF3-4469-AAE8-7BFF8AE1DAC2\/futbolista-ecuatoriano-richard-mina-pelea-balon_69.jpg?crop=7042,3961,x0,y0&width=1280&height=720&optimize=low&format=jpg","fifu_image_alt":"","footnotes":""},"categories":[6],"tags":[],"class_list":["post-9251","post","type-post","status-publish","format-standard","has-post-thumbnail","","category-deportes"],"_links":{"self":[{"href":"https:\/\/noticiasveraces.com\/index.php?rest_route=\/wp\/v2\/posts\/9251","targetHints":{"allow":["GET"]}}],"collection":[{"href":"https:\/\/noticiasveraces.com\/index.php?rest_route=\/wp\/v2\/posts"}],"about":[{"href":"https:\/\/noticiasveraces.com\/index.php?rest_route=\/wp\/v2\/types\/post"}],"author":[{"embeddable":true,"href":"https:\/\/noticiasveraces.com\/index.php?rest_route=\/wp\/v2\/users\/1"}],"replies":[{"embeddable":true,"href":"https:\/\/noticiasveraces.com\/index.php?rest_route=%2Fwp%2Fv2%2Fcomments&post=9251"}],"version-history":[{"count":0,"href":"https:\/\/noticiasveraces.com\/index.php?rest_route=\/wp\/v2\/posts\/9251\/revisions"}],"wp:featuredmedia":[{"embeddable":true,"href":"https:\/\/noticiasveraces.com\/index.php?rest_route=\/wp\/v2\/media\/9253"}],"wp:attachment":[{"href":"https:\/\/noticiasveraces.com\/index.php?rest_route=%2Fwp%2Fv2%2Fmedia&parent=9251"}],"wp:term":[{"taxonomy":"category","embeddable":true,"href":"https:\/\/noticiasveraces.com\/index.php?rest_route=%2Fwp%2Fv2%2Fcategories&post=9251"},{"taxonomy":"post_tag","embeddable":true,"href":"https:\/\/noticiasveraces.com\/index.php?rest_route=%2Fwp%2Fv2%2Ftags&post=9251"}],"curies":[{"name":"wp","href":"https:\/\/api.w.org\/{rel}","templated":true}]}}